{"id":50467,"date":"2018-05-09T21:57:07","date_gmt":"2018-05-10T00:57:07","guid":{"rendered":"http:\/\/caririemacao.com\/1\/?p=50467"},"modified":"2018-05-09T21:57:07","modified_gmt":"2018-05-10T00:57:07","slug":"mpf-vistoria-eixo-leste-e-preve-atraso-em-obras-no-acude-de-pocoes","status":"publish","type":"post","link":"https:\/\/www.caririemacao.com\/1\/2018\/05\/09\/mpf-vistoria-eixo-leste-e-preve-atraso-em-obras-no-acude-de-pocoes\/","title":{"rendered":"MPF vistoria Eixo Leste e prev\u00ea atraso em obras no a\u00e7ude de Po\u00e7\u00f5es"},"content":{"rendered":"<p>O Minist\u00e9rio P\u00fablico Federal (MPF) na Para\u00edba, por meio do Setor de Engenharia, realizou nova vistoria t\u00e9cnica no eixo leste, meta 3L do Projeto de Integra\u00e7\u00e3o do S\u00e3o Francisco (Pisf), incluindo as obras de readequa\u00e7\u00e3o dos a\u00e7udes de Po\u00e7\u00f5es e Camala\u00fa, no Cariri paraibano. Durante a vistoria do MPF e Ibama, foi novamente constatada a exist\u00eancia de desmatamento nas margens do rio Para\u00edba, bem como a presen\u00e7a de l\u00edquido parecido com esgoto em trechos de canais de \u00e1guas pluviais na cidade de Monteiro.<\/p>\n<p>O objetivo da inspe\u00e7\u00e3o foi verificar o andamento dos servi\u00e7os de recupera\u00e7\u00e3o dos dois reservat\u00f3rios, al\u00e9m de averiguar o cumprimento das condicionantes da transposi\u00e7\u00e3o para obten\u00e7\u00e3o da licen\u00e7a de opera\u00e7\u00e3o \u2013 algumas delas ainda n\u00e3o cumpridas na integralidade. Parte da vistoria foi acompanhada por analistas ambientais do Instituto Brasileiro do Meio Ambiente e dos Recursos Naturais Renov\u00e1veis (Ibama).<\/p>\n<p>Na Informa\u00e7\u00e3o T\u00e9cnica n\u00ba 9\/2018, consta que as interven\u00e7\u00f5es no a\u00e7ude de Po\u00e7\u00f5es ainda n\u00e3o haviam sido iniciadas, dificultando o cumprimento do prazo para conclus\u00e3o das obras, estabelecido pelo Departamento Nacional de Obras Contra as Secas (Dnocs), durante reuni\u00e3o realizada no MPF em Jo\u00e3o Pessoa no \u00faltimo dia 16 de mar\u00e7o.<\/p>\n<p>A informa\u00e7\u00e3o t\u00e9cnica demonstra ainda que o n\u00edvel elevado do a\u00e7ude de Camala\u00fa e o consequente alagamento da regi\u00e3o da tomada d\u2019\u00e1gua dificulta o cumprimento do prazo de quatro meses, tamb\u00e9m estabelecido para aquele manancial.<\/p>\n<p>Ap\u00f3s reuni\u00e3o do Comit\u00ea de Gest\u00e3o da Crise H\u00eddrica do Minist\u00e9rio P\u00fablico da Para\u00edba, foi procedida a reabertura da descarga de fundo de Camala\u00fa, no sentido de descomprometer a ensecadeira (dispositivo utilizado para conten\u00e7\u00e3o tempor\u00e1ria da a\u00e7\u00e3o das \u00e1guas em superf\u00edcies escavadas) e, por consequ\u00eancia, o andamento da obra. A iniciativa do MPPB tamb\u00e9m foi decisiva para libera\u00e7\u00e3o da descarga de fundo de Po\u00e7\u00f5es.<\/p>\n<p>De acordo com a Engenharia do MPF, a abertura das descargas de fundo dos dois a\u00e7udes n\u00e3o deve ser encarada como um desperd\u00edcio de \u00e1gua.<\/p>\n<p>\u201cBoa parte da \u00e1gua que sair\u00e1 pela descarga de fundo de Camala\u00fa poder\u00e1 ser captada pelo po\u00e7o amazonas que serve para abastecer o sistema adutor do Congo, o qual fica localizado no leito do rio Para\u00edba\u201d, destaca.<\/p>\n<p>\u201cO eventual excedente dessa \u00e1gua ser\u00e1 recebido e armazenado pelo a\u00e7ude de Boqueir\u00e3o (exceto as perdas naturais), portanto n\u00e3o ser\u00e1 dilapidado. Atualmente, por conta do fechamento da descarga de fundo de Camala\u00fa, o po\u00e7o amazonas do Congo est\u00e1 sem funcionamento e as cidades do Cariri est\u00e3o sendo abastecidas pelos a\u00e7udes de Cordeiro, Sum\u00e9 e Lagoa de Cima. A seguran\u00e7a h\u00eddrica desses tr\u00eas mananciais \u00e9 bem inferior \u00e0 do a\u00e7ude de Camala\u00fa, pois, diferentemente desse \u00faltimo, aqueles a\u00e7udes n\u00e3o contam com a possibilidade de serem reabastecidos pelas \u00e1guas da transposi\u00e7\u00e3o, com o fim das obras do Dnocs. Portanto, usufruir das \u00e1guas desses mananciais, os quais dependem unicamente das \u00e1guas naturais, pode representar um risco h\u00eddrico maior quando comparado a abertura de forma racional e controlada da descarga de fundo de Camala\u00fa, que brevemente voltar\u00e1 a receber \u00e1guas transpostas do Pisf\u201d, acrescentou.<\/p>\n<p>Reuni\u00e3o \u2013 Na pr\u00f3xima segunda-feira, \u00e0s 11 horas, na sede do MPF em Jo\u00e3o Pessoa, haver\u00e1 uma reuni\u00e3o com a PB Constru\u00e7\u00f5es, empresa respons\u00e1vel pelas obras em Po\u00e7\u00f5es, com o intuito de debater a retomada dos servi\u00e7os no reservat\u00f3rio. Participar\u00e3o do encontro representantes do MPF, MP estadual e Dnocs.<\/p>\n<p><strong>CARIRI EM A\u00c7\u00c3O<\/strong><\/p>\n<p><em>Com Resumo PB\/Foto: Reprodu\u00e7\u00e3o google<\/em><\/p>\n<p><strong>Leia mais not\u00edcias em\u00a0<\/strong><a href=\"http:\/\/www.caririemacao.com\/\"><strong>caririemacao.com<\/strong><\/a><strong>, siga nossa p\u00e1gina no\u00a0<\/strong><a href=\"https:\/\/www.facebook.com\/CaririEmAcao\/?ref=aymt_homepage_panel\"><strong>Facebook<\/strong><\/a>,<strong>\u00a0<\/strong><a href=\"https:\/\/www.instagram.com\/cariri_em_acao\/?hl=pt-br\"><strong>Instagram<\/strong><\/a><strong>\u00a0e\u00a0<\/strong><a href=\"https:\/\/www.youtube.com\/channel\/UCAptA0jQuYQy8vMhLt2m4qg\"><strong>Youtube<\/strong><\/a><strong>\u00a0e veja nossas mat\u00e9rias, v\u00eddeos e fotos. Voc\u00ea tamb\u00e9m pode enviar informa\u00e7\u00f5es \u00e0 Reda\u00e7\u00e3o do Portal Cariri em A\u00e7\u00e3o pelo WhatsApp (83) 9 9634.5791, (83) 9 9601-1162.<\/strong><\/p>\n","protected":false},"excerpt":{"rendered":"<p>O Minist\u00e9rio P\u00fablico Federal (MPF) na Para\u00edba, por meio do Setor de Engenharia, realizou nova vistoria t\u00e9cnica no eixo leste, meta 3L do Projeto de&hellip; <\/p>\n","protected":false},"author":2,"featured_media":50468,"comment_status":"closed","ping_status":"closed","sticky":false,"template":"","format":"standard","meta":{"sfsi_plus_gutenberg_text_before_share":"","sfsi_plus_gutenberg_show_text_before_share":"","sfsi_plus_gutenberg_icon_type":"","sfsi_plus_gutenberg_icon_alignemt":"","sfsi_plus_gutenburg_max_per_row":"","footnotes":""},"categories":[2],"tags":[],"class_list":["post-50467","post","type-post","status-publish","format-standard","has-post-thumbnail","hentry","category-geral"],"_links":{"self":[{"href":"https:\/\/www.caririemacao.com\/1\/wp-json\/wp\/v2\/posts\/50467","targetHints":{"allow":["GET"]}}],"collection":[{"href":"https:\/\/www.caririemacao.com\/1\/wp-json\/wp\/v2\/posts"}],"about":[{"href":"https:\/\/www.caririemacao.com\/1\/wp-json\/wp\/v2\/types\/post"}],"author":[{"embeddable":true,"href":"https:\/\/www.caririemacao.com\/1\/wp-json\/wp\/v2\/users\/2"}],"replies":[{"embeddable":true,"href":"https:\/\/www.caririemacao.com\/1\/wp-json\/wp\/v2\/comments?post=50467"}],"version-history":[{"count":0,"href":"https:\/\/www.caririemacao.com\/1\/wp-json\/wp\/v2\/posts\/50467\/revisions"}],"wp:featuredmedia":[{"embeddable":true,"href":"https:\/\/www.caririemacao.com\/1\/wp-json\/wp\/v2\/media\/50468"}],"wp:attachment":[{"href":"https:\/\/www.caririemacao.com\/1\/wp-json\/wp\/v2\/media?parent=50467"}],"wp:term":[{"taxonomy":"category","embeddable":true,"href":"https:\/\/www.caririemacao.com\/1\/wp-json\/wp\/v2\/categories?post=50467"},{"taxonomy":"post_tag","embeddable":true,"href":"https:\/\/www.caririemacao.com\/1\/wp-json\/wp\/v2\/tags?post=50467"}],"curies":[{"name":"wp","href":"https:\/\/api.w.org\/{rel}","templated":true}]}}