{"id":50472,"date":"2018-05-09T22:01:15","date_gmt":"2018-05-10T01:01:15","guid":{"rendered":"http:\/\/caririemacao.com\/1\/?p=50472"},"modified":"2018-05-09T22:01:15","modified_gmt":"2018-05-10T01:01:15","slug":"sem-foro-41-acoes-contra-politicos-saem-do-stf","status":"publish","type":"post","link":"https:\/\/www.caririemacao.com\/1\/2018\/05\/09\/sem-foro-41-acoes-contra-politicos-saem-do-stf\/","title":{"rendered":"Sem foro, 41 a\u00e7\u00f5es contra pol\u00edticos saem do STF"},"content":{"rendered":"<p>O ministro Marco Aur\u00e9lio Mello, do Supremo Tribunal Federal (STF), decidiu encaminhar para outras inst\u00e2ncias quatro a\u00e7\u00f5es penais e dezessete inqu\u00e9ritos contra deputados federais e senadores. Marco Aur\u00e9lio adotou o entendimento firmado pela Corte de restringir o foro privilegiado para esses parlamentares, que s\u00f3 deve ser aplicado para os crimes cometidos no exerc\u00edcio do mandato e em fun\u00e7\u00e3o do cargo.<\/p>\n<p>Ao todo, ministros do STF j\u00e1 retiraram da Corte um total de 41 processos contra deputados federais e senadores. H\u00e1 ainda tr\u00eas outros casos que o ministro Lu\u00eds Roberto Barroso havia determinado que baixassem para outras inst\u00e2ncias, antes mesmo da conclus\u00e3o do julgamento do foro privilegiado, mas a Procuradoria-Geral da Rep\u00fablica (PGR) entrou com recurso. Barroso n\u00e3o decidiu ainda sobre esses processos, que continuaram no STF nos \u00faltimos meses.<\/p>\n<p>Marco Aur\u00e9lio decidiu retirar do Supremo uma a\u00e7\u00e3o penal contra o senador Ivo Cassol (PP-RO), outra que investiga o deputado federal Marcos Reategui (PSD-AP) e duas a\u00e7\u00f5es penais que miram o deputado Roberto G\u00f3es (PDT-AP).<\/p>\n<p>No caso de Roberto G\u00f3es, as investiga\u00e7\u00f5es tratam de irregularidade na dispensa de licita\u00e7\u00e3o na \u00e1rea de transporte p\u00fablico e supostos desvios na \u00e9poca em que o parlamentar comandava a prefeitura de Macap\u00e1. As duas a\u00e7\u00f5es foram enviadas \u00e0 Justi\u00e7a Estadual do Amap\u00e1.<\/p>\n<p>Cassol, por sua vez, \u00e9 investigado por envolvimento em um esquema de compra de votos nas elei\u00e7\u00f5es de 2006, quando era governador de Rond\u00f4nia. O processo foi para a Justi\u00e7a Eleitoral de Rond\u00f4nia.<br \/>\nda Para\u00edba responder\u00e1 em 1\u00aa inst\u00e2ncia<\/p>\n<p>Quanto a Marcos Reategui, o parlamentar era delegado da Pol\u00edcia Federal na \u00e9poca em que os fatos investigados teriam ocorrido, raz\u00e3o pela qual Marco Aur\u00e9lio decidiu remeter o processo \u00e0 Justi\u00e7a Federal do Amap\u00e1.<br \/>\nInqu\u00e9ritos<\/p>\n<p>Os inqu\u00e9ritos que deixar\u00e3o o gabinete de Marco Aur\u00e9lio envolvem o senadores Jader Barbalho (MDB-PA) e Fernando Bezerra Coelho (MDB-PE), investigados por irregularidades na presta\u00e7\u00e3o de informa\u00e7\u00f5es do Imposto de Renda e dispensa de licita\u00e7\u00e3o na \u00e9poca em que comandava a Prefeitura de Petrolina (PE), respectivamente.<\/p>\n<p>O caso de Barbalho ser\u00e1 encaminhado \u00e0 Justi\u00e7a Federal do Par\u00e1; o de Fernando Bezerra Coelho, \u00e0 Justi\u00e7a Federal de Pernambuco.<\/p>\n<p>Os inqu\u00e9ritos de Marco Aur\u00e9lio que sair\u00e3o do STF tamb\u00e9m atingem deputados federais, entre eles \u00c9rika Kokay (PT-DF), Alfredo Kaefer (PP-PR) e Adriano Eli Corr\u00eaa (DEM-SP), entre outros.<\/p>\n<p><strong>CARIRI EM A\u00c7\u00c3O<\/strong><\/p>\n<p><em>Com Veja\/Foto: Reprodu\u00e7\u00e3o google<\/em><\/p>\n<p><strong>Leia mais not\u00edcias em\u00a0<\/strong><a href=\"http:\/\/www.caririemacao.com\/\"><strong>caririemacao.com<\/strong><\/a><strong>, siga nossa p\u00e1gina no\u00a0<\/strong><a href=\"https:\/\/www.facebook.com\/CaririEmAcao\/?ref=aymt_homepage_panel\"><strong>Facebook<\/strong><\/a>,<strong>\u00a0<\/strong><a href=\"https:\/\/www.instagram.com\/cariri_em_acao\/?hl=pt-br\"><strong>Instagram<\/strong><\/a><strong>\u00a0e\u00a0<\/strong><a href=\"https:\/\/www.youtube.com\/channel\/UCAptA0jQuYQy8vMhLt2m4qg\"><strong>Youtube<\/strong><\/a><strong>\u00a0e veja nossas mat\u00e9rias, v\u00eddeos e fotos. Voc\u00ea tamb\u00e9m pode enviar informa\u00e7\u00f5es \u00e0 Reda\u00e7\u00e3o do Portal Cariri em A\u00e7\u00e3o pelo WhatsApp (83) 9 9634.5791, (83) 9 9601-1162.<\/strong><\/p>\n","protected":false},"excerpt":{"rendered":"<p>O ministro Marco Aur\u00e9lio Mello, do Supremo Tribunal Federal (STF), decidiu encaminhar para outras inst\u00e2ncias quatro a\u00e7\u00f5es penais e dezessete inqu\u00e9ritos contra deputados federais e&hellip; <\/p>\n","protected":false},"author":2,"featured_media":50473,"comment_status":"closed","ping_status":"closed","sticky":false,"template":"","format":"standard","meta":{"sfsi_plus_gutenberg_text_before_share":"","sfsi_plus_gutenberg_show_text_before_share":"","sfsi_plus_gutenberg_icon_type":"","sfsi_plus_gutenberg_icon_alignemt":"","sfsi_plus_gutenburg_max_per_row":"","footnotes":""},"categories":[1],"tags":[],"class_list":["post-50472","post","type-post","status-publish","format-standard","has-post-thumbnail","hentry","category-o-site"],"_links":{"self":[{"href":"https:\/\/www.caririemacao.com\/1\/wp-json\/wp\/v2\/posts\/50472","targetHints":{"allow":["GET"]}}],"collection":[{"href":"https:\/\/www.caririemacao.com\/1\/wp-json\/wp\/v2\/posts"}],"about":[{"href":"https:\/\/www.caririemacao.com\/1\/wp-json\/wp\/v2\/types\/post"}],"author":[{"embeddable":true,"href":"https:\/\/www.caririemacao.com\/1\/wp-json\/wp\/v2\/users\/2"}],"replies":[{"embeddable":true,"href":"https:\/\/www.caririemacao.com\/1\/wp-json\/wp\/v2\/comments?post=50472"}],"version-history":[{"count":0,"href":"https:\/\/www.caririemacao.com\/1\/wp-json\/wp\/v2\/posts\/50472\/revisions"}],"wp:featuredmedia":[{"embeddable":true,"href":"https:\/\/www.caririemacao.com\/1\/wp-json\/wp\/v2\/media\/50473"}],"wp:attachment":[{"href":"https:\/\/www.caririemacao.com\/1\/wp-json\/wp\/v2\/media?parent=50472"}],"wp:term":[{"taxonomy":"category","embeddable":true,"href":"https:\/\/www.caririemacao.com\/1\/wp-json\/wp\/v2\/categories?post=50472"},{"taxonomy":"post_tag","embeddable":true,"href":"https:\/\/www.caririemacao.com\/1\/wp-json\/wp\/v2\/tags?post=50472"}],"curies":[{"name":"wp","href":"https:\/\/api.w.org\/{rel}","templated":true}]}}