{"id":50475,"date":"2018-05-09T22:02:59","date_gmt":"2018-05-10T01:02:59","guid":{"rendered":"http:\/\/caririemacao.com\/1\/?p=50475"},"modified":"2018-05-09T22:03:34","modified_gmt":"2018-05-10T01:03:34","slug":"pre-candidatos-lamentam-desistencia-de-joaquim-barbosa","status":"publish","type":"post","link":"https:\/\/www.caririemacao.com\/1\/2018\/05\/09\/pre-candidatos-lamentam-desistencia-de-joaquim-barbosa\/","title":{"rendered":"Pr\u00e9-candidatos lamentam desist\u00eancia de Joaquim Barbosa"},"content":{"rendered":"<p>Pr\u00e9-candidatos \u00e0 Presid\u00eancia lamentaram nesta ter\u00e7a-feira, 8, a desist\u00eancia do ex-presidente do Supremo Tribunal Federal (STF), Joaquim Barbosa (PSB), em disputar o cargo durante a 73\u00aa Reuni\u00e3o Geral da Frente Nacional de Prefeitos (FNP), em Niter\u00f3i, na Grande Rio.<\/p>\n<p>O pr\u00e9-candidato do PSDB, Geraldo Alckmin disse que Barbosa, poder\u00e1 participar de outra forma do processo eleitoral. Segundo o ex-governador paulista, h\u00e1 muitas conversas em curso sobre alian\u00e7as, mas isso s\u00f3 deve ser conclu\u00eddo em julho. O PSB, partido ao qual o ex-ministro \u00e9 filiado, \u00e9 aliado do PSDB em S\u00e3o Paulo.<\/p>\n<p>\u201c\u00c9 uma perda, porque precisamos de novas lideran\u00e7as como ele, com mais participa\u00e7\u00e3o e servi\u00e7os para o Estado. Tenho certeza que, se n\u00e3o for como candidato, a participa\u00e7\u00e3o dele ser\u00e1 de outra forma\u201d, afirmou Alckmin.<\/p>\n<p>A pr\u00e9-candidata do Rede, Marina Silva, disse que respeita o debate interno do PSB, mas destacou a \u201cidentidade program\u00e1tica\u201d entre os dois partidos, que foram aliados na disputa presidencial de 2014. Ela ressaltou, por\u00e9m, que a decis\u00e3o do ex-ministro do STF ainda \u00e9 muito recente e \u00e9 preciso dar tempo ao PSB para debater a decis\u00e3o.<\/p>\n<p>\u201cBoa parte da base da nossa proposta para 2018 est\u00e1 constru\u00edda em cima do programa de 2014, que fizemos juntos\u201d, disse, lembrando que o ent\u00e3o candidato do PSB, Eduardo Campos, acolheu o Rede quando este n\u00e3o conseguiu o registro de partido pol\u00edtico e que ela assumiu a cabe\u00e7a de chapa ap\u00f3s a morte de Campos em um acidente a\u00e9reo.<\/p>\n<p>Outro presidenci\u00e1vel que comentou a desist\u00eancia de Barbosa durante a FNP foi Guilherme Afif Domingos, do PSD. \u201cEmpobrece a disputa, era um quadro importante para esse processo\u201d, disse Afif, que tamb\u00e9m afirmou que a pris\u00e3o do ex-presidente Luiz In\u00e1cio Lula da Silva (PT) , condenado na Opera\u00e7\u00e3o Lava Jato, \u201cembaralha bastante o jogo\u201d.<\/p>\n<p>J\u00e1 Manuela D\u00b4\u00c1vila do PCdoB disse que respeita a decis\u00e3o do ex-presidente de Joaquim de desistir da candidatura. \u201c\u00c9 uma decis\u00e3o que passa por quest\u00f5es pessoais\u201d, afirmou.<\/p>\n<p>Pr\u00e9-candidato do PRB \u00e0 Presid\u00eancia da Rep\u00fablica, o empres\u00e1rio Fl\u00e1vio Rocha disse ao Estad\u00e3o\/Broadcast que pode herdar votos que iriam para o ex-ministro. \u201cOs votos que iriam para ele s\u00e3o de eleitores que demandam mudan\u00e7a e renova\u00e7\u00e3o. Nosso projeto pode ser o escoadouro desses votos\u201d, disse Rocha.<\/p>\n<p>O empres\u00e1rio tamb\u00e9m elogiou Barbosa: \u201cJoaquim \u00e9 uma das pessoas mais importantes da hist\u00f3ria recente do Brasil. Entendo os motivos dele desistir. Sei dos ataques que ele pode sofrer, como eu tenho sofrido em rela\u00e7\u00e3o a minha fam\u00edlia e religi\u00e3o\u201d.<\/p>\n<p>Para o pr\u00e9-candidato \u00c1lvaro Dias (Podemos) ainda \u00e9 dif\u00edcil avaliar qual candidato ganha com a decis\u00e3o de Barbosa de n\u00e3o entrar na disputa. Ele e o ex-governador Geraldo Alckmin (PSDB), pr\u00e9-candidato do PSDB, que \u00e9 aliado do PSB em S\u00e3o Paulo, sinalizaram para a possibilidade de que o ex-ministro possa colaborar em seus governos, citando especificamente projetos ligados a \u00e1rea de gest\u00e3o p\u00fablica.<\/p>\n<p>Questionados sobre a possibilidade de o ex-presidente do STF vir a ocupar a vaga de vice em suas chamas, tanto Alckmin quanto Dias e Marina foram reticentes e destacaram a import\u00e2ncia de respeitar a \u201cdecis\u00e3o pessoal\u201d de Barbosa.<\/p>\n<p>Nos bastidores, a decis\u00e3o de Barbosa foi considerada positiva principalmente no campo da esquerda. Aliado do pr\u00e9-candidato do PDT, Ciro Gomes, o prefeito de Niter\u00f3i, Rodrigo Neves, disse que a decis\u00e3o abre espa\u00e7o para a uni\u00e3o dos setores progressistas.<\/p>\n<p>\u201cA situa\u00e7\u00e3o do pa\u00eds \u00e9 dram\u00e1tica na economia, com desemprego e aumento da pobreza, na crise de confian\u00e7a e da democracia. A desist\u00eancia de Joaquim Barbosa abre uma enorme possibilidade de uni\u00e3o dos setores progressistas e de centro esquerda\u201d, declarou, no intervalo da 73\u00aa Reuni\u00e3o Geral da Frente Nacional de Prefeitos (FNP), que acontece em sua cidade.<\/p>\n<p>Barbosa, cogitado h\u00e1 alguns meses como pr\u00e9-candidato do Partido Socialista Brasileiro (PSB) \u00e0 Presid\u00eancia , confirmou nesta ter\u00e7a-feira, 8, que n\u00e3o concorrer\u00e1 ao cargo. De acordo com ele, a decis\u00e3o \u00e9 \u201cestritamente pessoal\u201d. Na mais recente pesquisa Datafolha, do m\u00eas passado, Barbosa aparecia bem posicionado, em torno dos 10% das inten\u00e7\u00f5es de voto, enquanto Alckmin tinha entre 7% e 8%. O an\u00fancio foi feito pelo pr\u00f3prio ex-ministro em sua conta no Twitter.<\/p>\n<p><strong>CARIRI EM A\u00c7\u00c3O<\/strong><\/p>\n<p><em>Com Para\u00edba Debate\/Foto: Reprodu\u00e7\u00e3o google<\/em><\/p>\n<p><strong>Leia mais not\u00edcias em\u00a0<\/strong><a href=\"http:\/\/www.caririemacao.com\/\"><strong>caririemacao.com<\/strong><\/a><strong>, siga nossa p\u00e1gina no\u00a0<\/strong><a href=\"https:\/\/www.facebook.com\/CaririEmAcao\/?ref=aymt_homepage_panel\"><strong>Facebook<\/strong><\/a>,<strong>\u00a0<\/strong><a href=\"https:\/\/www.instagram.com\/cariri_em_acao\/?hl=pt-br\"><strong>Instagram<\/strong><\/a><strong>\u00a0e\u00a0<\/strong><a href=\"https:\/\/www.youtube.com\/channel\/UCAptA0jQuYQy8vMhLt2m4qg\"><strong>Youtube<\/strong><\/a><strong>\u00a0e veja nossas mat\u00e9rias, v\u00eddeos e fotos. Voc\u00ea tamb\u00e9m pode enviar informa\u00e7\u00f5es \u00e0 Reda\u00e7\u00e3o do Portal Cariri em A\u00e7\u00e3o pelo WhatsApp (83) 9 9634.5791, (83) 9 9601-1162.<\/strong><\/p>\n","protected":false},"excerpt":{"rendered":"<p>Pr\u00e9-candidatos \u00e0 Presid\u00eancia lamentaram nesta ter\u00e7a-feira, 8, a desist\u00eancia do ex-presidente do Supremo Tribunal Federal (STF), Joaquim Barbosa (PSB), em disputar o cargo durante a&hellip; <\/p>\n","protected":false},"author":2,"featured_media":50476,"comment_status":"closed","ping_status":"closed","sticky":false,"template":"","format":"standard","meta":{"sfsi_plus_gutenberg_text_before_share":"","sfsi_plus_gutenberg_show_text_before_share":"","sfsi_plus_gutenberg_icon_type":"","sfsi_plus_gutenberg_icon_alignemt":"","sfsi_plus_gutenburg_max_per_row":"","footnotes":""},"categories":[11],"tags":[],"class_list":["post-50475","post","type-post","status-publish","format-standard","has-post-thumbnail","hentry","category-politica"],"_links":{"self":[{"href":"https:\/\/www.caririemacao.com\/1\/wp-json\/wp\/v2\/posts\/50475","targetHints":{"allow":["GET"]}}],"collection":[{"href":"https:\/\/www.caririemacao.com\/1\/wp-json\/wp\/v2\/posts"}],"about":[{"href":"https:\/\/www.caririemacao.com\/1\/wp-json\/wp\/v2\/types\/post"}],"author":[{"embeddable":true,"href":"https:\/\/www.caririemacao.com\/1\/wp-json\/wp\/v2\/users\/2"}],"replies":[{"embeddable":true,"href":"https:\/\/www.caririemacao.com\/1\/wp-json\/wp\/v2\/comments?post=50475"}],"version-history":[{"count":0,"href":"https:\/\/www.caririemacao.com\/1\/wp-json\/wp\/v2\/posts\/50475\/revisions"}],"wp:featuredmedia":[{"embeddable":true,"href":"https:\/\/www.caririemacao.com\/1\/wp-json\/wp\/v2\/media\/50476"}],"wp:attachment":[{"href":"https:\/\/www.caririemacao.com\/1\/wp-json\/wp\/v2\/media?parent=50475"}],"wp:term":[{"taxonomy":"category","embeddable":true,"href":"https:\/\/www.caririemacao.com\/1\/wp-json\/wp\/v2\/categories?post=50475"},{"taxonomy":"post_tag","embeddable":true,"href":"https:\/\/www.caririemacao.com\/1\/wp-json\/wp\/v2\/tags?post=50475"}],"curies":[{"name":"wp","href":"https:\/\/api.w.org\/{rel}","templated":true}]}}