{"id":50478,"date":"2018-05-09T22:05:40","date_gmt":"2018-05-10T01:05:40","guid":{"rendered":"http:\/\/caririemacao.com\/1\/?p=50478"},"modified":"2018-05-09T22:05:40","modified_gmt":"2018-05-10T01:05:40","slug":"nunca-critiquei-borja-decide-e-verdao-sai-na-frente-do-america-mg","status":"publish","type":"post","link":"https:\/\/www.caririemacao.com\/1\/2018\/05\/09\/nunca-critiquei-borja-decide-e-verdao-sai-na-frente-do-america-mg\/","title":{"rendered":"Nunca critiquei! Borja decide, e Verd\u00e3o sai na frente do Am\u00e9rica-MG"},"content":{"rendered":"<p>O Palmeiras, adivinhe, venceu fora de casa. Com gols de Borja e Keno, fez 2 a 1 no Am\u00e9rica-MG em Belo Horizonte e abriu vantagem nas oitavas da Copa do Brasil. Serginho marcou para os mineiros, reduzindo o preju\u00edzo para o jogo de volta, dia 23 de maio, no Allianz.<\/p>\n<p>Foi a 12\u00aa vit\u00f3ria do time de Roger Machado em 15 jogos como visitante no ano. O aproveitamento fora de casa \u00e9 de espantosos 84,4%.<\/p>\n<p>O Palmeiras agora volta todas as suas aten\u00e7\u00f5es para o cl\u00e1ssico contra o Corinthians, \u00e0s 16h de domingo, em Itaquera, pelo Brasileiro. O Verd\u00e3o n\u00e3o perdeu nenhum dos oito jogos que fez ap\u00f3s cair diante do rival na final do Paulist\u00e3o: cinco vit\u00f3rias e tr\u00eas empates. O Coelho visita o Cear\u00e1 \u00e0s 20h de segunda-feira.<\/p>\n<p><strong>Nunca critiquei<\/strong><\/p>\n<p>Borja passou praticamente todo o primeiro tempo tirando o torcedor do s\u00e9rio. O colombiano falhou em duas oportunidades claras. Na primeira, Dudu ainda bateu para fora depois de o camisa 9 se enrolar diante do goleiro Jo\u00e3o Ricardo. Na segunda, o mesmo Dudu o deixou diante do gol vazio, mas o chute foi para fora.<\/p>\n<p>Os vacilos poderiam custar caro, j\u00e1 que o Am\u00e9rica-MG jogava bem e tamb\u00e9m criava boas chances, mas Borja calou as cornetas aos 37 minutos. Ap\u00f3s um cruzamento primoroso de Lucas Lima pelo lado esquerdo, ele surgiu \u00e0s costas do zagueiro e marcou seu 11 gol em 2018, um a mais do que em todo o ano passado.<\/p>\n<p><strong>Palmeiras amplia, mas leva press\u00e3o<\/strong><\/p>\n<p>O segundo tempo come\u00e7ou com o Am\u00e9rica-MG exigindo grande defesa de Jailson em finaliza\u00e7\u00e3o de Rafael Moura, mas Borja n\u00e3o demorou para aparecer outra vez. Aos 11 minutos, ele recebeu lan\u00e7amento de Keno, protegeu e deu \u00f3timo passe para o pr\u00f3prio Keno fazer 2 a 0.<\/p>\n<p>O time da casa n\u00e3o tinha outra sa\u00edda a n\u00e3o ser partir ao ataque para diminuir o preju\u00edzo. E conseguiu. Felipe Melo havia acabado de tirar o doce da boca de Christian quando Ant\u00f4nio Carlos foi desarmado por Rafael Moura na sa\u00edda de bola e viu Serginho, jovem meia que est\u00e1 emprestado pelo Santos, vencer Jailson.<\/p>\n<p>O Am\u00e9rica-MG jogou bem, sobretudo ap\u00f3s a entrada do ex-palmeirense Marquinhos. Ant\u00f4nio Carlos redimiu-se da falha no lance do gol ao salvar uma bola quase em cima da linha aos 34. O Verd\u00e3o se segurou e jogar\u00e1 pelo empate na volta.<\/p>\n<p><strong>FICHA T\u00c9CNICA<br \/>\n<\/strong><strong>AM\u00c9RICA-MG 1 X 2 PALMEIRAS<\/strong><\/p>\n<p><strong>Local:<\/strong>\u00a0Independ\u00eancia, Belo Horizonte (MG)<\/p>\n<p><strong>Data-Hora:<\/strong>\u00a09\/5\/2018 &#8211; 19h30<\/p>\n<p><strong>\u00c1rbitro:<\/strong>\u00a0Braulio da Silva Machado (SC)<\/p>\n<p><strong>Auxiliares:<\/strong>\u00a0Kleber Lucio Gil (Fifa\/SC) e Neuza Ines Back (Fifa\/SC)<\/p>\n<p><strong>P\u00fablico\/renda:<\/strong>\u00a012.241 pagantes\/R$ 132.987,00<\/p>\n<p><strong>Cart\u00f5es amarelos:<\/strong>\u00a0Leandro Donizete e Rafael Lima (AME)<\/p>\n<p><strong>Cart\u00f5es vermelhos:<\/strong>\u00a0&#8211;<\/p>\n<p><strong>Gols:<\/strong>\u00a0Borja (37&#8217;\/1\u00baT) (0-1), Keno (11&#8217;\/2\u00baT) (0-2), Serginho (27&#8217;\/2\u00baT) (1-2),<\/p>\n<p><strong>AM\u00c9RICA-MG:<\/strong>\u00a0Jo\u00e3o Ricardo; Norberto (Marquinhos, 21&#8217;\/2\u00baT), Messias, Rafael Lima e Giovanni; Leandro Donizete, Christian e Serginho; Aderlan, Luan (Ruy, aos 39&#8217;\/2\u00baT) e Rafael Moura (Aylon, aos 26&#8217;\/2\u00baT). T\u00e9cnico: Enderson Moreira.<\/p>\n<p><strong>PALMEIRAS:<\/strong>\u00a0Jailson; Marcos Rocha, Antonio Carlos, Edu Dracena e Diogo Barbosa; Felipe Melo (Thiago Santos, aos 35&#8217;\/2\u00baT), Bruno Henrique e Lucas Lima (Guerra, aos 33&#8217;\/2\u00baT); Keno (Willian, aos 39&#8217;\/2\u00baT), Dudu e Borja. T\u00e9cnico: Roger Machado.<\/p>\n<p><strong>CARIRI EM A\u00c7\u00c3O<\/strong><\/p>\n<p><em>Com Msn\/Foto: Msn<\/em><\/p>\n<p><strong>Leia mais not\u00edcias em\u00a0<\/strong><a href=\"http:\/\/www.caririemacao.com\/\"><strong>caririemacao.com<\/strong><\/a><strong>, siga nossa p\u00e1gina no\u00a0<\/strong><a href=\"https:\/\/www.facebook.com\/CaririEmAcao\/?ref=aymt_homepage_panel\"><strong>Facebook<\/strong><\/a>,<strong>\u00a0<\/strong><a href=\"https:\/\/www.instagram.com\/cariri_em_acao\/?hl=pt-br\"><strong>Instagram<\/strong><\/a><strong>\u00a0e\u00a0<\/strong><a href=\"https:\/\/www.youtube.com\/channel\/UCAptA0jQuYQy8vMhLt2m4qg\"><strong>Youtube<\/strong><\/a><strong>\u00a0e veja nossas mat\u00e9rias, v\u00eddeos e fotos. Voc\u00ea tamb\u00e9m pode enviar informa\u00e7\u00f5es \u00e0 Reda\u00e7\u00e3o do Portal Cariri em A\u00e7\u00e3o pelo WhatsApp (83) 9 9634.5791, (83) 9 9601-1162.<\/strong><\/p>\n","protected":false},"excerpt":{"rendered":"<p>O Palmeiras, adivinhe, venceu fora de casa. Com gols de Borja e Keno, fez 2 a 1 no Am\u00e9rica-MG em Belo Horizonte e abriu vantagem&hellip; <\/p>\n","protected":false},"author":2,"featured_media":50479,"comment_status":"closed","ping_status":"closed","sticky":false,"template":"","format":"standard","meta":{"sfsi_plus_gutenberg_text_before_share":"","sfsi_plus_gutenberg_show_text_before_share":"","sfsi_plus_gutenberg_icon_type":"","sfsi_plus_gutenberg_icon_alignemt":"","sfsi_plus_gutenburg_max_per_row":"","footnotes":""},"categories":[13],"tags":[],"class_list":["post-50478","post","type-post","status-publish","format-standard","has-post-thumbnail","hentry","category-esportes"],"_links":{"self":[{"href":"https:\/\/www.caririemacao.com\/1\/wp-json\/wp\/v2\/posts\/50478","targetHints":{"allow":["GET"]}}],"collection":[{"href":"https:\/\/www.caririemacao.com\/1\/wp-json\/wp\/v2\/posts"}],"about":[{"href":"https:\/\/www.caririemacao.com\/1\/wp-json\/wp\/v2\/types\/post"}],"author":[{"embeddable":true,"href":"https:\/\/www.caririemacao.com\/1\/wp-json\/wp\/v2\/users\/2"}],"replies":[{"embeddable":true,"href":"https:\/\/www.caririemacao.com\/1\/wp-json\/wp\/v2\/comments?post=50478"}],"version-history":[{"count":0,"href":"https:\/\/www.caririemacao.com\/1\/wp-json\/wp\/v2\/posts\/50478\/revisions"}],"wp:featuredmedia":[{"embeddable":true,"href":"https:\/\/www.caririemacao.com\/1\/wp-json\/wp\/v2\/media\/50479"}],"wp:attachment":[{"href":"https:\/\/www.caririemacao.com\/1\/wp-json\/wp\/v2\/media?parent=50478"}],"wp:term":[{"taxonomy":"category","embeddable":true,"href":"https:\/\/www.caririemacao.com\/1\/wp-json\/wp\/v2\/categories?post=50478"},{"taxonomy":"post_tag","embeddable":true,"href":"https:\/\/www.caririemacao.com\/1\/wp-json\/wp\/v2\/tags?post=50478"}],"curies":[{"name":"wp","href":"https:\/\/api.w.org\/{rel}","templated":true}]}}