{"id":50482,"date":"2018-05-10T14:05:33","date_gmt":"2018-05-10T17:05:33","guid":{"rendered":"http:\/\/caririemacao.com\/1\/?p=50482"},"modified":"2018-05-10T14:06:24","modified_gmt":"2018-05-10T17:06:24","slug":"camara-de-caraubas-realizou-sessao-nesta-terca-feira","status":"publish","type":"post","link":"https:\/\/www.caririemacao.com\/1\/2018\/05\/10\/camara-de-caraubas-realizou-sessao-nesta-terca-feira\/","title":{"rendered":"C\u00e2mara de Cara\u00fabas realizou sess\u00e3o nesta ter\u00e7a-feira"},"content":{"rendered":"<p>A C\u00e2mara Municipal de Cara\u00fabas realizou na noite desta ter\u00e7a-feira (08), mais uma importante sess\u00e3o ordin\u00e1ria sob a presid\u00eancia do vereador Renivan Neves.<\/p>\n<p><a href=\"http:\/\/caririemacao.com\/1\/?attachment_id=50523\" rel=\"attachment wp-att-50523\"><img fetchpriority=\"high\" decoding=\"async\" class=\"aligncenter size-full wp-image-50523\" src=\"http:\/\/caririemacao.com\/1\/wp-content\/uploads\/2018\/05\/IMG_9974.jpg\" alt=\"\" width=\"800\" height=\"533\" srcset=\"https:\/\/www.caririemacao.com\/1\/wp-content\/uploads\/2018\/05\/IMG_9974.jpg 800w, https:\/\/www.caririemacao.com\/1\/wp-content\/uploads\/2018\/05\/IMG_9974-300x200.jpg 300w, https:\/\/www.caririemacao.com\/1\/wp-content\/uploads\/2018\/05\/IMG_9974-768x512.jpg 768w\" sizes=\"(max-width: 800px) 100vw, 800px\" \/><\/a><\/p>\n<p>No in\u00edcio dos trabalhos, a mesa diretora levou ao conhecimento do Plen\u00e1rio dois Projetos de Lei. O primeiro deles \u00e9 o projeto de n.\u00ba 07\/2018 de autoria dos vereadores F\u00e1bio Pereira, In\u00e1cio Irinaldo, Nerivan Alves e Jos\u00e9 Josimar que visa disciplinar a inaugura\u00e7\u00e3o e entrega de obras p\u00fablicas e o PL n\u00ba 04\/ 2018 de autoria do Poder Executivo Municipal que disp\u00f5e sobre as diretrizes para a elabora\u00e7\u00e3o e execu\u00e7\u00e3o da Lei Or\u00e7ament\u00e1ria de 2019. Ambos devem ser votados na pr\u00f3xima sess\u00e3o.<\/p>\n<p>Durante a sess\u00e3o, v\u00e1rios temas ligados \u00e0 sa\u00fade educa\u00e7\u00e3o, infraestrutura e melhorias foram debatidos pelos parlamentares.<\/p>\n<p>Na tribuna, os vereadores se pronunciaram e direcionaram ao Poder Executivo as suas solicita\u00e7\u00f5es.<\/p>\n<p><img decoding=\"async\" class=\"aligncenter size-full wp-image-50518 lazyload\" data-src=\"http:\/\/caririemacao.com\/1\/wp-content\/uploads\/2018\/05\/IMG_9946.jpg\" alt=\"\" width=\"800\" height=\"533\" data-srcset=\"https:\/\/www.caririemacao.com\/1\/wp-content\/uploads\/2018\/05\/IMG_9946.jpg 800w, https:\/\/www.caririemacao.com\/1\/wp-content\/uploads\/2018\/05\/IMG_9946-300x200.jpg 300w, https:\/\/www.caririemacao.com\/1\/wp-content\/uploads\/2018\/05\/IMG_9946-768x512.jpg 768w\" data-sizes=\"(max-width: 800px) 100vw, 800px\" src=\"data:image\/svg+xml;base64,PHN2ZyB3aWR0aD0iMSIgaGVpZ2h0PSIxIiB4bWxucz0iaHR0cDovL3d3dy53My5vcmcvMjAwMC9zdmciPjwvc3ZnPg==\" style=\"--smush-placeholder-width: 800px; --smush-placeholder-aspect-ratio: 800\/533;\" \/><\/p>\n<p><strong>NA TRIBUNA<\/strong><\/p>\n<p><a href=\"http:\/\/caririemacao.com\/1\/?attachment_id=50513\" rel=\"attachment wp-att-50513\"><img decoding=\"async\" class=\"aligncenter size-full wp-image-50513 lazyload\" data-src=\"http:\/\/caririemacao.com\/1\/wp-content\/uploads\/2018\/05\/IMG_9917.jpg\" alt=\"\" width=\"800\" height=\"533\" data-srcset=\"https:\/\/www.caririemacao.com\/1\/wp-content\/uploads\/2018\/05\/IMG_9917.jpg 800w, https:\/\/www.caririemacao.com\/1\/wp-content\/uploads\/2018\/05\/IMG_9917-300x200.jpg 300w, https:\/\/www.caririemacao.com\/1\/wp-content\/uploads\/2018\/05\/IMG_9917-768x512.jpg 768w\" data-sizes=\"(max-width: 800px) 100vw, 800px\" src=\"data:image\/svg+xml;base64,PHN2ZyB3aWR0aD0iMSIgaGVpZ2h0PSIxIiB4bWxucz0iaHR0cDovL3d3dy53My5vcmcvMjAwMC9zdmciPjwvc3ZnPg==\" style=\"--smush-placeholder-width: 800px; --smush-placeholder-aspect-ratio: 800\/533;\" \/><\/a><\/p>\n<p>O presidente <strong>Renivan Neves<\/strong> direcionou um voto de pesar para fam\u00edlia da senhora Maria Florentino do Nascimento (Maria de Ant\u00f4nio) no distrito de Barreiras e tamb\u00e9m parabenizou o Gestor do munic\u00edpio pelos festejos de emancipa\u00e7\u00e3o pol\u00edtica.<\/p>\n<p><a href=\"http:\/\/caririemacao.com\/1\/?attachment_id=50525\" rel=\"attachment wp-att-50525\"><img decoding=\"async\" class=\"aligncenter size-full wp-image-50525 lazyload\" data-src=\"http:\/\/caririemacao.com\/1\/wp-content\/uploads\/2018\/05\/IMG_9968.jpg\" alt=\"\" width=\"800\" height=\"533\" data-srcset=\"https:\/\/www.caririemacao.com\/1\/wp-content\/uploads\/2018\/05\/IMG_9968.jpg 800w, https:\/\/www.caririemacao.com\/1\/wp-content\/uploads\/2018\/05\/IMG_9968-300x200.jpg 300w, https:\/\/www.caririemacao.com\/1\/wp-content\/uploads\/2018\/05\/IMG_9968-768x512.jpg 768w\" data-sizes=\"(max-width: 800px) 100vw, 800px\" src=\"data:image\/svg+xml;base64,PHN2ZyB3aWR0aD0iMSIgaGVpZ2h0PSIxIiB4bWxucz0iaHR0cDovL3d3dy53My5vcmcvMjAwMC9zdmciPjwvc3ZnPg==\" style=\"--smush-placeholder-width: 800px; --smush-placeholder-aspect-ratio: 800\/533;\" \/><\/a><\/p>\n<p>A vereadora <strong>Neide Fernandes<\/strong> registrou um voto de pesar em nome de Maria Florentino do Nascimento, mais conhecida como Maria de Ant\u00f4nio Mere\u00e7o. A vereadora Neide aproveitou a oportunidade para parabenizar o prefeito pelos festejos dos 21 anos de emancipa\u00e7\u00e3o pol\u00edtica do munic\u00edpio de Cara\u00fabas realizados durante na \u00faltima semana. Ela destacou o esfor\u00e7o que a gest\u00e3o tem feito para encontrar um m\u00e9dico destinado a Unidade B\u00e1sica de Sa\u00fade do distrito de Barreiras. Em sua fala, destacou que a gest\u00e3o tem mantido contato com v\u00e1rios \u00f3rg\u00e3os ligados aos profissionais da medicina, mas que tem sido muito dif\u00edcil encontrar um m\u00e9dico com disponibilidade para atender a comunidade.<\/p>\n<p><a href=\"http:\/\/caririemacao.com\/1\/?attachment_id=50515\" rel=\"attachment wp-att-50515\"><img decoding=\"async\" class=\"aligncenter size-full wp-image-50515 lazyload\" data-src=\"http:\/\/caririemacao.com\/1\/wp-content\/uploads\/2018\/05\/IMG_9921.jpg\" alt=\"\" width=\"800\" height=\"533\" data-srcset=\"https:\/\/www.caririemacao.com\/1\/wp-content\/uploads\/2018\/05\/IMG_9921.jpg 800w, https:\/\/www.caririemacao.com\/1\/wp-content\/uploads\/2018\/05\/IMG_9921-300x200.jpg 300w, https:\/\/www.caririemacao.com\/1\/wp-content\/uploads\/2018\/05\/IMG_9921-768x512.jpg 768w\" data-sizes=\"(max-width: 800px) 100vw, 800px\" src=\"data:image\/svg+xml;base64,PHN2ZyB3aWR0aD0iMSIgaGVpZ2h0PSIxIiB4bWxucz0iaHR0cDovL3d3dy53My5vcmcvMjAwMC9zdmciPjwvc3ZnPg==\" style=\"--smush-placeholder-width: 800px; --smush-placeholder-aspect-ratio: 800\/533;\" \/><\/a><\/p>\n<p>O vereador<strong> In\u00e1cio Irinaldo<\/strong> somou ao voto de pesar da vereadora Neide Fernandes. In\u00e1cio aproveitou para destacar o seu la\u00e7o de amizade com a fam\u00edlia de Dona Maria. O vereador ainda aproveitou para cobrar da Gest\u00e3o Municipal que agilize a contrata\u00e7\u00e3o de um m\u00e9dico para unidade b\u00e1sica de sa\u00fade das Barreiras. Ele falou que a popula\u00e7\u00e3o n\u00e3o pode ficar descoberta no tocante do atendimento m\u00e9dico, In\u00e1cio ainda solicitou da gest\u00e3o Municipal a recupera\u00e7\u00e3o de estradas vicinais.<\/p>\n<p><a href=\"http:\/\/caririemacao.com\/1\/?attachment_id=50517\" rel=\"attachment wp-att-50517\"><img decoding=\"async\" class=\"aligncenter size-full wp-image-50517 lazyload\" data-src=\"http:\/\/caririemacao.com\/1\/wp-content\/uploads\/2018\/05\/IMG_9943.jpg\" alt=\"\" width=\"800\" height=\"533\" data-srcset=\"https:\/\/www.caririemacao.com\/1\/wp-content\/uploads\/2018\/05\/IMG_9943.jpg 800w, https:\/\/www.caririemacao.com\/1\/wp-content\/uploads\/2018\/05\/IMG_9943-300x200.jpg 300w, https:\/\/www.caririemacao.com\/1\/wp-content\/uploads\/2018\/05\/IMG_9943-768x512.jpg 768w\" data-sizes=\"(max-width: 800px) 100vw, 800px\" src=\"data:image\/svg+xml;base64,PHN2ZyB3aWR0aD0iMSIgaGVpZ2h0PSIxIiB4bWxucz0iaHR0cDovL3d3dy53My5vcmcvMjAwMC9zdmciPjwvc3ZnPg==\" style=\"--smush-placeholder-width: 800px; --smush-placeholder-aspect-ratio: 800\/533;\" \/><\/a><\/p>\n<p><strong>Tom\u00e1s Aquino<\/strong> tamb\u00e9m fez uso da tribuna e aproveitou a oportunidade para se somar ao voto de pesar da vereadora Neide e parabenizou a gest\u00e3o pela programa\u00e7\u00e3o realizada nos festejos de emancipa\u00e7\u00e3o pol\u00edtica. Tom\u00e1s solicitou da gest\u00e3o Municipal que d\u00ea mais aten\u00e7\u00e3o a recupera\u00e7\u00e3o das estradas vicinais do munic\u00edpio. Ele ainda somou a solicita\u00e7\u00e3o de um m\u00e9dico para atender distrito de Barreiras.<\/p>\n<p><a href=\"http:\/\/caririemacao.com\/1\/?attachment_id=50514\" rel=\"attachment wp-att-50514\"><img decoding=\"async\" class=\"aligncenter size-full wp-image-50514 lazyload\" data-src=\"http:\/\/caririemacao.com\/1\/wp-content\/uploads\/2018\/05\/IMG_9920.jpg\" alt=\"\" width=\"800\" height=\"533\" data-srcset=\"https:\/\/www.caririemacao.com\/1\/wp-content\/uploads\/2018\/05\/IMG_9920.jpg 800w, https:\/\/www.caririemacao.com\/1\/wp-content\/uploads\/2018\/05\/IMG_9920-300x200.jpg 300w, https:\/\/www.caririemacao.com\/1\/wp-content\/uploads\/2018\/05\/IMG_9920-768x512.jpg 768w\" data-sizes=\"(max-width: 800px) 100vw, 800px\" src=\"data:image\/svg+xml;base64,PHN2ZyB3aWR0aD0iMSIgaGVpZ2h0PSIxIiB4bWxucz0iaHR0cDovL3d3dy53My5vcmcvMjAwMC9zdmciPjwvc3ZnPg==\" style=\"--smush-placeholder-width: 800px; --smush-placeholder-aspect-ratio: 800\/533;\" \/><\/a><\/p>\n<p>O vice-presidente da casa, o <strong>vereador Nero<\/strong>, tamb\u00e9m esteve na Tribuna e somou-se ao voto de pesar a fam\u00edlia de Dona Maria, do distrito de Barreiras, aproveitando a oportunidade para solicitar o apoio dos pares para votar o seu requerimento, observando que a solicita\u00e7\u00e3o feita no requerimento \u00e9 algo inovador e sustent\u00e1vel para o munic\u00edpio. Nero ainda parabenizou o prefeito Silvano Dudu pela a inciativa da gest\u00e3o pela recupera\u00e7\u00e3o de estradas que vem sendo feita. \u201cEstive andando nas estradas do munic\u00edpio e boa parte dela est\u00e3o sendo recuperadas\u201d, comentou.<\/p>\n<p>Ele pediu ainda paci\u00eancia aos populares afirmando que n\u00e3o \u00e9 f\u00e1cil recuperar estradas em \u00e9pocas de chuvas.<\/p>\n<p><a href=\"http:\/\/caririemacao.com\/1\/?attachment_id=50516\" rel=\"attachment wp-att-50516\"><img decoding=\"async\" class=\"aligncenter size-full wp-image-50516 lazyload\" data-src=\"http:\/\/caririemacao.com\/1\/wp-content\/uploads\/2018\/05\/IMG_9923.jpg\" alt=\"\" width=\"800\" height=\"533\" data-srcset=\"https:\/\/www.caririemacao.com\/1\/wp-content\/uploads\/2018\/05\/IMG_9923.jpg 800w, https:\/\/www.caririemacao.com\/1\/wp-content\/uploads\/2018\/05\/IMG_9923-300x200.jpg 300w, https:\/\/www.caririemacao.com\/1\/wp-content\/uploads\/2018\/05\/IMG_9923-768x512.jpg 768w\" data-sizes=\"(max-width: 800px) 100vw, 800px\" src=\"data:image\/svg+xml;base64,PHN2ZyB3aWR0aD0iMSIgaGVpZ2h0PSIxIiB4bWxucz0iaHR0cDovL3d3dy53My5vcmcvMjAwMC9zdmciPjwvc3ZnPg==\" style=\"--smush-placeholder-width: 800px; --smush-placeholder-aspect-ratio: 800\/533;\" \/><\/a><\/p>\n<p>Ainda da tribuna, o vereador <strong>Bazuca<\/strong> solicitou do prefeito, Silvano Dudu a recupera\u00e7\u00e3o das estradas vicinais do munic\u00edpio solicitando uma aten\u00e7\u00e3o especial para a comunidade de Curralinho, que segundo ele, a estrada se encontra intransit\u00e1vel, o vereador ainda registrou o seu voto de pesar e na sequ\u00eancia destacou a import\u00e2ncia do PL que estava dando entrada na casa para ser votado. \u201cO projeto de n.\u00ba 7\/2018 visa disciplinar a entrega e inaugura\u00e7\u00e3o de obras\u201d, comentou.<\/p>\n<p><a href=\"http:\/\/caririemacao.com\/1\/?attachment_id=50519\" rel=\"attachment wp-att-50519\"><img decoding=\"async\" class=\"aligncenter size-full wp-image-50519 lazyload\" data-src=\"http:\/\/caririemacao.com\/1\/wp-content\/uploads\/2018\/05\/IMG_9955.jpg\" alt=\"\" width=\"800\" height=\"533\" data-srcset=\"https:\/\/www.caririemacao.com\/1\/wp-content\/uploads\/2018\/05\/IMG_9955.jpg 800w, https:\/\/www.caririemacao.com\/1\/wp-content\/uploads\/2018\/05\/IMG_9955-300x200.jpg 300w, https:\/\/www.caririemacao.com\/1\/wp-content\/uploads\/2018\/05\/IMG_9955-768x512.jpg 768w\" data-sizes=\"(max-width: 800px) 100vw, 800px\" src=\"data:image\/svg+xml;base64,PHN2ZyB3aWR0aD0iMSIgaGVpZ2h0PSIxIiB4bWxucz0iaHR0cDovL3d3dy53My5vcmcvMjAwMC9zdmciPjwvc3ZnPg==\" style=\"--smush-placeholder-width: 800px; --smush-placeholder-aspect-ratio: 800\/533;\" \/><\/a><\/p>\n<p>Ap\u00f3s os pronunciamentos, o presidente da C\u00e2mara colocou em vota\u00e7\u00e3o o requerimento de autoria do vereador Nero que solicita ao Prefeito Municipal a implanta\u00e7\u00e3o de um gramado no est\u00e1dio de futebol \u201cJos\u00e9 Valdeir Neves\u201d e a implanta\u00e7\u00e3o de esta\u00e7\u00e3o de tratamento de esgoto, como objetivo de reutilizar a \u00e1gua para manuten\u00e7\u00e3o do gramado do est\u00e1dio. Tamb\u00e9m foi aprovado o requerimento do vereador Bazoca que solicitava da gest\u00e3o municipal a recupera\u00e7\u00e3o de ruas esburacadas em virtude do servi\u00e7o de esgotamento sanit\u00e1rio que estava sendo executada pelo Governo do Estado. Ambos foram aprovados por unanimidade.<\/p>\n<p>Por fim, o vereador Renivan Neves marcou a pr\u00f3xima sess\u00e3o ordin\u00e1ria para o dia 23 de Maio.<\/p>\n<p><strong>Veja fotos da sess\u00e3o clicando no link abaixo.\u00a0<\/strong><\/p>\n<p><a href=\"https:\/\/www.facebook.com\/pg\/CaririEmAcao\/photos\/?tab=album&amp;album_id=1238432029626151\">Sess\u00e3o da C\u00e2mara de Cara\u00fabas (08-05-18)<\/a><\/p>\n<p><strong>CARIRI EM A\u00c7\u00c3O<\/strong><\/p>\n<p><strong>Leia mais not\u00edcias em\u00a0<\/strong><a href=\"http:\/\/www.caririemacao.com\/\"><strong>caririemacao.com<\/strong><\/a><strong>, siga nossa p\u00e1gina no\u00a0<\/strong><a href=\"https:\/\/www.facebook.com\/CaririEmAcao\/?ref=aymt_homepage_panel\"><strong>Facebook<\/strong><\/a>,<strong>\u00a0<\/strong><a href=\"https:\/\/www.instagram.com\/cariri_em_acao\/?hl=pt-br\"><strong>Instagram<\/strong><\/a><strong>\u00a0e <\/strong><a href=\"https:\/\/www.youtube.com\/channel\/UCAptA0jQuYQy8vMhLt2m4qg\"><strong>Youtube<\/strong><\/a><strong>\u00a0e veja nossas mat\u00e9rias, v\u00eddeos e fotos. Voc\u00ea tamb\u00e9m pode enviar informa\u00e7\u00f5es \u00e0 Reda\u00e7\u00e3o do Portal Cariri em A\u00e7\u00e3o pelo WhatsApp (83) 9 9634.5791, (83) 9 9601-1162.<\/strong><\/p>\n","protected":false},"excerpt":{"rendered":"<p>A C\u00e2mara Municipal de Cara\u00fabas realizou na noite desta ter\u00e7a-feira (08), mais uma importante sess\u00e3o ordin\u00e1ria sob a presid\u00eancia do vereador Renivan Neves. No in\u00edcio&hellip; <\/p>\n","protected":false},"author":2,"featured_media":50520,"comment_status":"closed","ping_status":"closed","sticky":false,"template":"","format":"standard","meta":{"sfsi_plus_gutenberg_text_before_share":"","sfsi_plus_gutenberg_show_text_before_share":"","sfsi_plus_gutenberg_icon_type":"","sfsi_plus_gutenberg_icon_alignemt":"","sfsi_plus_gutenburg_max_per_row":"","footnotes":""},"categories":[6],"tags":[],"class_list":["post-50482","post","type-post","status-publish","format-standard","has-post-thumbnail","hentry","category-cidades"],"_links":{"self":[{"href":"https:\/\/www.caririemacao.com\/1\/wp-json\/wp\/v2\/posts\/50482","targetHints":{"allow":["GET"]}}],"collection":[{"href":"https:\/\/www.caririemacao.com\/1\/wp-json\/wp\/v2\/posts"}],"about":[{"href":"https:\/\/www.caririemacao.com\/1\/wp-json\/wp\/v2\/types\/post"}],"author":[{"embeddable":true,"href":"https:\/\/www.caririemacao.com\/1\/wp-json\/wp\/v2\/users\/2"}],"replies":[{"embeddable":true,"href":"https:\/\/www.caririemacao.com\/1\/wp-json\/wp\/v2\/comments?post=50482"}],"version-history":[{"count":0,"href":"https:\/\/www.caririemacao.com\/1\/wp-json\/wp\/v2\/posts\/50482\/revisions"}],"wp:featuredmedia":[{"embeddable":true,"href":"https:\/\/www.caririemacao.com\/1\/wp-json\/wp\/v2\/media\/50520"}],"wp:attachment":[{"href":"https:\/\/www.caririemacao.com\/1\/wp-json\/wp\/v2\/media?parent=50482"}],"wp:term":[{"taxonomy":"category","embeddable":true,"href":"https:\/\/www.caririemacao.com\/1\/wp-json\/wp\/v2\/categories?post=50482"},{"taxonomy":"post_tag","embeddable":true,"href":"https:\/\/www.caririemacao.com\/1\/wp-json\/wp\/v2\/tags?post=50482"}],"curies":[{"name":"wp","href":"https:\/\/api.w.org\/{rel}","templated":true}]}}