{"id":50488,"date":"2018-05-09T22:14:33","date_gmt":"2018-05-10T01:14:33","guid":{"rendered":"http:\/\/caririemacao.com\/1\/?p=50488"},"modified":"2018-05-09T22:14:33","modified_gmt":"2018-05-10T01:14:33","slug":"veiculos-imoveis-e-eletronicos-compoem-lotes-de-leilao-da-justica-federal-na-pb","status":"publish","type":"post","link":"https:\/\/www.caririemacao.com\/1\/2018\/05\/09\/veiculos-imoveis-e-eletronicos-compoem-lotes-de-leilao-da-justica-federal-na-pb\/","title":{"rendered":"Ve\u00edculos, im\u00f3veis e eletr\u00f4nicos comp\u00f5em lotes de leil\u00e3o da Justi\u00e7a Federal na PB"},"content":{"rendered":"<div class=\"mc-column content-text active-extra-styles active-capital-letter\" data-block-type=\"unstyled\" data-block-weight=\"42\" data-block-id=\"2\">\n<p class=\"content-text__container theme-color-primary-first-letter\" data-track-category=\"Link no Texto\" data-track-links=\"\">Motos, carros, aparelhos de inform\u00e1tica, pedras preciosas, im\u00f3veis e m\u00e1quinas industriais ser\u00e3o leiloados pela Justi\u00e7a Federal na Para\u00edba (JFPB), no dia 17 deste m\u00eas, \u00e0s 9h. Os bens poder\u00e3o ser visitados de segunda a sexta-feira,\u00a0de acordo com as orienta\u00e7\u00f5es do edital.<\/p>\n<\/div>\n<div class=\"mc-column content-text active-extra-styles \" data-block-type=\"unstyled\" data-block-weight=\"37\" data-block-id=\"3\">\n<p class=\"content-text__container \" data-track-category=\"Link no Texto\" data-track-links=\"\">A maioria dos lotes poder\u00e1 ser arrematada por um pre\u00e7o m\u00ednimo de 50% do valor da avalia\u00e7\u00e3o, no entanto, de acordo com o edital, alguns casos n\u00e3o se encaixam nessa regra, como bens vinculados a processos criminais.<\/p>\n<\/div>\n<div class=\"mc-column content-text active-extra-styles \" data-block-type=\"unstyled\" data-block-weight=\"36\" data-block-id=\"4\">\n<p class=\"content-text__container \" data-track-category=\"Link no Texto\" data-track-links=\"\">Ser\u00e1 poss\u00edvel participar do leil\u00e3o nas modalidades presencial, no audit\u00f3rio da Justi\u00e7a Federal, em Jo\u00e3o Pessoa; telepresencial, por videoconfer\u00eancia nas subse\u00e7\u00f5es de Campina Grande, Sousa, Monteiro, Patos e Guarabira; e virtual, diretamente com os leiloeiros cadastrados.<\/p>\n<\/div>\n<div class=\"mc-column content-text active-extra-styles \" data-block-type=\"unstyled\" data-block-weight=\"44\" data-block-id=\"5\">\n<p class=\"content-text__container \" data-track-category=\"Link no Texto\" data-track-links=\"\">Qualquer cidad\u00e3o, acima de 18 anos, poder\u00e1 oferecer lances presenciais. Contudo, no caso de participa\u00e7\u00e3o via internet, o interessado deve realizar um cadastro com anteced\u00eancia m\u00ednima de 72 horas da data do evento e de modo gratuito, seguindo o que foi estabelecido no edital.<\/p>\n<\/div>\n<div class=\"mc-column content-text active-extra-styles \" data-block-type=\"unstyled\" data-block-weight=\"29\" data-block-id=\"6\">\n<p class=\"content-text__container \" data-track-category=\"Link no Texto\" data-track-links=\"\">Dentro do projeto Leil\u00e3o Eficaz da JFPB, o evento ter\u00e1 uma 2\u00aa edi\u00e7\u00e3o, no dia 29 de maio, tamb\u00e9m em Jo\u00e3o Pessoa, com transmiss\u00f5es nas modalidades telepresencial e virtual.<\/p>\n<\/div>\n<div data-track-category=\"fim do conteudo\" data-track-action=\"ultimo chunk conteudo\" data-track-noninteraction=\"false\" data-track-scroll=\"entrada completa viewport\">\n<div class=\"mc-column content-text active-extra-styles \" data-block-type=\"unstyled\" data-block-weight=\"27\" data-block-id=\"7\">\n<p class=\"content-text__container \" data-track-category=\"Link no Texto\" data-track-links=\"\">Os pre\u00e7os dos bens variam, dependendo do tamanho do que est\u00e1 incluso no lote. H\u00e1 equipamentos eletr\u00f4nicos por R$ 900 e im\u00f3veis por at\u00e9 R$ 44 milh\u00f5es.<\/p>\n<p><strong>CARIRI EM A\u00c7\u00c3O<\/strong><\/p>\n<p><em>Com G1\/Foto: Reprodu\u00e7\u00e3o google<\/em><\/p>\n<p><strong>Leia mais not\u00edcias em\u00a0<\/strong><a href=\"http:\/\/www.caririemacao.com\/\"><strong>caririemacao.com<\/strong><\/a><strong>, siga nossa p\u00e1gina no\u00a0<\/strong><a href=\"https:\/\/www.facebook.com\/CaririEmAcao\/?ref=aymt_homepage_panel\"><strong>Facebook<\/strong><\/a>,<strong>\u00a0<\/strong><a href=\"https:\/\/www.instagram.com\/cariri_em_acao\/?hl=pt-br\"><strong>Instagram<\/strong><\/a><strong>\u00a0e\u00a0<\/strong><a href=\"https:\/\/www.youtube.com\/channel\/UCAptA0jQuYQy8vMhLt2m4qg\"><strong>Youtube<\/strong><\/a><strong>\u00a0e veja nossas mat\u00e9rias, v\u00eddeos e fotos. Voc\u00ea tamb\u00e9m pode enviar informa\u00e7\u00f5es \u00e0 Reda\u00e7\u00e3o do Portal Cariri em A\u00e7\u00e3o pelo WhatsApp (83) 9 9634.5791, (83) 9 9601-1162.<\/strong><\/p>\n<\/div>\n<\/div>\n","protected":false},"excerpt":{"rendered":"<p>Motos, carros, aparelhos de inform\u00e1tica, pedras preciosas, im\u00f3veis e m\u00e1quinas industriais ser\u00e3o leiloados pela Justi\u00e7a Federal na Para\u00edba (JFPB), no dia 17 deste m\u00eas, \u00e0s&hellip; <\/p>\n","protected":false},"author":2,"featured_media":50489,"comment_status":"closed","ping_status":"closed","sticky":false,"template":"","format":"standard","meta":{"sfsi_plus_gutenberg_text_before_share":"","sfsi_plus_gutenberg_show_text_before_share":"","sfsi_plus_gutenberg_icon_type":"","sfsi_plus_gutenberg_icon_alignemt":"","sfsi_plus_gutenburg_max_per_row":"","footnotes":""},"categories":[2],"tags":[],"class_list":["post-50488","post","type-post","status-publish","format-standard","has-post-thumbnail","hentry","category-geral"],"_links":{"self":[{"href":"https:\/\/www.caririemacao.com\/1\/wp-json\/wp\/v2\/posts\/50488","targetHints":{"allow":["GET"]}}],"collection":[{"href":"https:\/\/www.caririemacao.com\/1\/wp-json\/wp\/v2\/posts"}],"about":[{"href":"https:\/\/www.caririemacao.com\/1\/wp-json\/wp\/v2\/types\/post"}],"author":[{"embeddable":true,"href":"https:\/\/www.caririemacao.com\/1\/wp-json\/wp\/v2\/users\/2"}],"replies":[{"embeddable":true,"href":"https:\/\/www.caririemacao.com\/1\/wp-json\/wp\/v2\/comments?post=50488"}],"version-history":[{"count":0,"href":"https:\/\/www.caririemacao.com\/1\/wp-json\/wp\/v2\/posts\/50488\/revisions"}],"wp:featuredmedia":[{"embeddable":true,"href":"https:\/\/www.caririemacao.com\/1\/wp-json\/wp\/v2\/media\/50489"}],"wp:attachment":[{"href":"https:\/\/www.caririemacao.com\/1\/wp-json\/wp\/v2\/media?parent=50488"}],"wp:term":[{"taxonomy":"category","embeddable":true,"href":"https:\/\/www.caririemacao.com\/1\/wp-json\/wp\/v2\/categories?post=50488"},{"taxonomy":"post_tag","embeddable":true,"href":"https:\/\/www.caririemacao.com\/1\/wp-json\/wp\/v2\/tags?post=50488"}],"curies":[{"name":"wp","href":"https:\/\/api.w.org\/{rel}","templated":true}]}}