{"id":50496,"date":"2018-05-09T22:22:46","date_gmt":"2018-05-10T01:22:46","guid":{"rendered":"http:\/\/caririemacao.com\/1\/?p=50496"},"modified":"2018-05-09T22:22:46","modified_gmt":"2018-05-10T01:22:46","slug":"monteiro-obras-em-pocoes-atrasam-e-agua-da-transposicao-segue-suspensa-na-pb","status":"publish","type":"post","link":"https:\/\/www.caririemacao.com\/1\/2018\/05\/09\/monteiro-obras-em-pocoes-atrasam-e-agua-da-transposicao-segue-suspensa-na-pb\/","title":{"rendered":"Monteiro: Obras em Po\u00e7\u00f5es atrasam e \u00e1gua da transposi\u00e7\u00e3o segue suspensa na PB"},"content":{"rendered":"<p>O Minist\u00e9rio P\u00fablico Federal (MPF) na Para\u00edba constatou em vistoria que as obras prometidas para os a\u00e7udes de Po\u00e7\u00f5es e Camala\u00fa ainda n\u00e3o come\u00e7aram. Por causa dessas obras, anunciadas em 2 de abril deste ano e que deveriam durar quatro meses, o bombeamento de \u00e1gua do eixo leste da transposi\u00e7\u00e3o do S\u00e3o Francisco para o a\u00e7ude de Boqueir\u00e3o\u00a0est\u00e1 suspenso.<\/p>\n<p>O prazo de quatro meses foi estabelecido pelo Departamento Nacional de Obras Contra as Secas (Dnocs),\u00a0durante reuni\u00e3o realizada no\u00a0MPF\u00a0em Jo\u00e3o Pessoa no \u00faltimo dia 16 de mar\u00e7o.<\/p>\n<p>Segundo o MPF, o n\u00edvel elevado do a\u00e7ude de Camala\u00fa e o consequente alagamento da regi\u00e3o da tomada d\u2019\u00e1gua dificulta o cumprimento do prazo de quatro meses, tamb\u00e9m estabelecido para aquele manancial.\u00a0Parte da vistoria foi acompanhada por analistas ambientais do Instituto Brasileiro do Meio Ambiente e dos Recursos Naturais Renov\u00e1veis (Ibama).<\/p>\n<p>Ap\u00f3s reuni\u00e3o do Comit\u00ea de Gest\u00e3o da Crise H\u00eddrica do Minist\u00e9rio P\u00fablico da Para\u00edba, foi procedida a reabertura da descarga de fundo de Camala\u00fa, no sentido de descomprometer a ensecadeira (dispositivo utilizado para conten\u00e7\u00e3o tempor\u00e1ria da a\u00e7\u00e3o das \u00e1guas em superf\u00edcies escavadas) e, por consequ\u00eancia, o andamento da obra. A iniciativa do MPPB tamb\u00e9m foi decisiva para libera\u00e7\u00e3o da descarga de fundo de Po\u00e7\u00f5es.<\/p>\n<p>De acordo com a Engenharia do\u00a0MPF, a abertura das descargas de fundo dos dois a\u00e7udes n\u00e3o deve ser encarada como um desperd\u00edcio de \u00e1gua.\u00a0\u201cBoa parte da \u00e1gua que sair\u00e1 pela descarga de fundo de Camala\u00fa poder\u00e1 ser captada pelo po\u00e7o amazonas que serve para abastecer o sistema adutor do Congo, o qual fica localizado no leito do rio Para\u00edba\u201d, destaca.<\/p>\n<p>O diretor do Dnocs na Para\u00edba, Alberto Gomes, disse em entrevista<strong>\u00a0<\/strong>nesta quarta-feira (9)\u00a0que as obras dever\u00e3o come\u00e7ar em at\u00e9 sete dias. Ele disse que aguarda a Ag\u00eancia Nacional das \u00c1guas (ANA) e a Ag\u00eancia Executiva de Gest\u00e3o das \u00c1guas (Aesa)\u00a0liberarem a abertura das descargas de fundo dos dois a\u00e7udes.<\/p>\n<p><strong>Desmatamento e esgoto<\/strong><\/p>\n<p>Durante a vistoria do\u00a0MPF\u00a0e Ibama, foi novamente constatada a exist\u00eancia de desmatamento nas margens do rio Para\u00edba, bem como a presen\u00e7a de l\u00edquido parecido com esgoto em trechos de canais de \u00e1guas pluviais na cidade de Monteiro.<\/p>\n<p><strong>Reuni\u00e3o<\/strong><\/p>\n<p>Na pr\u00f3xima segunda-feira (14), \u00e0s 11h, na sede do\u00a0MPF\u00a0em Jo\u00e3o Pessoa, haver\u00e1 uma reuni\u00e3o com a PB Constru\u00e7\u00f5es, empresa respons\u00e1vel pelas obras em Po\u00e7\u00f5es, com o intuito de debater a retomada dos servi\u00e7os no reservat\u00f3rio. Participar\u00e3o do encontro representantes do\u00a0MPF, MP estadual e Dnocs.<\/p>\n<div data-track-category=\"fim do conteudo\" data-track-action=\"ultimo chunk conteudo\" data-track-noninteraction=\"false\" data-track-scroll=\"entrada completa viewport\">\n<div class=\"mc-column content-text active-extra-styles \" data-block-type=\"unstyled\" data-block-weight=\"27\" data-block-id=\"7\">\n<p><strong>CARIRI EM A\u00c7\u00c3O<\/strong><\/p>\n<p><em>Com Portal Correio\/Foto: Reprodu\u00e7\u00e3o google<\/em><\/p>\n<p><strong>Leia mais not\u00edcias em\u00a0<\/strong><a href=\"http:\/\/www.caririemacao.com\/\"><strong>caririemacao.com<\/strong><\/a><strong>, siga nossa p\u00e1gina no\u00a0<\/strong><a href=\"https:\/\/www.facebook.com\/CaririEmAcao\/?ref=aymt_homepage_panel\"><strong>Facebook<\/strong><\/a>,<strong>\u00a0<\/strong><a href=\"https:\/\/www.instagram.com\/cariri_em_acao\/?hl=pt-br\"><strong>Instagram<\/strong><\/a><strong>\u00a0e\u00a0<\/strong><a href=\"https:\/\/www.youtube.com\/channel\/UCAptA0jQuYQy8vMhLt2m4qg\"><strong>Youtube<\/strong><\/a><strong>\u00a0e veja nossas mat\u00e9rias, v\u00eddeos e fotos. Voc\u00ea tamb\u00e9m pode enviar informa\u00e7\u00f5es \u00e0 Reda\u00e7\u00e3o do Portal Cariri em A\u00e7\u00e3o pelo WhatsApp (83) 9 9634.5791, (83) 9 9601-1162.<\/strong><\/p>\n<\/div>\n<\/div>\n","protected":false},"excerpt":{"rendered":"<p>O Minist\u00e9rio P\u00fablico Federal (MPF) na Para\u00edba constatou em vistoria que as obras prometidas para os a\u00e7udes de Po\u00e7\u00f5es e Camala\u00fa ainda n\u00e3o come\u00e7aram. Por&hellip; <\/p>\n","protected":false},"author":2,"featured_media":50497,"comment_status":"closed","ping_status":"closed","sticky":false,"template":"","format":"standard","meta":{"sfsi_plus_gutenberg_text_before_share":"","sfsi_plus_gutenberg_show_text_before_share":"","sfsi_plus_gutenberg_icon_type":"","sfsi_plus_gutenberg_icon_alignemt":"","sfsi_plus_gutenburg_max_per_row":"","footnotes":""},"categories":[6],"tags":[],"class_list":["post-50496","post","type-post","status-publish","format-standard","has-post-thumbnail","hentry","category-cidades"],"_links":{"self":[{"href":"https:\/\/www.caririemacao.com\/1\/wp-json\/wp\/v2\/posts\/50496","targetHints":{"allow":["GET"]}}],"collection":[{"href":"https:\/\/www.caririemacao.com\/1\/wp-json\/wp\/v2\/posts"}],"about":[{"href":"https:\/\/www.caririemacao.com\/1\/wp-json\/wp\/v2\/types\/post"}],"author":[{"embeddable":true,"href":"https:\/\/www.caririemacao.com\/1\/wp-json\/wp\/v2\/users\/2"}],"replies":[{"embeddable":true,"href":"https:\/\/www.caririemacao.com\/1\/wp-json\/wp\/v2\/comments?post=50496"}],"version-history":[{"count":0,"href":"https:\/\/www.caririemacao.com\/1\/wp-json\/wp\/v2\/posts\/50496\/revisions"}],"wp:featuredmedia":[{"embeddable":true,"href":"https:\/\/www.caririemacao.com\/1\/wp-json\/wp\/v2\/media\/50497"}],"wp:attachment":[{"href":"https:\/\/www.caririemacao.com\/1\/wp-json\/wp\/v2\/media?parent=50496"}],"wp:term":[{"taxonomy":"category","embeddable":true,"href":"https:\/\/www.caririemacao.com\/1\/wp-json\/wp\/v2\/categories?post=50496"},{"taxonomy":"post_tag","embeddable":true,"href":"https:\/\/www.caririemacao.com\/1\/wp-json\/wp\/v2\/tags?post=50496"}],"curies":[{"name":"wp","href":"https:\/\/api.w.org\/{rel}","templated":true}]}}