{"id":50499,"date":"2018-05-09T22:24:30","date_gmt":"2018-05-10T01:24:30","guid":{"rendered":"http:\/\/caririemacao.com\/1\/?p=50499"},"modified":"2018-05-09T22:24:30","modified_gmt":"2018-05-10T01:24:30","slug":"maia-quer-urgencia-para-votar-punicao-maior-a-invasao-de-terra","status":"publish","type":"post","link":"https:\/\/www.caririemacao.com\/1\/2018\/05\/09\/maia-quer-urgencia-para-votar-punicao-maior-a-invasao-de-terra\/","title":{"rendered":"Maia quer urg\u00eancia para votar puni\u00e7\u00e3o maior a invas\u00e3o de terra"},"content":{"rendered":"<p>O presidente da C\u00e2mara dos Deputados, Rodrigo Maia (DEM-RJ), afirmou nesta quarta-feira (9), ap\u00f3s almo\u00e7o com integrantes da CNA (Confedera\u00e7\u00e3o da Agricultura e Pecu\u00e1ria do Brasil), que ir\u00e1 tentar votar nesta quarta ou na pr\u00f3xima semana a urg\u00eancia para projeto que endurece as puni\u00e7\u00f5es a quem invadir terras no campo.<\/p>\n<p>O projeto, do deputado e l\u00edder do PSDB, Nilson Leit\u00e3o (MT), integra um conjunto de propostas demandadas pela confedera\u00e7\u00e3o.<\/p>\n<p>\u201cJ\u00e1 tinha conversado com o presidente da CNA, n\u00f3s vamos olhar as propostas come\u00e7ando de projeto de lei que trata da quest\u00e3o de invas\u00e3o de terras, que \u00e9 um projeto do Nilson Leit\u00e3o\u201d, disse o presidente da C\u00e2mara.<\/p>\n<p>\u201cAcho esse projeto do Nilson Leit\u00e3o importante porque vem na linha exatamente de endurecer as leis daqueles que invadem as terras do campo. Vai dificultar, vai punir mais aquele que de fato se considera no direito de invadir uma propriedade privada.\u201d<\/p>\n<p>Al\u00e9m da urg\u00eancia, Maia disse ter a inten\u00e7\u00e3o de colocar em vota\u00e7\u00e3o nesta quarta o projeto que trata do cadastro positivo de bons pagadores.<\/p>\n<p>Outro projeto citado por Maia dentre os que merecem debate na C\u00e2mara diz respeito ao pol\u00eamico projeto sobre o porte de armas. Para o presidente da Casa, h\u00e1 quest\u00f5es pass\u00edveis de consenso, principalmente relacionadas \u00e0 discricionariedade do governo para conceder o direito \u00e0 posse ou porte.<\/p>\n<p>Maia defende que a C\u00e2mara analise \u201cde que forma essa discuss\u00e3o do porte no campo pode entrar no debate para que a gente possa garantir um direito individual do cidad\u00e3o\u201d.<\/p>\n<p>\u201cEsse \u00e9 um debate demandado pelo setor rural e a gente tem que ter coragem de enfrentar, faz\u00ea-lo e construir algum consenso para que a gente possa avan\u00e7ar\u201d, afirmou.<\/p>\n<p>Outro projeto acompanhado de perto pelos chamados ruralistas \u2013 a proposta altera a legisla\u00e7\u00e3o relacionada ao uso de agrot\u00f3xicos no pa\u00eds &#8212; sofreu um atraso nesta quarta-feira. O parecer foi objeto de um pedido de vistas na comiss\u00e3o especial onde a medida tramita. Um dos projetos apensados \u00e0 proposta pretende alterar a nomenclatura \u201cagrot\u00f3xico\u201d para \u201cdefensivo fitossanit\u00e1rio\u201d.<\/p>\n<div data-track-category=\"fim do conteudo\" data-track-action=\"ultimo chunk conteudo\" data-track-noninteraction=\"false\" data-track-scroll=\"entrada completa viewport\">\n<div class=\"mc-column content-text active-extra-styles \" data-block-type=\"unstyled\" data-block-weight=\"27\" data-block-id=\"7\">\n<p><strong>CARIRI EM A\u00c7\u00c3O<\/strong><\/p>\n<p><em>Com R7 Brasil\/Foto: Reprodu\u00e7\u00e3o google<\/em><\/p>\n<p><strong>Leia mais not\u00edcias em\u00a0<\/strong><a href=\"http:\/\/www.caririemacao.com\/\"><strong>caririemacao.com<\/strong><\/a><strong>, siga nossa p\u00e1gina no\u00a0<\/strong><a href=\"https:\/\/www.facebook.com\/CaririEmAcao\/?ref=aymt_homepage_panel\"><strong>Facebook<\/strong><\/a>,<strong>\u00a0<\/strong><a href=\"https:\/\/www.instagram.com\/cariri_em_acao\/?hl=pt-br\"><strong>Instagram<\/strong><\/a><strong>\u00a0e\u00a0<\/strong><a href=\"https:\/\/www.youtube.com\/channel\/UCAptA0jQuYQy8vMhLt2m4qg\"><strong>Youtube<\/strong><\/a><strong>\u00a0e veja nossas mat\u00e9rias, v\u00eddeos e fotos. Voc\u00ea tamb\u00e9m pode enviar informa\u00e7\u00f5es \u00e0 Reda\u00e7\u00e3o do Portal Cariri em A\u00e7\u00e3o pelo WhatsApp (83) 9 9634.5791, (83) 9 9601-1162.<\/strong><\/p>\n<\/div>\n<\/div>\n","protected":false},"excerpt":{"rendered":"<p>O presidente da C\u00e2mara dos Deputados, Rodrigo Maia (DEM-RJ), afirmou nesta quarta-feira (9), ap\u00f3s almo\u00e7o com integrantes da CNA (Confedera\u00e7\u00e3o da Agricultura e Pecu\u00e1ria do&hellip; <\/p>\n","protected":false},"author":2,"featured_media":38657,"comment_status":"closed","ping_status":"closed","sticky":false,"template":"","format":"standard","meta":{"sfsi_plus_gutenberg_text_before_share":"","sfsi_plus_gutenberg_show_text_before_share":"","sfsi_plus_gutenberg_icon_type":"","sfsi_plus_gutenberg_icon_alignemt":"","sfsi_plus_gutenburg_max_per_row":"","footnotes":""},"categories":[11],"tags":[],"class_list":["post-50499","post","type-post","status-publish","format-standard","has-post-thumbnail","hentry","category-politica"],"_links":{"self":[{"href":"https:\/\/www.caririemacao.com\/1\/wp-json\/wp\/v2\/posts\/50499","targetHints":{"allow":["GET"]}}],"collection":[{"href":"https:\/\/www.caririemacao.com\/1\/wp-json\/wp\/v2\/posts"}],"about":[{"href":"https:\/\/www.caririemacao.com\/1\/wp-json\/wp\/v2\/types\/post"}],"author":[{"embeddable":true,"href":"https:\/\/www.caririemacao.com\/1\/wp-json\/wp\/v2\/users\/2"}],"replies":[{"embeddable":true,"href":"https:\/\/www.caririemacao.com\/1\/wp-json\/wp\/v2\/comments?post=50499"}],"version-history":[{"count":0,"href":"https:\/\/www.caririemacao.com\/1\/wp-json\/wp\/v2\/posts\/50499\/revisions"}],"wp:featuredmedia":[{"embeddable":true,"href":"https:\/\/www.caririemacao.com\/1\/wp-json\/wp\/v2\/media\/38657"}],"wp:attachment":[{"href":"https:\/\/www.caririemacao.com\/1\/wp-json\/wp\/v2\/media?parent=50499"}],"wp:term":[{"taxonomy":"category","embeddable":true,"href":"https:\/\/www.caririemacao.com\/1\/wp-json\/wp\/v2\/categories?post=50499"},{"taxonomy":"post_tag","embeddable":true,"href":"https:\/\/www.caririemacao.com\/1\/wp-json\/wp\/v2\/tags?post=50499"}],"curies":[{"name":"wp","href":"https:\/\/api.w.org\/{rel}","templated":true}]}}