{"id":50501,"date":"2018-05-09T22:26:55","date_gmt":"2018-05-10T01:26:55","guid":{"rendered":"http:\/\/caririemacao.com\/1\/?p=50501"},"modified":"2018-05-12T01:44:10","modified_gmt":"2018-05-12T04:44:10","slug":"ujs-de-sume-realiza-congresso-municipal-no-proximo-sabado","status":"publish","type":"post","link":"https:\/\/www.caririemacao.com\/1\/2018\/05\/09\/ujs-de-sume-realiza-congresso-municipal-no-proximo-sabado\/","title":{"rendered":"UJS de Sum\u00e9 realiza congresso municipal no pr\u00f3ximo S\u00e1bado"},"content":{"rendered":"<p style=\"font-weight: 400;\">A UJS de Sum\u00e9 vai promover um importante evento de mobiliza\u00e7\u00e3o da classe estudantil na cidade neste s\u00e1bado dia 12 de Maio.<\/p>\n<p style=\"font-weight: 400;\">Trata-se do 1\u00ba CONGRESSO MUNICIPAL DA UJS SUM\u00c9.<\/p>\n<p style=\"font-weight: 400;\">O evento ser\u00e1 promovido na c\u00e2mara municipal sumeense e ser\u00e1 um importante espa\u00e7o de debate e reflex\u00e3o sobre v\u00e1rios temas ligados \u00e0s bandeiras de luta da classe estudantil<\/p>\n<p style=\"font-weight: 400;\">O evento come\u00e7a \u00e0s 17 horas e \u00e9 aberto para toda popula\u00e7\u00e3o sumeense e tamb\u00e9m estudantes de toda a regi\u00e3o.<\/p>\n<div data-track-category=\"fim do conteudo\" data-track-action=\"ultimo chunk conteudo\" data-track-noninteraction=\"false\" data-track-scroll=\"entrada completa viewport\">\n<div class=\"mc-column content-text active-extra-styles \" data-block-type=\"unstyled\" data-block-weight=\"27\" data-block-id=\"7\">\n<p><strong>CARIRI EM A\u00c7\u00c3O<\/strong><\/p>\n<p><em>Com Tribuna do Cariri\/Foto: Reprodu\u00e7\u00e3o google<\/em><\/p>\n<p><strong>Leia mais not\u00edcias em\u00a0<\/strong><a href=\"http:\/\/www.caririemacao.com\/\"><strong>caririemacao.com<\/strong><\/a><strong>, siga nossa p\u00e1gina no\u00a0<\/strong><a href=\"https:\/\/www.facebook.com\/CaririEmAcao\/?ref=aymt_homepage_panel\"><strong>Facebook<\/strong><\/a>,<strong>\u00a0<\/strong><a href=\"https:\/\/www.instagram.com\/cariri_em_acao\/?hl=pt-br\"><strong>Instagram<\/strong><\/a><strong>\u00a0e\u00a0<\/strong><a href=\"https:\/\/www.youtube.com\/channel\/UCAptA0jQuYQy8vMhLt2m4qg\"><strong>Youtube<\/strong><\/a><strong>\u00a0e veja nossas mat\u00e9rias, v\u00eddeos e fotos. Voc\u00ea tamb\u00e9m pode enviar informa\u00e7\u00f5es \u00e0 Reda\u00e7\u00e3o do Portal Cariri em A\u00e7\u00e3o pelo WhatsApp (83) 9 9634.5791, (83) 9 9601-1162.<\/strong><\/p>\n<\/div>\n<\/div>\n","protected":false},"excerpt":{"rendered":"<p>A UJS de Sum\u00e9 vai promover um importante evento de mobiliza\u00e7\u00e3o da classe estudantil na cidade neste s\u00e1bado dia 12 de Maio. Trata-se do 1\u00ba&hellip; <\/p>\n","protected":false},"author":2,"featured_media":0,"comment_status":"closed","ping_status":"closed","sticky":false,"template":"","format":"standard","meta":{"sfsi_plus_gutenberg_text_before_share":"","sfsi_plus_gutenberg_show_text_before_share":"","sfsi_plus_gutenberg_icon_type":"","sfsi_plus_gutenberg_icon_alignemt":"","sfsi_plus_gutenburg_max_per_row":"","footnotes":""},"categories":[6],"tags":[],"class_list":["post-50501","post","type-post","status-publish","format-standard","hentry","category-cidades"],"_links":{"self":[{"href":"https:\/\/www.caririemacao.com\/1\/wp-json\/wp\/v2\/posts\/50501","targetHints":{"allow":["GET"]}}],"collection":[{"href":"https:\/\/www.caririemacao.com\/1\/wp-json\/wp\/v2\/posts"}],"about":[{"href":"https:\/\/www.caririemacao.com\/1\/wp-json\/wp\/v2\/types\/post"}],"author":[{"embeddable":true,"href":"https:\/\/www.caririemacao.com\/1\/wp-json\/wp\/v2\/users\/2"}],"replies":[{"embeddable":true,"href":"https:\/\/www.caririemacao.com\/1\/wp-json\/wp\/v2\/comments?post=50501"}],"version-history":[{"count":0,"href":"https:\/\/www.caririemacao.com\/1\/wp-json\/wp\/v2\/posts\/50501\/revisions"}],"wp:attachment":[{"href":"https:\/\/www.caririemacao.com\/1\/wp-json\/wp\/v2\/media?parent=50501"}],"wp:term":[{"taxonomy":"category","embeddable":true,"href":"https:\/\/www.caririemacao.com\/1\/wp-json\/wp\/v2\/categories?post=50501"},{"taxonomy":"post_tag","embeddable":true,"href":"https:\/\/www.caririemacao.com\/1\/wp-json\/wp\/v2\/tags?post=50501"}],"curies":[{"name":"wp","href":"https:\/\/api.w.org\/{rel}","templated":true}]}}