{"id":50503,"date":"2018-05-09T22:28:54","date_gmt":"2018-05-10T01:28:54","guid":{"rendered":"http:\/\/caririemacao.com\/1\/?p=50503"},"modified":"2018-05-09T22:28:54","modified_gmt":"2018-05-10T01:28:54","slug":"assistencia-social-da-prata-comemora-dia-das-maes-do-programa-crianca-feliz","status":"publish","type":"post","link":"https:\/\/www.caririemacao.com\/1\/2018\/05\/09\/assistencia-social-da-prata-comemora-dia-das-maes-do-programa-crianca-feliz\/","title":{"rendered":"Assist\u00eancia social da Prata comemora Dia das m\u00e3es do programa crian\u00e7a feliz"},"content":{"rendered":"<p style=\"font-weight: 400;\">A\u00a0secretaria Municipal de Assist\u00eancia Social\u00a0\u00a0promoveu hoje pela manh\u00e3 no CRAS, um grande evento homenageando as m\u00e3es do programa CRIAN\u00c7A FELIZ, com um COFFEE BREAK.<\/p>\n<p style=\"font-weight: 400;\">Na ocasi\u00e3o tamb\u00e9m foi disponibilizadas v\u00e1rias oficinas e oferecida uma palestra com a psic\u00f3loga Juce.<\/p>\n<p style=\"font-weight: 400;\">O tema foi o v\u00ednculo m\u00e3e\/beb\u00ea. E dentro da programa\u00e7\u00e3o, houve ainda finalizando,\u00a0\u00a0a entrega de kits de cuidados com a beleza.<\/p>\n<p style=\"font-weight: 400;\">A secret\u00e1ria Gilvaneide agradeceu a todos que se fizeram presentes.<\/p>\n<div data-track-category=\"fim do conteudo\" data-track-action=\"ultimo chunk conteudo\" data-track-noninteraction=\"false\" data-track-scroll=\"entrada completa viewport\">\n<div class=\"mc-column content-text active-extra-styles \" data-block-type=\"unstyled\" data-block-weight=\"27\" data-block-id=\"7\">\n<p><strong>CARIRI EM A\u00c7\u00c3O<\/strong><\/p>\n<p><em>Com Andr\u00e9 Luiz\/Foto: Reprodu\u00e7\u00e3o<\/em><\/p>\n<p><strong>Leia mais not\u00edcias em\u00a0<\/strong><a href=\"http:\/\/www.caririemacao.com\/\"><strong>caririemacao.com<\/strong><\/a><strong>, siga nossa p\u00e1gina no\u00a0<\/strong><a href=\"https:\/\/www.facebook.com\/CaririEmAcao\/?ref=aymt_homepage_panel\"><strong>Facebook<\/strong><\/a>,<strong>\u00a0<\/strong><a href=\"https:\/\/www.instagram.com\/cariri_em_acao\/?hl=pt-br\"><strong>Instagram<\/strong><\/a><strong>\u00a0e\u00a0<\/strong><a href=\"https:\/\/www.youtube.com\/channel\/UCAptA0jQuYQy8vMhLt2m4qg\"><strong>Youtube<\/strong><\/a><strong>\u00a0e veja nossas mat\u00e9rias, v\u00eddeos e fotos. Voc\u00ea tamb\u00e9m pode enviar informa\u00e7\u00f5es \u00e0 Reda\u00e7\u00e3o do Portal Cariri em A\u00e7\u00e3o pelo WhatsApp (83) 9 9634.5791, (83) 9 9601-1162.<\/strong><\/p>\n<\/div>\n<\/div>\n","protected":false},"excerpt":{"rendered":"<p>A\u00a0secretaria Municipal de Assist\u00eancia Social\u00a0\u00a0promoveu hoje pela manh\u00e3 no CRAS, um grande evento homenageando as m\u00e3es do programa CRIAN\u00c7A FELIZ, com um COFFEE BREAK. Na&hellip; <\/p>\n","protected":false},"author":2,"featured_media":50504,"comment_status":"closed","ping_status":"closed","sticky":false,"template":"","format":"standard","meta":{"sfsi_plus_gutenberg_text_before_share":"","sfsi_plus_gutenberg_show_text_before_share":"","sfsi_plus_gutenberg_icon_type":"","sfsi_plus_gutenberg_icon_alignemt":"","sfsi_plus_gutenburg_max_per_row":"","footnotes":""},"categories":[6],"tags":[],"class_list":["post-50503","post","type-post","status-publish","format-standard","has-post-thumbnail","hentry","category-cidades"],"_links":{"self":[{"href":"https:\/\/www.caririemacao.com\/1\/wp-json\/wp\/v2\/posts\/50503","targetHints":{"allow":["GET"]}}],"collection":[{"href":"https:\/\/www.caririemacao.com\/1\/wp-json\/wp\/v2\/posts"}],"about":[{"href":"https:\/\/www.caririemacao.com\/1\/wp-json\/wp\/v2\/types\/post"}],"author":[{"embeddable":true,"href":"https:\/\/www.caririemacao.com\/1\/wp-json\/wp\/v2\/users\/2"}],"replies":[{"embeddable":true,"href":"https:\/\/www.caririemacao.com\/1\/wp-json\/wp\/v2\/comments?post=50503"}],"version-history":[{"count":0,"href":"https:\/\/www.caririemacao.com\/1\/wp-json\/wp\/v2\/posts\/50503\/revisions"}],"wp:featuredmedia":[{"embeddable":true,"href":"https:\/\/www.caririemacao.com\/1\/wp-json\/wp\/v2\/media\/50504"}],"wp:attachment":[{"href":"https:\/\/www.caririemacao.com\/1\/wp-json\/wp\/v2\/media?parent=50503"}],"wp:term":[{"taxonomy":"category","embeddable":true,"href":"https:\/\/www.caririemacao.com\/1\/wp-json\/wp\/v2\/categories?post=50503"},{"taxonomy":"post_tag","embeddable":true,"href":"https:\/\/www.caririemacao.com\/1\/wp-json\/wp\/v2\/tags?post=50503"}],"curies":[{"name":"wp","href":"https:\/\/api.w.org\/{rel}","templated":true}]}}