{"id":50506,"date":"2018-05-09T22:31:24","date_gmt":"2018-05-10T01:31:24","guid":{"rendered":"http:\/\/caririemacao.com\/1\/?p=50506"},"modified":"2018-05-09T22:31:24","modified_gmt":"2018-05-10T01:31:24","slug":"padre-de-taperoa-detona-classe-politica-e-reclama-do-fechamento-da-agencia-do-banco-do-brasil","status":"publish","type":"post","link":"https:\/\/www.caririemacao.com\/1\/2018\/05\/09\/padre-de-taperoa-detona-classe-politica-e-reclama-do-fechamento-da-agencia-do-banco-do-brasil\/","title":{"rendered":"Padre de Tapero\u00e1 detona classe pol\u00edtica e reclama do fechamento da ag\u00eancia do Banco do Brasil"},"content":{"rendered":"<p>O padre Luciano Dias de Moraes, p\u00e1roco da cidade de Tapero\u00e1, e uma das figuras mais respeitadas do munic\u00edpio utilizou as redes sociais para protestar contra o rebaixamento da ag\u00eancia do Banco do Brasil \u00e0 posto de atendimento numa das mais tradicionais e importantes cidades do Cariri.<\/p>\n<p>Para o padre Luciano, o fechamento da ag\u00eancia de Tapero\u00e1 \u00e9 culpa de uma classe pol\u00edtica inoperante e que n\u00e3o tem sensibilidade com a popula\u00e7\u00e3o. O sacerdote disse que tinha vergonha de ser paraibano e este ano ter que votar numa \u201ccorja de ladr\u00f5es\u201d, que vem \u00e0 Tapero\u00e1 e promete que a ag\u00eancia n\u00e3o seria fechada, o que n\u00e3o se confirma na pr\u00e1tica.<\/p>\n<p>\u201cQue vergonha. Os aposentados t\u00eam que chegar de madrugada correndo o risco de pegar gripe, doen\u00e7as\u2026 ou ent\u00e3o pagar R$ 50 para ir a Juazeirinho ou Santa Luzia tirar seu m\u00edsero dinheirinho. Que vergonha \u00e9 esse Governo Temer. Em Tapero\u00e1 o povo est\u00e1 omisso. Calado. Tapero\u00e1 est\u00e1 regredindo, est\u00e1 ficando mais pequenina. \u00c9 uma vergonha\u201d, desabafou o sacerdote.<\/p>\n<p><strong>CARIRI EM A\u00c7\u00c3O<\/strong><\/p>\n<p><em>Com Vitrine do Cariri\/Foto:\u00a0Vitrine do Cariri<\/em><\/p>\n<p><strong>Leia mais not\u00edcias em\u00a0<\/strong><a href=\"http:\/\/www.caririemacao.com\/\"><strong>caririemacao.com<\/strong><\/a><strong>, siga nossa p\u00e1gina no\u00a0<\/strong><a href=\"https:\/\/www.facebook.com\/CaririEmAcao\/?ref=aymt_homepage_panel\"><strong>Facebook<\/strong><\/a>,<strong>\u00a0<\/strong><a href=\"https:\/\/www.instagram.com\/cariri_em_acao\/?hl=pt-br\"><strong>Instagram<\/strong><\/a><strong>\u00a0e\u00a0<\/strong><a href=\"https:\/\/www.youtube.com\/channel\/UCAptA0jQuYQy8vMhLt2m4qg\"><strong>Youtube<\/strong><\/a><strong>\u00a0e veja nossas mat\u00e9rias, v\u00eddeos e fotos. Voc\u00ea tamb\u00e9m pode enviar informa\u00e7\u00f5es \u00e0 Reda\u00e7\u00e3o do Portal Cariri em A\u00e7\u00e3o pelo WhatsApp (83) 9 9634.5791, (83) 9 9601-1162.<\/strong><\/p>\n","protected":false},"excerpt":{"rendered":"<p>O padre Luciano Dias de Moraes, p\u00e1roco da cidade de Tapero\u00e1, e uma das figuras mais respeitadas do munic\u00edpio utilizou as redes sociais para protestar&hellip; <\/p>\n","protected":false},"author":2,"featured_media":50507,"comment_status":"closed","ping_status":"closed","sticky":false,"template":"","format":"standard","meta":{"sfsi_plus_gutenberg_text_before_share":"","sfsi_plus_gutenberg_show_text_before_share":"","sfsi_plus_gutenberg_icon_type":"","sfsi_plus_gutenberg_icon_alignemt":"","sfsi_plus_gutenburg_max_per_row":"","footnotes":""},"categories":[6],"tags":[],"class_list":["post-50506","post","type-post","status-publish","format-standard","has-post-thumbnail","hentry","category-cidades"],"_links":{"self":[{"href":"https:\/\/www.caririemacao.com\/1\/wp-json\/wp\/v2\/posts\/50506","targetHints":{"allow":["GET"]}}],"collection":[{"href":"https:\/\/www.caririemacao.com\/1\/wp-json\/wp\/v2\/posts"}],"about":[{"href":"https:\/\/www.caririemacao.com\/1\/wp-json\/wp\/v2\/types\/post"}],"author":[{"embeddable":true,"href":"https:\/\/www.caririemacao.com\/1\/wp-json\/wp\/v2\/users\/2"}],"replies":[{"embeddable":true,"href":"https:\/\/www.caririemacao.com\/1\/wp-json\/wp\/v2\/comments?post=50506"}],"version-history":[{"count":0,"href":"https:\/\/www.caririemacao.com\/1\/wp-json\/wp\/v2\/posts\/50506\/revisions"}],"wp:featuredmedia":[{"embeddable":true,"href":"https:\/\/www.caririemacao.com\/1\/wp-json\/wp\/v2\/media\/50507"}],"wp:attachment":[{"href":"https:\/\/www.caririemacao.com\/1\/wp-json\/wp\/v2\/media?parent=50506"}],"wp:term":[{"taxonomy":"category","embeddable":true,"href":"https:\/\/www.caririemacao.com\/1\/wp-json\/wp\/v2\/categories?post=50506"},{"taxonomy":"post_tag","embeddable":true,"href":"https:\/\/www.caririemacao.com\/1\/wp-json\/wp\/v2\/tags?post=50506"}],"curies":[{"name":"wp","href":"https:\/\/api.w.org\/{rel}","templated":true}]}}