{"id":50527,"date":"2018-05-10T11:53:42","date_gmt":"2018-05-10T14:53:42","guid":{"rendered":"http:\/\/caririemacao.com\/1\/?p=50527"},"modified":"2018-05-10T11:53:42","modified_gmt":"2018-05-10T14:53:42","slug":"prefeitura-de-ssu-realizara-grande-festa-para-comemorar-o-dia-das-maes","status":"publish","type":"post","link":"https:\/\/www.caririemacao.com\/1\/2018\/05\/10\/prefeitura-de-ssu-realizara-grande-festa-para-comemorar-o-dia-das-maes\/","title":{"rendered":"Prefeitura de SSU realizar\u00e1 grande festa para comemorar o dia das m\u00e3es"},"content":{"rendered":"<p style=\"font-weight: 400;\">A Prefeitura Municipal de S\u00e3o Sebasti\u00e3o do Umbuzeiro, atrav\u00e9s do prefeito Adriano Wolff, est\u00e1 preparando uma grande festa para homenagear as m\u00e3es umbuzeirenses no pr\u00f3ximo s\u00e1bado, dia 12.<\/p>\n<p style=\"font-weight: 400;\">A festa acontecer\u00e1 na Pra\u00e7a de Eventos de S\u00e3o Sebasti\u00e3o do Umbuzeiro, a partir das 16h30, e haver\u00e1 entrega de brindes, dia de beleza, brincadeiras, bingo, lanches e brindes nas comunidades rurais.<\/p>\n<p style=\"font-weight: 400;\">O evento ser\u00e1 animado pelas bandas Bonde dos Plays e Joelson Rodrigues.<\/p>\n<p style=\"font-weight: 400;\">O Prefeito Adriano convida todas as m\u00e3es do munic\u00edpio para participaram da festa, que promete ser uma das melhores!<\/p>\n<p><strong>CARIRI EM A\u00c7\u00c3O<\/strong><\/p>\n<p><em>Com Tribuna do Cariri<\/em><em>\/Foto:\u00a0Tribuna do Cariri<\/em><\/p>\n<p><strong>Leia mais not\u00edcias em\u00a0<\/strong><a href=\"http:\/\/www.caririemacao.com\/\"><strong>caririemacao.com<\/strong><\/a><strong>, siga nossa p\u00e1gina no\u00a0<\/strong><a href=\"https:\/\/www.facebook.com\/CaririEmAcao\/?ref=aymt_homepage_panel\"><strong>Facebook<\/strong><\/a>,<strong>\u00a0<\/strong><a href=\"https:\/\/www.instagram.com\/cariri_em_acao\/?hl=pt-br\"><strong>Instagram<\/strong><\/a><strong>\u00a0e\u00a0<\/strong><a href=\"https:\/\/www.youtube.com\/channel\/UCAptA0jQuYQy8vMhLt2m4qg\"><strong>Youtube<\/strong><\/a><strong>\u00a0e veja nossas mat\u00e9rias, v\u00eddeos e fotos. Voc\u00ea tamb\u00e9m pode enviar informa\u00e7\u00f5es \u00e0 Reda\u00e7\u00e3o do Portal Cariri em A\u00e7\u00e3o pelo WhatsApp (83) 9 9634.5791, (83) 9 9601-1162.<\/strong><\/p>\n<p>&nbsp;<\/p>\n","protected":false},"excerpt":{"rendered":"<p>A Prefeitura Municipal de S\u00e3o Sebasti\u00e3o do Umbuzeiro, atrav\u00e9s do prefeito Adriano Wolff, est\u00e1 preparando uma grande festa para homenagear as m\u00e3es umbuzeirenses no pr\u00f3ximo&hellip; <\/p>\n","protected":false},"author":2,"featured_media":50528,"comment_status":"closed","ping_status":"closed","sticky":false,"template":"","format":"standard","meta":{"sfsi_plus_gutenberg_text_before_share":"","sfsi_plus_gutenberg_show_text_before_share":"","sfsi_plus_gutenberg_icon_type":"","sfsi_plus_gutenberg_icon_alignemt":"","sfsi_plus_gutenburg_max_per_row":"","footnotes":""},"categories":[6],"tags":[],"class_list":["post-50527","post","type-post","status-publish","format-standard","has-post-thumbnail","hentry","category-cidades"],"_links":{"self":[{"href":"https:\/\/www.caririemacao.com\/1\/wp-json\/wp\/v2\/posts\/50527","targetHints":{"allow":["GET"]}}],"collection":[{"href":"https:\/\/www.caririemacao.com\/1\/wp-json\/wp\/v2\/posts"}],"about":[{"href":"https:\/\/www.caririemacao.com\/1\/wp-json\/wp\/v2\/types\/post"}],"author":[{"embeddable":true,"href":"https:\/\/www.caririemacao.com\/1\/wp-json\/wp\/v2\/users\/2"}],"replies":[{"embeddable":true,"href":"https:\/\/www.caririemacao.com\/1\/wp-json\/wp\/v2\/comments?post=50527"}],"version-history":[{"count":0,"href":"https:\/\/www.caririemacao.com\/1\/wp-json\/wp\/v2\/posts\/50527\/revisions"}],"wp:featuredmedia":[{"embeddable":true,"href":"https:\/\/www.caririemacao.com\/1\/wp-json\/wp\/v2\/media\/50528"}],"wp:attachment":[{"href":"https:\/\/www.caririemacao.com\/1\/wp-json\/wp\/v2\/media?parent=50527"}],"wp:term":[{"taxonomy":"category","embeddable":true,"href":"https:\/\/www.caririemacao.com\/1\/wp-json\/wp\/v2\/categories?post=50527"},{"taxonomy":"post_tag","embeddable":true,"href":"https:\/\/www.caririemacao.com\/1\/wp-json\/wp\/v2\/tags?post=50527"}],"curies":[{"name":"wp","href":"https:\/\/api.w.org\/{rel}","templated":true}]}}