{"id":50531,"date":"2018-05-10T11:55:54","date_gmt":"2018-05-10T14:55:54","guid":{"rendered":"http:\/\/caririemacao.com\/1\/?p=50531"},"modified":"2018-05-10T11:55:54","modified_gmt":"2018-05-10T14:55:54","slug":"secretaria-de-trabalho-e-acao-social-realiza-comemoracoes-alusivas-ao-dia-das-maes-em-camalau","status":"publish","type":"post","link":"https:\/\/www.caririemacao.com\/1\/2018\/05\/10\/secretaria-de-trabalho-e-acao-social-realiza-comemoracoes-alusivas-ao-dia-das-maes-em-camalau\/","title":{"rendered":"Secretaria de Trabalho e A\u00e7\u00e3o Social realiza comemora\u00e7\u00f5es alusivas ao dia das m\u00e3es em Camala\u00fa"},"content":{"rendered":"<p style=\"font-weight: 400;\">Em virtude do dia das m\u00e3es que se aproxima, o Governo Municipal atrav\u00e9s da Secretaria de Trabalho e A\u00e7\u00e3o Social, est\u00e1 realizando uma programa\u00e7\u00e3o para as m\u00e3es que fazem parte dos grupos\/programas da Secretaria da Assist\u00eancia Social.<\/p>\n<p style=\"font-weight: 400;\">A programa\u00e7\u00e3o \u00e9 a seguinte:<\/p>\n<p style=\"font-weight: 400;\"><strong>09\/05. Quarta \u2013 feira<\/strong><\/p>\n<p style=\"font-weight: 400;\">14:00 M\u00e3es do Programa Crian\u00e7a Feliz<\/p>\n<p style=\"font-weight: 400;\">19:00 M\u00e3es do grupo de Idosas<\/p>\n<p style=\"font-weight: 400;\"><strong>10\/05. Quinta-feira<\/strong><\/p>\n<p style=\"font-weight: 400;\">14:00 Gestantes<\/p>\n<p style=\"font-weight: 400;\">19:00 M\u00e3es das Crian\u00e7as do SCFV<\/p>\n<p style=\"font-weight: 400;\"><strong>11\/05.\u00a0\u00a0Sexta \u2013 feira<\/strong><\/p>\n<p style=\"font-weight: 400;\">19:00 M\u00e3es dos adolescentes do SCFV<\/p>\n<p style=\"font-weight: 400;\">Toda a programa\u00e7\u00e3o acontecer\u00e1 no antigo Clube Municipal.<\/p>\n<p><strong>CARIRI EM A\u00c7\u00c3O<\/strong><\/p>\n<p><em>Com DCS<\/em><\/p>\n<p><strong>Leia mais not\u00edcias em\u00a0<\/strong><a href=\"http:\/\/www.caririemacao.com\/\"><strong>caririemacao.com<\/strong><\/a><strong>, siga nossa p\u00e1gina no\u00a0<\/strong><a href=\"https:\/\/www.facebook.com\/CaririEmAcao\/?ref=aymt_homepage_panel\"><strong>Facebook<\/strong><\/a>,<strong>\u00a0<\/strong><a href=\"https:\/\/www.instagram.com\/cariri_em_acao\/?hl=pt-br\"><strong>Instagram<\/strong><\/a><strong>\u00a0e\u00a0<\/strong><a href=\"https:\/\/www.youtube.com\/channel\/UCAptA0jQuYQy8vMhLt2m4qg\"><strong>Youtube<\/strong><\/a><strong>\u00a0e veja nossas mat\u00e9rias, v\u00eddeos e fotos. Voc\u00ea tamb\u00e9m pode enviar informa\u00e7\u00f5es \u00e0 Reda\u00e7\u00e3o do Portal Cariri em A\u00e7\u00e3o pelo WhatsApp (83) 9 9634.5791, (83) 9 9601-1162.<\/strong><\/p>\n","protected":false},"excerpt":{"rendered":"<p>Em virtude do dia das m\u00e3es que se aproxima, o Governo Municipal atrav\u00e9s da Secretaria de Trabalho e A\u00e7\u00e3o Social, est\u00e1 realizando uma programa\u00e7\u00e3o para&hellip; <\/p>\n","protected":false},"author":2,"featured_media":25830,"comment_status":"closed","ping_status":"closed","sticky":false,"template":"","format":"standard","meta":{"sfsi_plus_gutenberg_text_before_share":"","sfsi_plus_gutenberg_show_text_before_share":"","sfsi_plus_gutenberg_icon_type":"","sfsi_plus_gutenberg_icon_alignemt":"","sfsi_plus_gutenburg_max_per_row":"","footnotes":""},"categories":[6],"tags":[],"class_list":["post-50531","post","type-post","status-publish","format-standard","has-post-thumbnail","hentry","category-cidades"],"_links":{"self":[{"href":"https:\/\/www.caririemacao.com\/1\/wp-json\/wp\/v2\/posts\/50531","targetHints":{"allow":["GET"]}}],"collection":[{"href":"https:\/\/www.caririemacao.com\/1\/wp-json\/wp\/v2\/posts"}],"about":[{"href":"https:\/\/www.caririemacao.com\/1\/wp-json\/wp\/v2\/types\/post"}],"author":[{"embeddable":true,"href":"https:\/\/www.caririemacao.com\/1\/wp-json\/wp\/v2\/users\/2"}],"replies":[{"embeddable":true,"href":"https:\/\/www.caririemacao.com\/1\/wp-json\/wp\/v2\/comments?post=50531"}],"version-history":[{"count":0,"href":"https:\/\/www.caririemacao.com\/1\/wp-json\/wp\/v2\/posts\/50531\/revisions"}],"wp:featuredmedia":[{"embeddable":true,"href":"https:\/\/www.caririemacao.com\/1\/wp-json\/wp\/v2\/media\/25830"}],"wp:attachment":[{"href":"https:\/\/www.caririemacao.com\/1\/wp-json\/wp\/v2\/media?parent=50531"}],"wp:term":[{"taxonomy":"category","embeddable":true,"href":"https:\/\/www.caririemacao.com\/1\/wp-json\/wp\/v2\/categories?post=50531"},{"taxonomy":"post_tag","embeddable":true,"href":"https:\/\/www.caririemacao.com\/1\/wp-json\/wp\/v2\/tags?post=50531"}],"curies":[{"name":"wp","href":"https:\/\/api.w.org\/{rel}","templated":true}]}}