{"id":50539,"date":"2018-05-10T12:05:54","date_gmt":"2018-05-10T15:05:54","guid":{"rendered":"http:\/\/caririemacao.com\/1\/?p=50539"},"modified":"2018-05-10T12:05:54","modified_gmt":"2018-05-10T15:05:54","slug":"com-aproximacao-do-pp-ciro-cogita-presidente-da-csn-para-vice","status":"publish","type":"post","link":"https:\/\/www.caririemacao.com\/1\/2018\/05\/10\/com-aproximacao-do-pp-ciro-cogita-presidente-da-csn-para-vice\/","title":{"rendered":"Com aproxima\u00e7\u00e3o do PP, Ciro cogita presidente da CSN para vice"},"content":{"rendered":"<p>Com a\u00a0possibilidade de o PP apoiar o PDT, o pr\u00e9-candidato ao Pal\u00e1cio do Planalto Ciro Gomes passou a avaliar o nome do presidente da CSN (Companhia Sider\u00fargica Nacional),\u00a0Benjamin\u00a0Steinbruch,\u00a0para o posto de vice em sua chapa.<\/p>\n<p>Al\u00e9m de preencher o perfil desejado para a vaga \u2014um nome do setor produtivo que seja do Sul ou do Sudeste\u2014, o empres\u00e1rio tem uma amizade de longa data com o pedetista, que j\u00e1 comandou no passado uma das diretorias da empresa.<\/p>\n<p>Em abril,\u00a0Steinbruch, que \u00e9 colunista da\u00a0Folha\u00a0e um dos interlocutores de Ciro no meio empresarial, se filiou ao PP. A entrada no partido foi mantida em segredo. Segundo um amigo do empres\u00e1rio, ele nunca descartou a possibilidade de se aventurar no meio pol\u00edtico.<\/p>\n<p>A imagem do empres\u00e1rio refor\u00e7a o\u00a0discurso econ\u00f4mico de Ciro, que adota defesa da ind\u00fastria nacional em detrimento do mercado financeiro.<\/p>\n<p>Em conversas reservadas, o presidente\u00a0nacional do PP, Ciro Nogueira, j\u00e1 disse que n\u00e3o teria resist\u00eancias em apoiar o PDT. Ele sabe que um acordo com a centro-esquerda ajudaria sua reelei\u00e7\u00e3o ao cargo de senador pelo Piau\u00ed.<\/p>\n<p>Os dois partidos, contudo, ainda n\u00e3o tiveram uma conversa oficial sobre o tema, apenas contatos informais. Neste momento, o PDT tem priorizado acordos com siglas do campo da esquerda, como PT, PSB e PC do B. Em uma segunda fase, pretende se aproximar do PP e do PR.<\/p>\n<p>O primeiro nome pensado por Ciro para o posto de vice foi o do presidente da Coteminas,\u00a0Josu\u00e9 Alencar, que est\u00e1 filiado ao PR. Mas ele tem afirmado que, provavelmente, n\u00e3o ser\u00e1 candidato neste ano.<\/p>\n<p>A ideia inicial de Josu\u00e9 era ser companheiro de chapa em uma eventual candidatura do ex-presidente Luiz In\u00e1cio Lula da Silva,\u00a0preso em abril.<\/p>\n<p><strong>CARIRI EM A\u00c7\u00c3O<\/strong><\/p>\n<p><em>Com Folha de S\u00e3o Paulo\/Foto: Reprodu\u00e7\u00e3o google<\/em><\/p>\n<p><strong>Leia mais not\u00edcias em\u00a0<\/strong><a href=\"http:\/\/www.caririemacao.com\/\"><strong>caririemacao.com<\/strong><\/a><strong>, siga nossa p\u00e1gina no\u00a0<\/strong><a href=\"https:\/\/www.facebook.com\/CaririEmAcao\/?ref=aymt_homepage_panel\"><strong>Facebook<\/strong><\/a>,<strong>\u00a0<\/strong><a href=\"https:\/\/www.instagram.com\/cariri_em_acao\/?hl=pt-br\"><strong>Instagram<\/strong><\/a><strong>\u00a0e\u00a0<\/strong><a href=\"https:\/\/www.youtube.com\/channel\/UCAptA0jQuYQy8vMhLt2m4qg\"><strong>Youtube<\/strong><\/a><strong>\u00a0e veja nossas mat\u00e9rias, v\u00eddeos e fotos. Voc\u00ea tamb\u00e9m pode enviar informa\u00e7\u00f5es \u00e0 Reda\u00e7\u00e3o do Portal Cariri em A\u00e7\u00e3o pelo WhatsApp (83) 9 9634.5791, (83) 9 9601-1162.<\/strong><\/p>\n","protected":false},"excerpt":{"rendered":"<p>Com a\u00a0possibilidade de o PP apoiar o PDT, o pr\u00e9-candidato ao Pal\u00e1cio do Planalto Ciro Gomes passou a avaliar o nome do presidente da CSN&hellip; <\/p>\n","protected":false},"author":2,"featured_media":50540,"comment_status":"closed","ping_status":"closed","sticky":false,"template":"","format":"standard","meta":{"sfsi_plus_gutenberg_text_before_share":"","sfsi_plus_gutenberg_show_text_before_share":"","sfsi_plus_gutenberg_icon_type":"","sfsi_plus_gutenberg_icon_alignemt":"","sfsi_plus_gutenburg_max_per_row":"","footnotes":""},"categories":[11],"tags":[],"class_list":["post-50539","post","type-post","status-publish","format-standard","has-post-thumbnail","hentry","category-politica"],"_links":{"self":[{"href":"https:\/\/www.caririemacao.com\/1\/wp-json\/wp\/v2\/posts\/50539","targetHints":{"allow":["GET"]}}],"collection":[{"href":"https:\/\/www.caririemacao.com\/1\/wp-json\/wp\/v2\/posts"}],"about":[{"href":"https:\/\/www.caririemacao.com\/1\/wp-json\/wp\/v2\/types\/post"}],"author":[{"embeddable":true,"href":"https:\/\/www.caririemacao.com\/1\/wp-json\/wp\/v2\/users\/2"}],"replies":[{"embeddable":true,"href":"https:\/\/www.caririemacao.com\/1\/wp-json\/wp\/v2\/comments?post=50539"}],"version-history":[{"count":0,"href":"https:\/\/www.caririemacao.com\/1\/wp-json\/wp\/v2\/posts\/50539\/revisions"}],"wp:featuredmedia":[{"embeddable":true,"href":"https:\/\/www.caririemacao.com\/1\/wp-json\/wp\/v2\/media\/50540"}],"wp:attachment":[{"href":"https:\/\/www.caririemacao.com\/1\/wp-json\/wp\/v2\/media?parent=50539"}],"wp:term":[{"taxonomy":"category","embeddable":true,"href":"https:\/\/www.caririemacao.com\/1\/wp-json\/wp\/v2\/categories?post=50539"},{"taxonomy":"post_tag","embeddable":true,"href":"https:\/\/www.caririemacao.com\/1\/wp-json\/wp\/v2\/tags?post=50539"}],"curies":[{"name":"wp","href":"https:\/\/api.w.org\/{rel}","templated":true}]}}