{"id":50544,"date":"2018-05-10T12:13:31","date_gmt":"2018-05-10T15:13:31","guid":{"rendered":"http:\/\/caririemacao.com\/1\/?p=50544"},"modified":"2018-05-10T12:29:38","modified_gmt":"2018-05-10T15:29:38","slug":"pdt-nacional-confirma-oficializacao-do-nome-de-ligia-para-julho","status":"publish","type":"post","link":"https:\/\/www.caririemacao.com\/1\/2018\/05\/10\/pdt-nacional-confirma-oficializacao-do-nome-de-ligia-para-julho\/","title":{"rendered":"PDT nacional confirma oficializa\u00e7\u00e3o do nome de L\u00edgia para julho"},"content":{"rendered":"<p>O PDT, partido comandado pelo deputado federal Dami\u00e3o Feliciano, na Para\u00edba, est\u00e1 empolgado com o que classifica de crescimento e a recep\u00e7\u00e3o da pr\u00e9-campanha ao Governo da vice-governadora L\u00edgia Feliciano.<\/p>\n<p>Segundo o\u00a0 presidente da executiva nacional do PDT, Carlos Lupi, a candidatura do partido na Para\u00edba ser\u00e1 feita oficialmente no in\u00edcio de julho, durante a visita ao Estado do pr\u00e9-candidato \u00e0 presid\u00eancia da Rep\u00fablica pelo partido, Ciro Gomes<\/p>\n<p>A Nacional disse que a espera atende a um pedido da pr\u00f3pria L\u00edgia, que aguarda a forma\u00e7\u00e3o de alian\u00e7as para poder fazer o an\u00fancio.<\/p>\n<p>Lupi destacou que, por ele, o an\u00fancio j\u00e1 estava pronto, tendo em vista a receptividade do nome da m\u00e9dica no seio popular. As informa\u00e7\u00f5es s\u00e3o do blog do ninja.<\/p>\n<p><strong>CARIRI EM A\u00c7\u00c3O<\/strong><\/p>\n<p><em>Com Para\u00edba Todo Dia \/Foto: Reprodu\u00e7\u00e3o Internet<\/em><\/p>\n<p><strong>Leia mais not\u00edcias em\u00a0<\/strong><a href=\"http:\/\/www.caririemacao.com\/\"><strong>caririemacao.com<\/strong><\/a><strong>, siga nossa p\u00e1gina no\u00a0<\/strong><a href=\"https:\/\/www.facebook.com\/CaririEmAcao\/?ref=aymt_homepage_panel\"><strong>Facebook<\/strong><\/a>,<strong>\u00a0<\/strong><a href=\"https:\/\/www.instagram.com\/cariri_em_acao\/?hl=pt-br\"><strong>Instagram<\/strong><\/a><strong>\u00a0e <\/strong><a href=\"https:\/\/www.youtube.com\/channel\/UCAptA0jQuYQy8vMhLt2m4qg\"><strong>Youtube<\/strong><\/a><strong>\u00a0e veja nossas mat\u00e9rias, v\u00eddeos e fotos. Voc\u00ea tamb\u00e9m pode enviar informa\u00e7\u00f5es \u00e0 Reda\u00e7\u00e3o do Portal Cariri em A\u00e7\u00e3o pelo WhatsApp (83) 9 9634.5791, (83) 9 9601-1162.<\/strong><\/p>\n","protected":false},"excerpt":{"rendered":"<p>O PDT, partido comandado pelo deputado federal Dami\u00e3o Feliciano, na Para\u00edba, est\u00e1 empolgado com o que classifica de crescimento e a recep\u00e7\u00e3o da pr\u00e9-campanha ao&hellip; <\/p>\n","protected":false},"author":2,"featured_media":50545,"comment_status":"closed","ping_status":"closed","sticky":false,"template":"","format":"standard","meta":{"sfsi_plus_gutenberg_text_before_share":"","sfsi_plus_gutenberg_show_text_before_share":"","sfsi_plus_gutenberg_icon_type":"","sfsi_plus_gutenberg_icon_alignemt":"","sfsi_plus_gutenburg_max_per_row":"","footnotes":""},"categories":[1],"tags":[],"class_list":["post-50544","post","type-post","status-publish","format-standard","has-post-thumbnail","hentry","category-o-site"],"_links":{"self":[{"href":"https:\/\/www.caririemacao.com\/1\/wp-json\/wp\/v2\/posts\/50544","targetHints":{"allow":["GET"]}}],"collection":[{"href":"https:\/\/www.caririemacao.com\/1\/wp-json\/wp\/v2\/posts"}],"about":[{"href":"https:\/\/www.caririemacao.com\/1\/wp-json\/wp\/v2\/types\/post"}],"author":[{"embeddable":true,"href":"https:\/\/www.caririemacao.com\/1\/wp-json\/wp\/v2\/users\/2"}],"replies":[{"embeddable":true,"href":"https:\/\/www.caririemacao.com\/1\/wp-json\/wp\/v2\/comments?post=50544"}],"version-history":[{"count":0,"href":"https:\/\/www.caririemacao.com\/1\/wp-json\/wp\/v2\/posts\/50544\/revisions"}],"wp:featuredmedia":[{"embeddable":true,"href":"https:\/\/www.caririemacao.com\/1\/wp-json\/wp\/v2\/media\/50545"}],"wp:attachment":[{"href":"https:\/\/www.caririemacao.com\/1\/wp-json\/wp\/v2\/media?parent=50544"}],"wp:term":[{"taxonomy":"category","embeddable":true,"href":"https:\/\/www.caririemacao.com\/1\/wp-json\/wp\/v2\/categories?post=50544"},{"taxonomy":"post_tag","embeddable":true,"href":"https:\/\/www.caririemacao.com\/1\/wp-json\/wp\/v2\/tags?post=50544"}],"curies":[{"name":"wp","href":"https:\/\/api.w.org\/{rel}","templated":true}]}}