{"id":50550,"date":"2018-05-10T12:19:17","date_gmt":"2018-05-10T15:19:17","guid":{"rendered":"http:\/\/caririemacao.com\/1\/?p=50550"},"modified":"2018-05-10T12:21:34","modified_gmt":"2018-05-10T15:21:34","slug":"policia-prende-acusado-de-cometer-homicidio-na-cidade-de-monteiro","status":"publish","type":"post","link":"https:\/\/www.caririemacao.com\/1\/2018\/05\/10\/policia-prende-acusado-de-cometer-homicidio-na-cidade-de-monteiro\/","title":{"rendered":"Pol\u00edcia prende acusado de cometer homic\u00eddio na cidade de Monteiro"},"content":{"rendered":"<p>A Pol\u00edcia cumpriu na manh\u00e3 desta quinta-feira, 10, um mandado de pris\u00e3o contra um homem acusado de praticar um homic\u00eddio na cidade de Monteiro, no dia 24\/04\/2018.<\/p>\n<p>O Delegado de Pol\u00edcia, Dr. Paulo \u00canio Rabelo, respons\u00e1vel pelo caso, representou o mandado de pris\u00e3o junto ao F\u00f3rum de Monteiro\/PB, sendo que s\u00f3 foi deferido nesta quarta-feira, 9, sendo cumprido nesta quinta-feira, onde o acusado foi recolhido \u00e0 Cadeia P\u00fablica local.<\/p>\n<p>O delegado disse ainda que os familiares da v\u00edtima estavam preocupados, por vez que o acusado estava supostamente proferindo amea\u00e7as antes de ser preso.<\/p>\n<p>Dr. Paulo \u00canio Rabelo ainda disse que a pris\u00e3o tempor\u00e1ria \u00e9 de 30 (trinta) dias, mas vai trabalhar para concluir o Inqu\u00e9rito Policial antes disso para realizar o pedido de pris\u00e3o preventiva, para que o acusado responda a todo o processo-crime preso.<\/p>\n<p><strong>O HOMIC\u00cdDIO<\/strong><\/p>\n<p>No dia 24\/04\/2018, por volta das 23:00 horas, ap\u00f3s uma discuss\u00e3o durante uma bebedeira, o acusado de 43 anos de idade, desferiu um golpe de faca no abd\u00f4men da v\u00edtima, que ainda veio a ser socorrido para o Hospital de Trauma em Campina Grande\/PB, onde n\u00e3o resistiu aos ferimentos e morreu.<\/p>\n<p>A Pol\u00edcia Civil descobriu que a v\u00edtima teria agredido fisicamente o acusado no m\u00eas de mar\u00e7o deste ano, al\u00e9m do mais, a v\u00edtima estava devendo a quantia de R$ 300,00 (Trezentos Reais) e, quando foi cobrado, disse que n\u00e3o pagaria e ainda daria outra \u201csurra\u201d no acusado. O acusado foi at\u00e9 a sua casa, armou-se com uma faca e desferiu um golpe na v\u00edtima, tendo se evadido posteriormente.<\/p>\n<p><strong>CARIRI EM A\u00c7\u00c3O<\/strong><\/p>\n<p><em>Com Vitrine do Cariri\/Foto: Reprodu\u00e7\u00e3o<\/em><\/p>\n<p><strong>Leia mais not\u00edcias em\u00a0<\/strong><a href=\"http:\/\/www.caririemacao.com\/\"><strong>caririemacao.com<\/strong><\/a><strong>, siga nossa p\u00e1gina no\u00a0<\/strong><a href=\"https:\/\/www.facebook.com\/CaririEmAcao\/?ref=aymt_homepage_panel\"><strong>Facebook<\/strong><\/a>,<strong>\u00a0<\/strong><a href=\"https:\/\/www.instagram.com\/cariri_em_acao\/?hl=pt-br\"><strong>Instagram<\/strong><\/a><strong>\u00a0e <\/strong><a href=\"https:\/\/www.youtube.com\/channel\/UCAptA0jQuYQy8vMhLt2m4qg\"><strong>Youtube<\/strong><\/a><strong>\u00a0e veja nossas mat\u00e9rias, v\u00eddeos e fotos. Voc\u00ea tamb\u00e9m pode enviar informa\u00e7\u00f5es \u00e0 Reda\u00e7\u00e3o do Portal Cariri em A\u00e7\u00e3o pelo WhatsApp (83) 9 9634.5791, (83) 9 9601-1162.<\/strong><\/p>\n","protected":false},"excerpt":{"rendered":"<p>A Pol\u00edcia cumpriu na manh\u00e3 desta quinta-feira, 10, um mandado de pris\u00e3o contra um homem acusado de praticar um homic\u00eddio na cidade de Monteiro, no&hellip; <\/p>\n","protected":false},"author":2,"featured_media":50551,"comment_status":"closed","ping_status":"closed","sticky":false,"template":"","format":"standard","meta":{"sfsi_plus_gutenberg_text_before_share":"","sfsi_plus_gutenberg_show_text_before_share":"","sfsi_plus_gutenberg_icon_type":"","sfsi_plus_gutenberg_icon_alignemt":"","sfsi_plus_gutenburg_max_per_row":"","footnotes":""},"categories":[12],"tags":[],"class_list":["post-50550","post","type-post","status-publish","format-standard","has-post-thumbnail","hentry","category-policia"],"_links":{"self":[{"href":"https:\/\/www.caririemacao.com\/1\/wp-json\/wp\/v2\/posts\/50550","targetHints":{"allow":["GET"]}}],"collection":[{"href":"https:\/\/www.caririemacao.com\/1\/wp-json\/wp\/v2\/posts"}],"about":[{"href":"https:\/\/www.caririemacao.com\/1\/wp-json\/wp\/v2\/types\/post"}],"author":[{"embeddable":true,"href":"https:\/\/www.caririemacao.com\/1\/wp-json\/wp\/v2\/users\/2"}],"replies":[{"embeddable":true,"href":"https:\/\/www.caririemacao.com\/1\/wp-json\/wp\/v2\/comments?post=50550"}],"version-history":[{"count":0,"href":"https:\/\/www.caririemacao.com\/1\/wp-json\/wp\/v2\/posts\/50550\/revisions"}],"wp:featuredmedia":[{"embeddable":true,"href":"https:\/\/www.caririemacao.com\/1\/wp-json\/wp\/v2\/media\/50551"}],"wp:attachment":[{"href":"https:\/\/www.caririemacao.com\/1\/wp-json\/wp\/v2\/media?parent=50550"}],"wp:term":[{"taxonomy":"category","embeddable":true,"href":"https:\/\/www.caririemacao.com\/1\/wp-json\/wp\/v2\/categories?post=50550"},{"taxonomy":"post_tag","embeddable":true,"href":"https:\/\/www.caririemacao.com\/1\/wp-json\/wp\/v2\/tags?post=50550"}],"curies":[{"name":"wp","href":"https:\/\/api.w.org\/{rel}","templated":true}]}}