{"id":50554,"date":"2018-05-10T12:27:00","date_gmt":"2018-05-10T15:27:00","guid":{"rendered":"http:\/\/caririemacao.com\/1\/?p=50554"},"modified":"2018-05-10T12:27:00","modified_gmt":"2018-05-10T15:27:00","slug":"livre-da-febre-aftosa-paraiba-nao-precisara-de-vacinacao-em-2019","status":"publish","type":"post","link":"https:\/\/www.caririemacao.com\/1\/2018\/05\/10\/livre-da-febre-aftosa-paraiba-nao-precisara-de-vacinacao-em-2019\/","title":{"rendered":"Livre da febre aftosa Para\u00edba n\u00e3o precisar\u00e1 de vacina\u00e7\u00e3o em 2019"},"content":{"rendered":"<p>Atualmente \u00e1rea livre da febre aftosa com vacina\u00e7\u00e3o regular, a Para\u00edba n\u00e3o vai precisar em 2019 nem dessa cria\u00e7\u00e3o de imunidade para manter essa conquista de sa\u00fade animal visando ao reconhecimento mundial.<\/p>\n<p>A promessa foi feita recentemente em Natal pelo secret\u00e1rio estadual de Agropecu\u00e1ria e Pesca, R\u00f4mulo Montenegro (foto), durante a 1\u00aa Reuni\u00e3o do Bloco III, que abrange os estados de Alagoas, Cear\u00e1, Maranh\u00e3o, Para\u00edba, Pernambuco, Piau\u00ed e Rio Grande do Norte, do Programa Nacional de Erradica\u00e7\u00e3o e Preven\u00e7\u00e3o da Febre Aftosa (PNEFA), do Minist\u00e9rio da Agricultura, Pecu\u00e1ria e Abastecimento. R\u00f4mulo participou do evento tamb\u00e9m como presidente do Conselho Nacional de Secret\u00e1rios de Estado de Agricultura (CONSEAGRI).<\/p>\n<p>A febre aftosa \u00e9 uma doen\u00e7a viral altamente contagiosa que afeta animais biungulados, ou seja, animais que possuem dois dedos. Os mais afetados s\u00e3o bovinos de leite e de corte e os su\u00ednos.<\/p>\n<p>R\u00f4mulo lembrou que a erradica\u00e7\u00e3o total da febre aftosa traz ben\u00e9ficas consequ\u00eancias n\u00e3o somente para a sa\u00fade p\u00fablica, mas tamb\u00e9m para a economia paraibana.<\/p>\n<p><strong>CARIRI EM A\u00c7\u00c3O<\/strong><\/p>\n<p><em>Com Assessoria\/Foto: Reprodu\u00e7\u00e3o Internet<\/em><\/p>\n<p><strong>Leia mais not\u00edcias em\u00a0<\/strong><a href=\"http:\/\/www.caririemacao.com\/\"><strong>caririemacao.com<\/strong><\/a><strong>, siga nossa p\u00e1gina no\u00a0<\/strong><a href=\"https:\/\/www.facebook.com\/CaririEmAcao\/?ref=aymt_homepage_panel\"><strong>Facebook<\/strong><\/a>,<strong>\u00a0<\/strong><a href=\"https:\/\/www.instagram.com\/cariri_em_acao\/?hl=pt-br\"><strong>Instagram<\/strong><\/a><strong>\u00a0e <\/strong><a href=\"https:\/\/www.youtube.com\/channel\/UCAptA0jQuYQy8vMhLt2m4qg\"><strong>Youtube<\/strong><\/a><strong>\u00a0e veja nossas mat\u00e9rias, v\u00eddeos e fotos. Voc\u00ea tamb\u00e9m pode enviar informa\u00e7\u00f5es \u00e0 Reda\u00e7\u00e3o do Portal Cariri em A\u00e7\u00e3o pelo WhatsApp (83) 9 9634.5791, (83) 9 9601-1162.<\/strong><\/p>\n","protected":false},"excerpt":{"rendered":"<p>Atualmente \u00e1rea livre da febre aftosa com vacina\u00e7\u00e3o regular, a Para\u00edba n\u00e3o vai precisar em 2019 nem dessa cria\u00e7\u00e3o de imunidade para manter essa conquista&hellip; <\/p>\n","protected":false},"author":2,"featured_media":50555,"comment_status":"closed","ping_status":"closed","sticky":false,"template":"","format":"standard","meta":{"sfsi_plus_gutenberg_text_before_share":"","sfsi_plus_gutenberg_show_text_before_share":"","sfsi_plus_gutenberg_icon_type":"","sfsi_plus_gutenberg_icon_alignemt":"","sfsi_plus_gutenburg_max_per_row":"","footnotes":""},"categories":[2],"tags":[],"class_list":["post-50554","post","type-post","status-publish","format-standard","has-post-thumbnail","hentry","category-geral"],"_links":{"self":[{"href":"https:\/\/www.caririemacao.com\/1\/wp-json\/wp\/v2\/posts\/50554","targetHints":{"allow":["GET"]}}],"collection":[{"href":"https:\/\/www.caririemacao.com\/1\/wp-json\/wp\/v2\/posts"}],"about":[{"href":"https:\/\/www.caririemacao.com\/1\/wp-json\/wp\/v2\/types\/post"}],"author":[{"embeddable":true,"href":"https:\/\/www.caririemacao.com\/1\/wp-json\/wp\/v2\/users\/2"}],"replies":[{"embeddable":true,"href":"https:\/\/www.caririemacao.com\/1\/wp-json\/wp\/v2\/comments?post=50554"}],"version-history":[{"count":0,"href":"https:\/\/www.caririemacao.com\/1\/wp-json\/wp\/v2\/posts\/50554\/revisions"}],"wp:featuredmedia":[{"embeddable":true,"href":"https:\/\/www.caririemacao.com\/1\/wp-json\/wp\/v2\/media\/50555"}],"wp:attachment":[{"href":"https:\/\/www.caririemacao.com\/1\/wp-json\/wp\/v2\/media?parent=50554"}],"wp:term":[{"taxonomy":"category","embeddable":true,"href":"https:\/\/www.caririemacao.com\/1\/wp-json\/wp\/v2\/categories?post=50554"},{"taxonomy":"post_tag","embeddable":true,"href":"https:\/\/www.caririemacao.com\/1\/wp-json\/wp\/v2\/tags?post=50554"}],"curies":[{"name":"wp","href":"https:\/\/api.w.org\/{rel}","templated":true}]}}