{"id":50559,"date":"2018-05-10T13:04:55","date_gmt":"2018-05-10T16:04:55","guid":{"rendered":"http:\/\/caririemacao.com\/1\/?p=50559"},"modified":"2018-05-10T13:04:55","modified_gmt":"2018-05-10T16:04:55","slug":"governo-da-paraiba-publica-edital-para-acordo-de-precatorios-de-2012","status":"publish","type":"post","link":"https:\/\/www.caririemacao.com\/1\/2018\/05\/10\/governo-da-paraiba-publica-edital-para-acordo-de-precatorios-de-2012\/","title":{"rendered":"Governo da Para\u00edba publica edital para acordo de precat\u00f3rios de 2012"},"content":{"rendered":"<div class=\"mc-column content-media content-media--normal  content-photo\" data-block-type=\"backstage-photo\" data-block-id=\"0\">\n<div class=\"content-media__container\">\n<div class=\"content-media__description-centered \">\n<p class=\"content-media__description\">O edital de convoca\u00e7\u00e3o para acordos de precat\u00f3rios referentes ao ano de 2012 foi\u00a0<a href=\"http:\/\/static.paraiba.pb.gov.br\/2018\/05\/Diario-Oficial-10-05-2018.pdf\" target=\"_blank\" rel=\"noopener\">publicado no Di\u00e1rio Oficial do Estado (DOE) da Para\u00edba desta quinta-feira (11)<\/a>. De acordo com a edital 01\/2018, os titulares ou sucessores em caso de morte do titular podem fazer acordo do valor corrigido com a diminui\u00e7\u00e3o de 40% do total.<\/p>\n<\/div>\n<\/div>\n<\/div>\n<div class=\"mc-column content-text active-extra-styles \" data-block-type=\"unstyled\" data-block-weight=\"31\" data-block-id=\"3\">\n<p class=\"content-text__container \" data-track-category=\"Link no Texto\" data-track-links=\"\">O procurador-geral do Estado, Gilberto Carneiro, ressaltou a import\u00e2ncia do lan\u00e7amento deste quinto edital, como forma de reduzir a d\u00edvida de precat\u00f3rios e garantir recursos para a quita\u00e7\u00e3o dos anos subsequentes.<\/p>\n<\/div>\n<div class=\"mc-column content-text active-extra-styles \" data-block-type=\"unstyled\" data-block-weight=\"36\" data-block-id=\"4\">\n<p class=\"content-text__container \" data-track-category=\"Link no Texto\" data-track-links=\"\">Os titulares e sucessores interessados em celebrar o acordo dos precat\u00f3rios deve adquirir\u00a0<a href=\"http:\/\/pge.pb.gov.br\/\" target=\"_blank\" rel=\"noopener\">requerimento disponibilizado no portal eletr\u00f4nico da Procuradoria Geral do Estado<\/a>, devidamente preenchido e acompanhado da documenta\u00e7\u00e3o exigida presente no edital publicado no DOE.<\/p>\n<\/div>\n<div class=\"mc-column content-text active-extra-styles \" data-block-type=\"unstyled\" data-block-weight=\"49\" data-block-id=\"5\">\n<p class=\"content-text__container \" data-track-category=\"Link no Texto\" data-track-links=\"\">Os interessados em fazer o acordo devem ingressar com o requerimento na Procuradoria-geral do Estado dos dias 21 de maio a 21 de junho deste ano. A Procuradoria-geral do Estado fica na Avenida Jo\u00e3o Machado, 394, no Centro. A Procuradoria funciona das 9h \u00e0s 16h, de segundo a quinta-feira.<\/p>\n<\/div>\n<div data-track-category=\"fim do conteudo\" data-track-action=\"ultimo chunk conteudo\" data-track-noninteraction=\"false\" data-track-scroll=\"entrada completa viewport\">\n<div class=\"mc-column content-text active-extra-styles \" data-block-type=\"unstyled\" data-block-weight=\"53\" data-block-id=\"6\">\n<p class=\"content-text__container \" data-track-category=\"Link no Texto\" data-track-links=\"\">De acordo com Gilberto Carneiro, que tamb\u00e9m \u00e9 o presidente da Conprec, com a celebra\u00e7\u00e3o desses acordos houve uma economia de R$ 27,8 milh\u00f5es para os cofres p\u00fablicos estaduais, com o des\u00e1gio (redu\u00e7\u00e3o do valor do precat\u00f3rio em 40%) e uma redu\u00e7\u00e3o de R$ 69,6 milh\u00f5es no estoque de precat\u00f3rios devidos pelo estado.<\/p>\n<p><strong>CARIRI EM A\u00c7\u00c3O<\/strong><\/p>\n<p><em>Com G1 \/Foto: Reprodu\u00e7\u00e3o Internet<\/em><\/p>\n<p><strong>Leia mais not\u00edcias em\u00a0<\/strong><a href=\"http:\/\/www.caririemacao.com\/\"><strong>caririemacao.com<\/strong><\/a><strong>, siga nossa p\u00e1gina no\u00a0<\/strong><a href=\"https:\/\/www.facebook.com\/CaririEmAcao\/?ref=aymt_homepage_panel\"><strong>Facebook<\/strong><\/a>,<strong>\u00a0<\/strong><a href=\"https:\/\/www.instagram.com\/cariri_em_acao\/?hl=pt-br\"><strong>Instagram<\/strong><\/a><strong>\u00a0e <\/strong><a href=\"https:\/\/www.youtube.com\/channel\/UCAptA0jQuYQy8vMhLt2m4qg\"><strong>Youtube<\/strong><\/a><strong>\u00a0e veja nossas mat\u00e9rias, v\u00eddeos e fotos. Voc\u00ea tamb\u00e9m pode enviar informa\u00e7\u00f5es \u00e0 Reda\u00e7\u00e3o do Portal Cariri em A\u00e7\u00e3o pelo WhatsApp (83) 9 9634.5791, (83) 9 9601-1162.<\/strong><\/p>\n<\/div>\n<\/div>\n","protected":false},"excerpt":{"rendered":"<p>O edital de convoca\u00e7\u00e3o para acordos de precat\u00f3rios referentes ao ano de 2012 foi\u00a0publicado no Di\u00e1rio Oficial do Estado (DOE) da Para\u00edba desta quinta-feira (11).&hellip; <\/p>\n","protected":false},"author":2,"featured_media":47421,"comment_status":"closed","ping_status":"closed","sticky":false,"template":"","format":"standard","meta":{"sfsi_plus_gutenberg_text_before_share":"","sfsi_plus_gutenberg_show_text_before_share":"","sfsi_plus_gutenberg_icon_type":"","sfsi_plus_gutenberg_icon_alignemt":"","sfsi_plus_gutenburg_max_per_row":"","footnotes":""},"categories":[2],"tags":[],"class_list":["post-50559","post","type-post","status-publish","format-standard","has-post-thumbnail","hentry","category-geral"],"_links":{"self":[{"href":"https:\/\/www.caririemacao.com\/1\/wp-json\/wp\/v2\/posts\/50559","targetHints":{"allow":["GET"]}}],"collection":[{"href":"https:\/\/www.caririemacao.com\/1\/wp-json\/wp\/v2\/posts"}],"about":[{"href":"https:\/\/www.caririemacao.com\/1\/wp-json\/wp\/v2\/types\/post"}],"author":[{"embeddable":true,"href":"https:\/\/www.caririemacao.com\/1\/wp-json\/wp\/v2\/users\/2"}],"replies":[{"embeddable":true,"href":"https:\/\/www.caririemacao.com\/1\/wp-json\/wp\/v2\/comments?post=50559"}],"version-history":[{"count":0,"href":"https:\/\/www.caririemacao.com\/1\/wp-json\/wp\/v2\/posts\/50559\/revisions"}],"wp:featuredmedia":[{"embeddable":true,"href":"https:\/\/www.caririemacao.com\/1\/wp-json\/wp\/v2\/media\/47421"}],"wp:attachment":[{"href":"https:\/\/www.caririemacao.com\/1\/wp-json\/wp\/v2\/media?parent=50559"}],"wp:term":[{"taxonomy":"category","embeddable":true,"href":"https:\/\/www.caririemacao.com\/1\/wp-json\/wp\/v2\/categories?post=50559"},{"taxonomy":"post_tag","embeddable":true,"href":"https:\/\/www.caririemacao.com\/1\/wp-json\/wp\/v2\/tags?post=50559"}],"curies":[{"name":"wp","href":"https:\/\/api.w.org\/{rel}","templated":true}]}}