{"id":50562,"date":"2018-05-10T13:18:07","date_gmt":"2018-05-10T16:18:07","guid":{"rendered":"http:\/\/caririemacao.com\/1\/?p=50562"},"modified":"2018-05-10T13:50:25","modified_gmt":"2018-05-10T16:50:25","slug":"trump-confirma-local-e-data-de-reuniao-com-kim-jong-un","status":"publish","type":"post","link":"https:\/\/www.caririemacao.com\/1\/2018\/05\/10\/trump-confirma-local-e-data-de-reuniao-com-kim-jong-un\/","title":{"rendered":"Trump confirma local e data de reuni\u00e3o com Kim Jong-un"},"content":{"rendered":"<p>O presidente dos\u00a0Estados Unidos,\u00a0Donald Trump, confirmou nesta quinta-feira o local e a data da aguardada reuni\u00e3o com o l\u00edder norte-coreano,\u00a0Kim Jong-un.\u00a0Pelo Twitter, o presidente americano afirmou que a reuni\u00e3o ocorrer\u00e1 no dia 12 de junho em\u00a0Singapura. \u201cN\u00f3s tentaremos fazer desse encontro um momento especial para a Paz Mundial\u201d, escreveu.<\/p>\n<p>Um dos objetivos da reuni\u00e3o \u00e9 fazer com que o regime de\u00a0Pyongyangdesista de seu programa nuclear e de m\u00edsseis. A\u00a0Coreia do Norte\u00a0j\u00e1 se mostrou disposta a dialogar a desnucleariza\u00e7\u00e3o da Pen\u00ednsula Coreana.<\/p>\n<p>O local e a data foram definidos na quarta-feira, durante a\u00a0visita do Secret\u00e1rio de Estado americano,\u00a0Mike Pompeo, ao l\u00edder norte-coreano, mas ainda n\u00e3o haviam sido oficialmente divulgados. Singapura j\u00e1 era uma das op\u00e7\u00f5es mais prov\u00e1veis para o encontro, principalmente depois que a\u00a0Zona Desmilitarizadaentre as Coreias foi descartada.<\/p>\n<p>Nesta semana, a Coreia do Norte libertou tr\u00eas americanos detidos,\u00a0que foram recebidos em solo americano por Trump. O l\u00edder dos Estados Unidos qualificou a liberta\u00e7\u00e3o como um sinal positivo, mas tem insistido na necessidade de que n\u00e3o existam armas nucleares na Pen\u00ednsula Coreana.<\/p>\n<p><strong>CARIRI EM A\u00c7\u00c3O<\/strong><\/p>\n<p><em>Com Estad\u00e3o Conte\u00fado\/Foto: Reprodu\u00e7\u00e3o Internet<\/em><\/p>\n<p><strong>Leia mais not\u00edcias em\u00a0<\/strong><a href=\"http:\/\/www.caririemacao.com\/\"><strong>caririemacao.com<\/strong><\/a><strong>, siga nossa p\u00e1gina no\u00a0<\/strong><a href=\"https:\/\/www.facebook.com\/CaririEmAcao\/?ref=aymt_homepage_panel\"><strong>Facebook<\/strong><\/a>,<strong>\u00a0<\/strong><a href=\"https:\/\/www.instagram.com\/cariri_em_acao\/?hl=pt-br\"><strong>Instagram<\/strong><\/a><strong>\u00a0e <\/strong><a href=\"https:\/\/www.youtube.com\/channel\/UCAptA0jQuYQy8vMhLt2m4qg\"><strong>Youtube<\/strong><\/a><strong>\u00a0e veja nossas mat\u00e9rias, v\u00eddeos e fotos. Voc\u00ea tamb\u00e9m pode enviar informa\u00e7\u00f5es \u00e0 Reda\u00e7\u00e3o do Portal Cariri em A\u00e7\u00e3o pelo WhatsApp (83) 9 9634.5791, (83) 9 9601-1162.<\/strong><\/p>\n","protected":false},"excerpt":{"rendered":"<p>O presidente dos\u00a0Estados Unidos,\u00a0Donald Trump, confirmou nesta quinta-feira o local e a data da aguardada reuni\u00e3o com o l\u00edder norte-coreano,\u00a0Kim Jong-un.\u00a0Pelo Twitter, o presidente americano&hellip; <\/p>\n","protected":false},"author":2,"featured_media":50563,"comment_status":"closed","ping_status":"closed","sticky":false,"template":"","format":"standard","meta":{"sfsi_plus_gutenberg_text_before_share":"","sfsi_plus_gutenberg_show_text_before_share":"","sfsi_plus_gutenberg_icon_type":"","sfsi_plus_gutenberg_icon_alignemt":"","sfsi_plus_gutenburg_max_per_row":"","footnotes":""},"categories":[11],"tags":[],"class_list":["post-50562","post","type-post","status-publish","format-standard","has-post-thumbnail","hentry","category-politica"],"_links":{"self":[{"href":"https:\/\/www.caririemacao.com\/1\/wp-json\/wp\/v2\/posts\/50562","targetHints":{"allow":["GET"]}}],"collection":[{"href":"https:\/\/www.caririemacao.com\/1\/wp-json\/wp\/v2\/posts"}],"about":[{"href":"https:\/\/www.caririemacao.com\/1\/wp-json\/wp\/v2\/types\/post"}],"author":[{"embeddable":true,"href":"https:\/\/www.caririemacao.com\/1\/wp-json\/wp\/v2\/users\/2"}],"replies":[{"embeddable":true,"href":"https:\/\/www.caririemacao.com\/1\/wp-json\/wp\/v2\/comments?post=50562"}],"version-history":[{"count":0,"href":"https:\/\/www.caririemacao.com\/1\/wp-json\/wp\/v2\/posts\/50562\/revisions"}],"wp:featuredmedia":[{"embeddable":true,"href":"https:\/\/www.caririemacao.com\/1\/wp-json\/wp\/v2\/media\/50563"}],"wp:attachment":[{"href":"https:\/\/www.caririemacao.com\/1\/wp-json\/wp\/v2\/media?parent=50562"}],"wp:term":[{"taxonomy":"category","embeddable":true,"href":"https:\/\/www.caririemacao.com\/1\/wp-json\/wp\/v2\/categories?post=50562"},{"taxonomy":"post_tag","embeddable":true,"href":"https:\/\/www.caririemacao.com\/1\/wp-json\/wp\/v2\/tags?post=50562"}],"curies":[{"name":"wp","href":"https:\/\/api.w.org\/{rel}","templated":true}]}}