{"id":50565,"date":"2018-05-10T13:21:34","date_gmt":"2018-05-10T16:21:34","guid":{"rendered":"http:\/\/caririemacao.com\/1\/?p=50565"},"modified":"2018-05-10T13:22:19","modified_gmt":"2018-05-10T16:22:19","slug":"tite-tem-o-segundo-maior-salario-entre-os-tecnicos-da-copa-diz-tv","status":"publish","type":"post","link":"https:\/\/www.caririemacao.com\/1\/2018\/05\/10\/tite-tem-o-segundo-maior-salario-entre-os-tecnicos-da-copa-diz-tv\/","title":{"rendered":"Tite tem o segundo maior sal\u00e1rio entre os t\u00e9cnicos da Copa, diz TV"},"content":{"rendered":"<p>Na \u00faltima quarta-feira, a rede de TV holandesa\u00a0<em>Zoomin\u00a0<\/em>divulgou uma lista que revela os sal\u00e1rios anuais de todos os treinadores das sele\u00e7\u00f5es que estar\u00e3o na\u00a0Copa do Mundo\u00a0da R\u00fassia. Tite, t\u00e9cnico da Sele\u00e7\u00e3o Brasileira, ocupa o segundo lugar do ranking, empatado com Didier Deschamps, comandante da Fran\u00e7a.<\/p>\n<p>De acordo com o canal, o brasileiro e o franc\u00eas recebem 3,02 milh\u00f5es de libras anuais, o equivalente a R$14,5 milh\u00f5es. O treinador mais bem pago \u00e9 Joachim Low, da Alemanha, com vencimentos anuais equivalentes a R$15,9 milh\u00f5es. O menor sal\u00e1rio \u00e9 o de Allou Cisse, t\u00e9cnico de Senegal, que recebe R$ 836,8 mil por ano.<\/p>\n<p><strong>Confira os sal\u00e1rios de todos os treinadores da Copa do Mundo:<\/strong><\/p>\n<p>1 \u2013\u00a0<strong>Joachim L\u00f6w<\/strong>\u00a0(Alemanha) \u2013 R$ 15,9 milh\u00f5es<\/p>\n<p>2 \u2013\u00a0<strong>Tite<\/strong>\u00a0(Brasil) e\u00a0<strong>Didier Deschamps<\/strong>\u00a0(Fran\u00e7a) \u2013 R$ 14,5 milh\u00f5es<\/p>\n<p>3 \u2013\u00a0<strong>Julian Lopetegui<\/strong>\u00a0(Espanha) \u2013 R$ 12,4 milh\u00f5es<\/p>\n<p>4 \u2013\u00a0<strong>Stanislav Cherchesov<\/strong>\u00a0(R\u00fassia) \u2013 R$ 10,6 milh\u00f5es<\/p>\n<p>5 \u2013\u00a0<strong>Fernando Santos<\/strong>\u00a0(Portugal) \u2013 R$ 9,1 milh\u00f5es<\/p>\n<p>6 \u2013\u00a0<strong>Carlos Queiroz<\/strong>\u00a0(Ir\u00e3) e\u00a0<strong>Gareth Southgate<\/strong>\u00a0(Inglaterra) \u2013 R$ 8,1 milh\u00f5es<\/p>\n<p>7 \u2013\u00a0<strong>Jorge Sampaoli<\/strong>\u00a0(Argentina) \u2013 R$ 7,5 milh\u00f5es<\/p>\n<p>8 \u2013\u00a0<strong>\u00d3scar Tab\u00e1rez<\/strong>\u00a0(Uruguai) \u2013 R$ 7 milh\u00f5es<\/p>\n<p>9 \u2013\u00a0<strong>Hector Cuper<\/strong>\u00a0(Egito) e\u00a0<strong>Jos\u00e9 P\u00e9kerman<\/strong>\u00a0(Col\u00f4mbia) \u2013 R$ 6,2 milh\u00f5es<\/p>\n<p>10 \u2013\u00a0<strong>Juan Pizzi<\/strong>\u00a0(Ar\u00e1bia Saudita) \u2013 R$ 5,9 milh\u00f5es<\/p>\n<p>11 \u2013\u00a0<strong>Bert van Marwijk<\/strong>\u00a0(Austr\u00e1lia) \u2013 R$ 4,9 milh\u00f5es<\/p>\n<p>12 \u2013\u00a0<strong>Ricardo Gareca<\/strong>\u00a0(Peru) \u2013 R$ 4,6 milh\u00f5es<\/p>\n<p>13 \u2013\u00a0<strong>Juan Os\u00f3rio<\/strong>\u00a0(M\u00e9xico) \u2013 R$ 4,2 milh\u00f5es<\/p>\n<p>14 \u2013\u00a0<strong>Age Hareide<\/strong>\u00a0(Dinamarca),<strong>\u00a0Akira Nishino<\/strong>\u00a0(Jap\u00e3o) e\u00a0<strong>Roberto Mart\u00ednez<\/strong>(B\u00e9lgica) \u2013 R$ 3,9 milh\u00f5es<\/p>\n<p>15 \u2013\u00a0<strong>Vladimir Petkovic<\/strong>\u00a0(Su\u00ed\u00e7a) \u2013 R$ 3,5 milh\u00f5es<\/p>\n<p>16 \u2013\u00a0<strong>Herve Renard<\/strong>\u00a0(Marrocos) \u2013 R$ 3,2 milh\u00f5es<\/p>\n<p>17 \u2013\u00a0<strong>Helmir Hallgrimsson<\/strong>\u00a0(Isl\u00e2ndia) \u2013 R$ 2,9 milh\u00f5es<\/p>\n<p>18 \u2013\u00a0<strong>Zlatko Dalic<\/strong>\u00a0(Cro\u00e1cia) \u2013 R$ 2,3 milh\u00f5es<\/p>\n<p>19 \u2013\u00a0<strong>Gernot Rohr<\/strong>\u00a0(Nig\u00e9ria) \u2013 R$ 2,1 milh\u00f5es<\/p>\n<p>20 \u2013\u00a0<strong>Janne Andersson<\/strong>\u00a0(Su\u00e9cia) e\u00a0<strong>Shin Tae-Yong<\/strong>\u00a0(Coreia do Sul) \u2013 R$ 1,9 milh\u00e3o<\/p>\n<p>21 \u2013\u00a0<strong>Hernan Gomez<\/strong>\u00a0(Panam\u00e1) \u2013 R$ 1,6 milh\u00e3o<\/p>\n<p>22 \u2013\u00a0<strong>Nabil Maaloul<\/strong>\u00a0(Tun\u00edsia) e\u00a0<strong>\u00d3scar Ram\u00edrez<\/strong>\u00a0(Costa Rica) \u2013 R$ 1,4 milh\u00e3o<\/p>\n<p>23 \u2013\u00a0<strong>Mladen Krstajic<\/strong>\u00a0(S\u00e9rvia) \u2013 R$ 1,2 milh\u00e3o<\/p>\n<p>24 \u2013\u00a0<strong>Adam Nawalka<\/strong>\u00a0(Pol\u00f4nia) \u2013 R$ 1,1 milh\u00e3o<\/p>\n<p>25 \u2013\u00a0<strong>Allou Cisse<\/strong>\u00a0(Senegal) \u2013 R$ 836,8 mil<\/p>\n<p><strong>CARIRI EM A\u00c7\u00c3O<\/strong><\/p>\n<p><em>Com Gazeta Esportiva\/Foto: Reprodu\u00e7\u00e3o Internet<\/em><\/p>\n<p><strong>Leia mais not\u00edcias em\u00a0<\/strong><a href=\"http:\/\/www.caririemacao.com\/\"><strong>caririemacao.com<\/strong><\/a><strong>, siga nossa p\u00e1gina no\u00a0<\/strong><a href=\"https:\/\/www.facebook.com\/CaririEmAcao\/?ref=aymt_homepage_panel\"><strong>Facebook<\/strong><\/a>,<strong>\u00a0<\/strong><a href=\"https:\/\/www.instagram.com\/cariri_em_acao\/?hl=pt-br\"><strong>Instagram<\/strong><\/a><strong>\u00a0e <\/strong><a href=\"https:\/\/www.youtube.com\/channel\/UCAptA0jQuYQy8vMhLt2m4qg\"><strong>Youtube<\/strong><\/a><strong>\u00a0e veja nossas mat\u00e9rias, v\u00eddeos e fotos. Voc\u00ea tamb\u00e9m pode enviar informa\u00e7\u00f5es \u00e0 Reda\u00e7\u00e3o do Portal Cariri em A\u00e7\u00e3o pelo WhatsApp (83) 9 9634.5791, (83) 9 9601-1162.<\/strong><\/p>\n","protected":false},"excerpt":{"rendered":"<p>Na \u00faltima quarta-feira, a rede de TV holandesa\u00a0Zoomin\u00a0divulgou uma lista que revela os sal\u00e1rios anuais de todos os treinadores das sele\u00e7\u00f5es que estar\u00e3o na\u00a0Copa do&hellip; <\/p>\n","protected":false},"author":2,"featured_media":43800,"comment_status":"closed","ping_status":"closed","sticky":false,"template":"","format":"standard","meta":{"sfsi_plus_gutenberg_text_before_share":"","sfsi_plus_gutenberg_show_text_before_share":"","sfsi_plus_gutenberg_icon_type":"","sfsi_plus_gutenberg_icon_alignemt":"","sfsi_plus_gutenburg_max_per_row":"","footnotes":""},"categories":[13],"tags":[],"class_list":["post-50565","post","type-post","status-publish","format-standard","has-post-thumbnail","hentry","category-esportes"],"_links":{"self":[{"href":"https:\/\/www.caririemacao.com\/1\/wp-json\/wp\/v2\/posts\/50565","targetHints":{"allow":["GET"]}}],"collection":[{"href":"https:\/\/www.caririemacao.com\/1\/wp-json\/wp\/v2\/posts"}],"about":[{"href":"https:\/\/www.caririemacao.com\/1\/wp-json\/wp\/v2\/types\/post"}],"author":[{"embeddable":true,"href":"https:\/\/www.caririemacao.com\/1\/wp-json\/wp\/v2\/users\/2"}],"replies":[{"embeddable":true,"href":"https:\/\/www.caririemacao.com\/1\/wp-json\/wp\/v2\/comments?post=50565"}],"version-history":[{"count":0,"href":"https:\/\/www.caririemacao.com\/1\/wp-json\/wp\/v2\/posts\/50565\/revisions"}],"wp:featuredmedia":[{"embeddable":true,"href":"https:\/\/www.caririemacao.com\/1\/wp-json\/wp\/v2\/media\/43800"}],"wp:attachment":[{"href":"https:\/\/www.caririemacao.com\/1\/wp-json\/wp\/v2\/media?parent=50565"}],"wp:term":[{"taxonomy":"category","embeddable":true,"href":"https:\/\/www.caririemacao.com\/1\/wp-json\/wp\/v2\/categories?post=50565"},{"taxonomy":"post_tag","embeddable":true,"href":"https:\/\/www.caririemacao.com\/1\/wp-json\/wp\/v2\/tags?post=50565"}],"curies":[{"name":"wp","href":"https:\/\/api.w.org\/{rel}","templated":true}]}}