{"id":50568,"date":"2018-05-10T13:25:53","date_gmt":"2018-05-10T16:25:53","guid":{"rendered":"http:\/\/caririemacao.com\/1\/?p=50568"},"modified":"2018-05-10T13:25:53","modified_gmt":"2018-05-10T16:25:53","slug":"mais-duas-universidades-em-portugal-passam-a-aceitar-a-nota-do-enem","status":"publish","type":"post","link":"https:\/\/www.caririemacao.com\/1\/2018\/05\/10\/mais-duas-universidades-em-portugal-passam-a-aceitar-a-nota-do-enem\/","title":{"rendered":"Mais duas universidades em Portugal passam a aceitar a nota do Enem"},"content":{"rendered":"<p>O Instituto Nacional de Estudos e Pesquisas Educacionais An\u00edsio Teixeira (Inep) anunciou, nesta quarta-feira (9), que assinou mais dois novos conv\u00eanios com Institui\u00e7\u00f5es de Educa\u00e7\u00e3o Superior (IES) portuguesas.<\/p>\n<p>Agora, o\u00a0Instituto Universit\u00e1rio de Ci\u00eancias Psicol\u00f3gicas, Sociais e da Vida (Ispa) e o Instituto Leonardo da Vinci (Estal)\u00a0tamb\u00e9m passam a aceitar\u00a0os resultados do\u00a0Exame Nacional do Ensino M\u00e9dio (Enem)\u00a0na sele\u00e7\u00e3o de estudantes brasileiros.<\/p>\n<p>No total, 31 universidades e institutos do pa\u00eds recebem as notas do exame como forma de ingresso. As IES portuguesas t\u00eam liberdade para definir a nota de corte e os processos financeiros e acad\u00eamicos para o acesso de brasileiros.<\/p>\n<p><strong>Estudar no exterior<\/strong><\/p>\n<p>O primeiro conv\u00eanio interinstitucional foi realizado em 2014, com a Universidade de Coimbra.<\/p>\n<p>Em seu site, o Inep informa que os conv\u00eanios n\u00e3o envolvem transfer\u00eancia de recursos e n\u00e3o preveem financiamento estudantil por parte do governo brasileiro. O \u00f3rg\u00e3o acrescenta que a\u00a0revalida\u00e7\u00e3o de diplomas e o exerc\u00edcio profissional no Brasil dos estudantes que cursarem o\u00a0ensino superior em Portugal\u00a0est\u00e3o sujeitos \u00e0 legisla\u00e7\u00e3o brasileira aplic\u00e1vel \u00e0 mat\u00e9ria.<\/p>\n<p>Veja abaixo as institui\u00e7\u00f5es portuguesas que aceitam o Enem:<\/p>\n<table>\n<tbody>\n<tr>\n<td>Universidade de Coimbra<\/td>\n<td>Universidade de Algarve<\/td>\n<\/tr>\n<tr>\n<td>Instituto Polit\u00e9cnico de Leiria<\/td>\n<td>Instituto Polit\u00e9cnico de Beja<\/td>\n<\/tr>\n<tr>\n<td>Instituto Polit\u00e9cnico do Porto<\/td>\n<td>Instituto Polit\u00e9cnico de Portalegre<\/td>\n<\/tr>\n<tr>\n<td>Instituto Polit\u00e9cnico do C\u00e1vado e do Ave<\/td>\n<td>Instituto Polit\u00e9cnico de Coimbra<\/td>\n<\/tr>\n<tr>\n<td>Universidade de Aveiro<\/td>\n<td>Instituto Polit\u00e9cnico de Guarda<\/td>\n<\/tr>\n<tr>\n<td>Universidade de Lisboa<\/td>\n<td>Universidade do Porto<\/td>\n<\/tr>\n<tr>\n<td>Universidade da Madeira<\/td>\n<td>Instituto Polit\u00e9cnico de Viseu<\/td>\n<\/tr>\n<tr>\n<td>Instituto Polit\u00e9cnico de Santar\u00e9m<\/td>\n<td>Universidade dos A\u00e7ores<\/td>\n<\/tr>\n<tr>\n<td>Universidade da Beira Interior<\/td>\n<td>Universidade do Minho<\/td>\n<\/tr>\n<tr>\n<td>Cooperativa de Ensino Superior Polit\u00e9cnico e Universit\u00e1rio<\/td>\n<td>Universidade Lus\u00f3fona de Humanidades e Tecnologias<\/td>\n<\/tr>\n<tr>\n<td>Instituto Polit\u00e9cnico de Set\u00fabal<\/td>\n<td>Instituto Polit\u00e9cnico de Bragan\u00e7a<\/td>\n<\/tr>\n<tr>\n<td>Instituto Polit\u00e9cnico de Castelo Branco<\/td>\n<td>Universidade Lus\u00f3fona do Porto<\/td>\n<\/tr>\n<tr>\n<td>Universidade Portucalense<\/td>\n<td>Instituto Universit\u00e1rio da Maia (Ismai)<\/td>\n<\/tr>\n<tr>\n<td>Instituto Polit\u00e9cnico da Maia (Ipmaia)<\/td>\n<td>Universidade Cat\u00f3lica Portuguesa<\/td>\n<\/tr>\n<tr>\n<td>Universidade Fernando Pessoa<\/td>\n<td>Instituto Universit\u00e1rio de Ci\u00eancias Psicol\u00f3gicas, Sociais e da Vida (Ispa)<\/td>\n<\/tr>\n<tr>\n<td>Instituto Leonardo da Vinci (Estal)<\/td>\n<\/tr>\n<\/tbody>\n<\/table>\n<div id=\"SourceFBBrasil\" data-aop=\"WidgetStore\" data-id=\"1024\" data-m=\"{\">\n<div id=\"facebookWidget\" data-aop=\"facebookWidget\" data-id=\"1024\" data-m=\"{\"><\/div>\n<div data-aop=\"facebookWidget\" data-id=\"1024\" data-m=\"{\"><strong>CARIRI EM A\u00c7\u00c3O<\/strong><\/div>\n<div data-aop=\"facebookWidget\" data-id=\"1024\" data-m=\"{\">\n<p><em>Com Guia do Estudante\/Foto: Reprodu\u00e7\u00e3o Internet<\/em><\/p>\n<p><strong>Leia mais not\u00edcias em\u00a0<\/strong><a href=\"http:\/\/www.caririemacao.com\/\"><strong>caririemacao.com<\/strong><\/a><strong>, siga nossa p\u00e1gina no\u00a0<\/strong><a href=\"https:\/\/www.facebook.com\/CaririEmAcao\/?ref=aymt_homepage_panel\"><strong>Facebook<\/strong><\/a>,<strong>\u00a0<\/strong><a href=\"https:\/\/www.instagram.com\/cariri_em_acao\/?hl=pt-br\"><strong>Instagram<\/strong><\/a><strong>\u00a0e <\/strong><a href=\"https:\/\/www.youtube.com\/channel\/UCAptA0jQuYQy8vMhLt2m4qg\"><strong>Youtube<\/strong><\/a><strong>\u00a0e veja nossas mat\u00e9rias, v\u00eddeos e fotos. Voc\u00ea tamb\u00e9m pode enviar informa\u00e7\u00f5es \u00e0 Reda\u00e7\u00e3o do Portal Cariri em A\u00e7\u00e3o pelo WhatsApp (83) 9 9634.5791, (83) 9 9601-1162.<\/strong><\/p>\n<\/div>\n<\/div>\n","protected":false},"excerpt":{"rendered":"<p>O Instituto Nacional de Estudos e Pesquisas Educacionais An\u00edsio Teixeira (Inep) anunciou, nesta quarta-feira (9), que assinou mais dois novos conv\u00eanios com Institui\u00e7\u00f5es de Educa\u00e7\u00e3o&hellip; <\/p>\n","protected":false},"author":2,"featured_media":50569,"comment_status":"closed","ping_status":"closed","sticky":false,"template":"","format":"standard","meta":{"sfsi_plus_gutenberg_text_before_share":"","sfsi_plus_gutenberg_show_text_before_share":"","sfsi_plus_gutenberg_icon_type":"","sfsi_plus_gutenberg_icon_alignemt":"","sfsi_plus_gutenburg_max_per_row":"","footnotes":""},"categories":[14],"tags":[],"class_list":["post-50568","post","type-post","status-publish","format-standard","has-post-thumbnail","hentry","category-educacao"],"_links":{"self":[{"href":"https:\/\/www.caririemacao.com\/1\/wp-json\/wp\/v2\/posts\/50568","targetHints":{"allow":["GET"]}}],"collection":[{"href":"https:\/\/www.caririemacao.com\/1\/wp-json\/wp\/v2\/posts"}],"about":[{"href":"https:\/\/www.caririemacao.com\/1\/wp-json\/wp\/v2\/types\/post"}],"author":[{"embeddable":true,"href":"https:\/\/www.caririemacao.com\/1\/wp-json\/wp\/v2\/users\/2"}],"replies":[{"embeddable":true,"href":"https:\/\/www.caririemacao.com\/1\/wp-json\/wp\/v2\/comments?post=50568"}],"version-history":[{"count":0,"href":"https:\/\/www.caririemacao.com\/1\/wp-json\/wp\/v2\/posts\/50568\/revisions"}],"wp:featuredmedia":[{"embeddable":true,"href":"https:\/\/www.caririemacao.com\/1\/wp-json\/wp\/v2\/media\/50569"}],"wp:attachment":[{"href":"https:\/\/www.caririemacao.com\/1\/wp-json\/wp\/v2\/media?parent=50568"}],"wp:term":[{"taxonomy":"category","embeddable":true,"href":"https:\/\/www.caririemacao.com\/1\/wp-json\/wp\/v2\/categories?post=50568"},{"taxonomy":"post_tag","embeddable":true,"href":"https:\/\/www.caririemacao.com\/1\/wp-json\/wp\/v2\/tags?post=50568"}],"curies":[{"name":"wp","href":"https:\/\/api.w.org\/{rel}","templated":true}]}}