{"id":50571,"date":"2018-05-10T13:35:05","date_gmt":"2018-05-10T16:35:05","guid":{"rendered":"http:\/\/caririemacao.com\/1\/?p=50571"},"modified":"2018-05-10T13:35:05","modified_gmt":"2018-05-10T16:35:05","slug":"paraiba-tem-a-menor-taxa-do-nordeste-de-pessoas-mortas-por-policiais-militares","status":"publish","type":"post","link":"https:\/\/www.caririemacao.com\/1\/2018\/05\/10\/paraiba-tem-a-menor-taxa-do-nordeste-de-pessoas-mortas-por-policiais-militares\/","title":{"rendered":"Para\u00edba tem a menor taxa do Nordeste de pessoas mortas por policiais militares"},"content":{"rendered":"<p>A Para\u00edba \u00e9 o Estado do Nordeste que tem a menor taxa (0,7) de pessoas mortas por policiais militares e a quarta menor em todo Brasil. Os dados constam do Monitor da Viol\u00eancia, levantamento feito pelo portal G1com base nos dados oficiais dos 26 estados e do Distrito Federal, em parceria com o N\u00facleo de Estudos da Viol\u00eancia da USP e o F\u00f3rum Brasileiro de Seguran\u00e7a P\u00fablica.<\/p>\n<p>De acordo com o levantamento, 30 pessoas foram mortas por policiais no ano de 2017 na Para\u00edba. Com esse n\u00famero, a taxa da Para\u00edba fica na frente apenas de Rond\u00f4nia (0,1), Distrito Federal (0,3) e Mato Grosso (0,5).<\/p>\n<p>O Monitor da Viol\u00eancia do G1 aponta ainda que, em 2017 cinco policiais foram mortos fora do servi\u00e7o e um morto durante o trabalho, registrando um total de seis mortes de policiais em 2017, o que representa uma queda em rela\u00e7\u00e3o a 2016 que foram registradas sete mortes de policiais, sendo quatro fora do servi\u00e7o e tr\u00eas durante o trabalho.<\/p>\n<p>Segundo o secret\u00e1rio de Estado da Seguran\u00e7a e da Defesa Social, Cl\u00e1udio Lima, esses n\u00fameros decorrem, inicialmente, de uma decis\u00e3o de Governo. \u201cOs casos de mortes decorrentes de confrontos policiais n\u00e3o s\u00e3o ocultados das estat\u00edsticas oficiais, ensejando controle, por meio de monitoramento. Al\u00e9m disso, o patamar da Para\u00edba neste quesito tamb\u00e9m \u00e9 um reflexo da pol\u00edtica de valoriza\u00e7\u00e3o da vida implementada pelo programa Para\u00edba Unida pela Paz, que possui como pilar os valores da dignidade humana e o fomento \u00e0 atividade policial como protetora das pessoas e n\u00e3o apenas de enfrentamento ao crime\u201d<\/p>\n<p>Em todo o Brasil, 5.012 pessoas foram mortas por policiais no ano passado \u2013 um aumento de 19% em rela\u00e7\u00e3o ao ano anterior, quando foram registradas 4.222 v\u00edtimas, segundo o levantamento do G1. A taxa de mortes pela pol\u00edcia a cada 100 mil habitantes subiu e est\u00e1 em 2,4. O Amap\u00e1 \u00e9 o estado com a maior taxa de mortes por policiais: 8,3 a cada 100 mil<\/p>\n<p>O pa\u00eds teve 385 policiais assassinados em 2017 (menos que em 2016, quando 453 oficiais foram mortos).<\/p>\n<p><strong>CARIRI EM A\u00c7\u00c3O<\/strong><\/p>\n<p><em>Com Pol\u00eamica Para\u00edba\/Foto: Reprodu\u00e7\u00e3o Internet<\/em><\/p>\n<p><strong>Leia mais not\u00edcias em\u00a0<\/strong><a href=\"http:\/\/www.caririemacao.com\/\"><strong>caririemacao.com<\/strong><\/a><strong>, siga nossa p\u00e1gina no\u00a0<\/strong><a href=\"https:\/\/www.facebook.com\/CaririEmAcao\/?ref=aymt_homepage_panel\"><strong>Facebook<\/strong><\/a>,<strong>\u00a0<\/strong><a href=\"https:\/\/www.instagram.com\/cariri_em_acao\/?hl=pt-br\"><strong>Instagram<\/strong><\/a><strong>\u00a0e <\/strong><a href=\"https:\/\/www.youtube.com\/channel\/UCAptA0jQuYQy8vMhLt2m4qg\"><strong>Youtube<\/strong><\/a><strong>\u00a0e veja nossas mat\u00e9rias, v\u00eddeos e fotos. Voc\u00ea tamb\u00e9m pode enviar informa\u00e7\u00f5es \u00e0 Reda\u00e7\u00e3o do Portal Cariri em A\u00e7\u00e3o pelo WhatsApp (83) 9 9634.5791, (83) 9 9601-1162.<\/strong><\/p>\n","protected":false},"excerpt":{"rendered":"<p>A Para\u00edba \u00e9 o Estado do Nordeste que tem a menor taxa (0,7) de pessoas mortas por policiais militares e a quarta menor em todo&hellip; <\/p>\n","protected":false},"author":2,"featured_media":50572,"comment_status":"closed","ping_status":"closed","sticky":false,"template":"","format":"standard","meta":{"sfsi_plus_gutenberg_text_before_share":"","sfsi_plus_gutenberg_show_text_before_share":"","sfsi_plus_gutenberg_icon_type":"","sfsi_plus_gutenberg_icon_alignemt":"","sfsi_plus_gutenburg_max_per_row":"","footnotes":""},"categories":[2],"tags":[],"class_list":["post-50571","post","type-post","status-publish","format-standard","has-post-thumbnail","hentry","category-geral"],"_links":{"self":[{"href":"https:\/\/www.caririemacao.com\/1\/wp-json\/wp\/v2\/posts\/50571","targetHints":{"allow":["GET"]}}],"collection":[{"href":"https:\/\/www.caririemacao.com\/1\/wp-json\/wp\/v2\/posts"}],"about":[{"href":"https:\/\/www.caririemacao.com\/1\/wp-json\/wp\/v2\/types\/post"}],"author":[{"embeddable":true,"href":"https:\/\/www.caririemacao.com\/1\/wp-json\/wp\/v2\/users\/2"}],"replies":[{"embeddable":true,"href":"https:\/\/www.caririemacao.com\/1\/wp-json\/wp\/v2\/comments?post=50571"}],"version-history":[{"count":0,"href":"https:\/\/www.caririemacao.com\/1\/wp-json\/wp\/v2\/posts\/50571\/revisions"}],"wp:featuredmedia":[{"embeddable":true,"href":"https:\/\/www.caririemacao.com\/1\/wp-json\/wp\/v2\/media\/50572"}],"wp:attachment":[{"href":"https:\/\/www.caririemacao.com\/1\/wp-json\/wp\/v2\/media?parent=50571"}],"wp:term":[{"taxonomy":"category","embeddable":true,"href":"https:\/\/www.caririemacao.com\/1\/wp-json\/wp\/v2\/categories?post=50571"},{"taxonomy":"post_tag","embeddable":true,"href":"https:\/\/www.caririemacao.com\/1\/wp-json\/wp\/v2\/tags?post=50571"}],"curies":[{"name":"wp","href":"https:\/\/api.w.org\/{rel}","templated":true}]}}