{"id":50574,"date":"2018-05-10T13:44:56","date_gmt":"2018-05-10T16:44:56","guid":{"rendered":"http:\/\/caririemacao.com\/1\/?p=50574"},"modified":"2018-05-10T13:44:56","modified_gmt":"2018-05-10T16:44:56","slug":"lula-defende-gleisi-hoffmann-e-reafirma-que-e-candidato","status":"publish","type":"post","link":"https:\/\/www.caririemacao.com\/1\/2018\/05\/10\/lula-defende-gleisi-hoffmann-e-reafirma-que-e-candidato\/","title":{"rendered":"Lula defende Gleisi Hoffmann e reafirma que \u00e9 candidato"},"content":{"rendered":"<p>O ex-presidente Luiz In\u00e1cio Lula da Silva saiu em defesa da presidente do PT, Gleisi Hoffmann, e reafirmou que \u00e9 candidato a presidente da Rep\u00fablica.<\/p>\n<p>Numa carta pessoal enviada a ela, o petista desautoriza qualquer especula\u00e7\u00e3o de que poderia abrir m\u00e3o da disputa para apoiar algum outro candidato, ou mesmo um nome do PT, o famoso&#8221; plano B&#8221;.<\/p>\n<p>&#8220;Se eu aceitar a ideia de n\u00e3o ser candidato, estarei assumindo que cometi um crime. N\u00e3o cometi nenhum crime. Por isso sou candidato at\u00e9 que a verdade apare\u00e7a e que a m\u00eddia, ju\u00edzes e procuradores mostrem o crime que cometi ou parem de mentir.&#8221;<\/p>\n<p>Os rumores de que o PT poderia descartar a candidatura de Lula, at\u00e9 mesmo com a concord\u00e2ncia dele, cresceram na semana passada, depois que o ex-governador da Bahia Jaques Wagner afirmou que o partido poderia indicar um vice na chapa de Ciro Gomes.<\/p>\n<p>Gleisi reagiu afirmando que Ciro n\u00e3o passa no partido &#8220;nem com reza brava&#8221;. J\u00e1 o pedetista disse ter &#8220;pena&#8221; dela.<\/p>\n<p>&#8220;Querida Gleisi, estou acompanhando na imprensa o debate da minha candidatura, ou Plano B ou apoiar outro candidato&#8221;, inicia Lula. &#8220;Sei o quanto voc\u00ea est\u00e1 sendo atacada. Por isso resolvi dar uma declara\u00e7\u00e3o sobre o assunto.&#8221;<\/p>\n<p>Lula diz que &#8220;quem quer que eu n\u00e3o seja candidato eu sei, inclusive, as raz\u00f5es pol\u00edticas, pois s\u00e3o concorrentes. Outros acham que fui condenado em 2\u00aa inst\u00e2ncia, ent\u00e3o sou culpado e estou no limbo da Lei da Ficha Suja&#8221;.<\/p>\n<p>O petista diz ainda que seus acusadores &#8220;sabem que sou inocente&#8221;, citando &#8220;procuradores, juiz, TRF-4 [Tribunal Regional Federal da 4\u00aa Regi\u00e3o]&#8221;.<\/p>\n<p>&#8220;Os meus advogados sabem que eu sou inocente. A maioria do povo sabe que eu sou inocente&#8221;, escreve o ex-presidente, reafirmando a candidatura.<\/p>\n<p>&#8220;O povo merece respeito. O povo tem que ter seus direitos e uma vida digna. Por isso queremos uma sociedade sem privil\u00e9gios para ningu\u00e9m, mas com direitos para todos&#8221;, finaliza Lula.<\/p>\n<p><strong>CARIRI EM A\u00c7\u00c3O<\/strong><\/p>\n<p><em>Com Not\u00edcias ao Minuto\/Foto: Reprodu\u00e7\u00e3o Internet\u00a0<\/em><\/p>\n<p><strong>Leia mais not\u00edcias em\u00a0<\/strong><a href=\"http:\/\/www.caririemacao.com\/\"><strong>caririemacao.com<\/strong><\/a><strong>, siga nossa p\u00e1gina no\u00a0<\/strong><a href=\"https:\/\/www.facebook.com\/CaririEmAcao\/?ref=aymt_homepage_panel\"><strong>Facebook<\/strong><\/a>,<strong>\u00a0<\/strong><a href=\"https:\/\/www.instagram.com\/cariri_em_acao\/?hl=pt-br\"><strong>Instagram<\/strong><\/a><strong>\u00a0e <\/strong><a href=\"https:\/\/www.youtube.com\/channel\/UCAptA0jQuYQy8vMhLt2m4qg\"><strong>Youtube<\/strong><\/a><strong>\u00a0e veja nossas mat\u00e9rias, v\u00eddeos e fotos. Voc\u00ea tamb\u00e9m pode enviar informa\u00e7\u00f5es \u00e0 Reda\u00e7\u00e3o do Portal Cariri em A\u00e7\u00e3o pelo WhatsApp (83) 9 9634.5791, (83) 9 9601-1162.<\/strong><\/p>\n","protected":false},"excerpt":{"rendered":"<p>O ex-presidente Luiz In\u00e1cio Lula da Silva saiu em defesa da presidente do PT, Gleisi Hoffmann, e reafirmou que \u00e9 candidato a presidente da Rep\u00fablica.&hellip; <\/p>\n","protected":false},"author":2,"featured_media":50576,"comment_status":"closed","ping_status":"closed","sticky":false,"template":"","format":"standard","meta":{"sfsi_plus_gutenberg_text_before_share":"","sfsi_plus_gutenberg_show_text_before_share":"","sfsi_plus_gutenberg_icon_type":"","sfsi_plus_gutenberg_icon_alignemt":"","sfsi_plus_gutenburg_max_per_row":"","footnotes":""},"categories":[11],"tags":[],"class_list":["post-50574","post","type-post","status-publish","format-standard","has-post-thumbnail","hentry","category-politica"],"_links":{"self":[{"href":"https:\/\/www.caririemacao.com\/1\/wp-json\/wp\/v2\/posts\/50574","targetHints":{"allow":["GET"]}}],"collection":[{"href":"https:\/\/www.caririemacao.com\/1\/wp-json\/wp\/v2\/posts"}],"about":[{"href":"https:\/\/www.caririemacao.com\/1\/wp-json\/wp\/v2\/types\/post"}],"author":[{"embeddable":true,"href":"https:\/\/www.caririemacao.com\/1\/wp-json\/wp\/v2\/users\/2"}],"replies":[{"embeddable":true,"href":"https:\/\/www.caririemacao.com\/1\/wp-json\/wp\/v2\/comments?post=50574"}],"version-history":[{"count":0,"href":"https:\/\/www.caririemacao.com\/1\/wp-json\/wp\/v2\/posts\/50574\/revisions"}],"wp:featuredmedia":[{"embeddable":true,"href":"https:\/\/www.caririemacao.com\/1\/wp-json\/wp\/v2\/media\/50576"}],"wp:attachment":[{"href":"https:\/\/www.caririemacao.com\/1\/wp-json\/wp\/v2\/media?parent=50574"}],"wp:term":[{"taxonomy":"category","embeddable":true,"href":"https:\/\/www.caririemacao.com\/1\/wp-json\/wp\/v2\/categories?post=50574"},{"taxonomy":"post_tag","embeddable":true,"href":"https:\/\/www.caririemacao.com\/1\/wp-json\/wp\/v2\/tags?post=50574"}],"curies":[{"name":"wp","href":"https:\/\/api.w.org\/{rel}","templated":true}]}}