{"id":50578,"date":"2018-05-10T13:49:34","date_gmt":"2018-05-10T16:49:34","guid":{"rendered":"http:\/\/caririemacao.com\/1\/?p=50578"},"modified":"2018-05-10T13:49:34","modified_gmt":"2018-05-10T16:49:34","slug":"tce-quer-impedir-farra-de-gastos-durante-festas-juninas-por-parte-das-prefeituras","status":"publish","type":"post","link":"https:\/\/www.caririemacao.com\/1\/2018\/05\/10\/tce-quer-impedir-farra-de-gastos-durante-festas-juninas-por-parte-das-prefeituras\/","title":{"rendered":"TCE quer impedir farra de gastos durante festas juninas por parte das prefeituras"},"content":{"rendered":"<p>O presidente do Tribunal de Contas do Estado (TCE), Andr\u00e9 Carlo Torres, mandou um recado para os prefeitos. Quem priorizar contrata\u00e7\u00f5es de bandas e o custeio de festas juninas em detrimento dos pagamentos de sal\u00e1rios, fornecedores, previd\u00eancias, sa\u00fade e educa\u00e7\u00e3o ter\u00e1 problemas. O of\u00edcio circular foi encaminhado para todas as prefeituras paraibanas, lembrando que as despesas com entretenimento n\u00e3o devem ser a prioridade dos gestores.<\/p>\n<p>Al\u00e9m de adequarem o cronograma mensal de desembolso sem comprometer as demais obriga\u00e7\u00f5es financeiras do munic\u00edpio, as Prefeituras que realizam os eventos devem remeter toda documenta\u00e7\u00e3o contratual e de gastos \u201cno prazo de at\u00e9 30 dias contados do \u00faltimo dia do m\u00eas da festividade\u201d.<\/p>\n<p>O documento encaminhado aos gestores nessa quarta-feira (9) \u00e9 no sentido de que todos \u201cobservem com cautela\u201d a recomenda\u00e7\u00e3o do Tribunal sobre despesas com eventos festivos potencialmente custeados com recursos p\u00fablicos.\u00a0Contida no Of\u00edcio Circular 001\/2018, a recomenda\u00e7\u00e3o estabelece que as despesas com festividades sejam informadas pelas prefeituras ao TCE-PB no prazo, forma e conte\u00fado descritos por meio das resolu\u00e7\u00f5es normativas TC 03\/2009, 01\/2013 e 07\/2015.<\/p>\n<p>Os documentos exigidos s\u00e3o, principalmente, demonstrativos de despesas com data, valor e credor de todos os empenhos, conv\u00eanios, parcerias, contratos, concess\u00f5es ou patroc\u00ednios.\u00a0\u201cTais provid\u00eancias visam resguardar a aplica\u00e7\u00e3o dos recursos p\u00fablicos com a efetiva observ\u00e2ncia \u00e0 boa gest\u00e3o p\u00fablica\u201d, observa o documento com a recomenda\u00e7\u00e3o e assinado pelo presidente da Corte.<\/p>\n<p><strong>CARIRI EM A\u00c7\u00c3O<\/strong><\/p>\n<p><em>Com Jornal da Para\u00edba\u00a0\/Foto: Reprodu\u00e7\u00e3o Internet<\/em><\/p>\n<p><strong>Leia mais not\u00edcias em\u00a0<\/strong><a href=\"http:\/\/www.caririemacao.com\/\"><strong>caririemacao.com<\/strong><\/a><strong>, siga nossa p\u00e1gina no\u00a0<\/strong><a href=\"https:\/\/www.facebook.com\/CaririEmAcao\/?ref=aymt_homepage_panel\"><strong>Facebook<\/strong><\/a>,<strong>\u00a0<\/strong><a href=\"https:\/\/www.instagram.com\/cariri_em_acao\/?hl=pt-br\"><strong>Instagram<\/strong><\/a><strong>\u00a0e <\/strong><a href=\"https:\/\/www.youtube.com\/channel\/UCAptA0jQuYQy8vMhLt2m4qg\"><strong>Youtube<\/strong><\/a><strong>\u00a0e veja nossas mat\u00e9rias, v\u00eddeos e fotos. Voc\u00ea tamb\u00e9m pode enviar informa\u00e7\u00f5es \u00e0 Reda\u00e7\u00e3o do Portal Cariri em A\u00e7\u00e3o pelo WhatsApp (83) 9 9634.5791, (83) 9 9601-1162.<\/strong><\/p>\n","protected":false},"excerpt":{"rendered":"<p>O presidente do Tribunal de Contas do Estado (TCE), Andr\u00e9 Carlo Torres, mandou um recado para os prefeitos. Quem priorizar contrata\u00e7\u00f5es de bandas e o&hellip; <\/p>\n","protected":false},"author":2,"featured_media":39246,"comment_status":"closed","ping_status":"closed","sticky":false,"template":"","format":"standard","meta":{"sfsi_plus_gutenberg_text_before_share":"","sfsi_plus_gutenberg_show_text_before_share":"","sfsi_plus_gutenberg_icon_type":"","sfsi_plus_gutenberg_icon_alignemt":"","sfsi_plus_gutenburg_max_per_row":"","footnotes":""},"categories":[2],"tags":[],"class_list":["post-50578","post","type-post","status-publish","format-standard","has-post-thumbnail","hentry","category-geral"],"_links":{"self":[{"href":"https:\/\/www.caririemacao.com\/1\/wp-json\/wp\/v2\/posts\/50578","targetHints":{"allow":["GET"]}}],"collection":[{"href":"https:\/\/www.caririemacao.com\/1\/wp-json\/wp\/v2\/posts"}],"about":[{"href":"https:\/\/www.caririemacao.com\/1\/wp-json\/wp\/v2\/types\/post"}],"author":[{"embeddable":true,"href":"https:\/\/www.caririemacao.com\/1\/wp-json\/wp\/v2\/users\/2"}],"replies":[{"embeddable":true,"href":"https:\/\/www.caririemacao.com\/1\/wp-json\/wp\/v2\/comments?post=50578"}],"version-history":[{"count":0,"href":"https:\/\/www.caririemacao.com\/1\/wp-json\/wp\/v2\/posts\/50578\/revisions"}],"wp:featuredmedia":[{"embeddable":true,"href":"https:\/\/www.caririemacao.com\/1\/wp-json\/wp\/v2\/media\/39246"}],"wp:attachment":[{"href":"https:\/\/www.caririemacao.com\/1\/wp-json\/wp\/v2\/media?parent=50578"}],"wp:term":[{"taxonomy":"category","embeddable":true,"href":"https:\/\/www.caririemacao.com\/1\/wp-json\/wp\/v2\/categories?post=50578"},{"taxonomy":"post_tag","embeddable":true,"href":"https:\/\/www.caririemacao.com\/1\/wp-json\/wp\/v2\/tags?post=50578"}],"curies":[{"name":"wp","href":"https:\/\/api.w.org\/{rel}","templated":true}]}}