{"id":50582,"date":"2018-05-10T14:20:30","date_gmt":"2018-05-10T17:20:30","guid":{"rendered":"http:\/\/caririemacao.com\/1\/?p=50582"},"modified":"2018-05-10T14:25:51","modified_gmt":"2018-05-10T17:25:51","slug":"rc-entrega-sistema-de-abastecimento-de-assuncao-e-autoriza-obra-em-taperoa","status":"publish","type":"post","link":"https:\/\/www.caririemacao.com\/1\/2018\/05\/10\/rc-entrega-sistema-de-abastecimento-de-assuncao-e-autoriza-obra-em-taperoa\/","title":{"rendered":"RC entrega sistema de abastecimento de Assun\u00e7\u00e3o e autoriza obra em Tapero\u00e1"},"content":{"rendered":"<p>O governador Ricardo Coutinho visita, nesta quinta-feira (10), os munic\u00edpios de Assun\u00e7\u00e3o e Tapero\u00e1, onde anuncia e entrega obras para a popula\u00e7\u00e3o e ainda participa de plen\u00e1ria do Or\u00e7amento Democr\u00e1tico Estadual (Regi\u00e3o de Tapero\u00e1). Em Assun\u00e7\u00e3o, o chefe do Executivo estadual entrega o sistema de abastecimento d\u2019\u00e1gua da cidade e autoriza a licita\u00e7\u00e3o para constru\u00e7\u00e3o de unidade escola padr\u00e3o; e em Tapero\u00e1, entrega as obras de recupera\u00e7\u00e3o da barragem Manoel Marcionilo e o sistema de dessaliniza\u00e7\u00e3o de \u00e1gua.<\/p>\n<p><strong>Data<\/strong>: 10.05.18 (Quinta-feira)<\/p>\n<p>\u2013 Entrega do Sistema de Abastecimento d\u2019\u00e1gua da cidade de Assun\u00e7\u00e3o;<\/p>\n<p>\u2013 Assinatura de Ordem de Licita\u00e7\u00e3o para Constru\u00e7\u00e3o de Unidade Escolar Padr\u00e3o em Assun\u00e7\u00e3o.<\/p>\n<p><strong>Hora<\/strong>: 14h<\/p>\n<p><strong>Local<\/strong>: Rua Tereza Balduino da N\u00f3brega, em frente ao Centro de Artesanato \u2013 Assun\u00e7\u00e3o.<\/p>\n<p>\u2013 Entrega da Recupera\u00e7\u00e3o da Barragem Manoel Marcionilo<\/p>\n<p><strong>Hora<\/strong>: 16h<\/p>\n<p><strong>Local<\/strong>: Barragem Manoel Marcionilo \u2013 Tapero\u00e1. (na sa\u00edda para o S\u00edtio Serra \u2013 3 Km da Zona Urbana).<\/p>\n<p>\u2013 Plen\u00e1ria do Or\u00e7amento Democr\u00e1tico Estadual \u2013 3\u00aa Regi\u00e3o Or\u00e7ament\u00e1ria (Regi\u00e3o Tapero\u00e1).<\/p>\n<p>\u2013 Entrega do Sistema de Dessaliniza\u00e7\u00e3o de Tapero\u00e1 (Programa \u00c1gua Doce \u2013 R$ 247 mil reais)<\/p>\n<p><strong>Hora<\/strong>: 19h<\/p>\n<p><strong>Local<\/strong>: Quadra Poliesportiva Jos\u00e9 de Assis Pimenta \u2013 Centro, Tapero\u00e1\/PB<\/p>\n<p><strong>CARIRI EM A\u00c7\u00c3O<\/strong><\/p>\n<p><em>Com \u00a0Para\u00edba J\u00e1<\/em><em>\/Foto: Reprodu\u00e7\u00e3o Internet<\/em><\/p>\n<p><strong>Leia mais not\u00edcias em\u00a0<\/strong><a href=\"http:\/\/www.caririemacao.com\/\"><strong>caririemacao.com<\/strong><\/a><strong>, siga nossa p\u00e1gina no\u00a0<\/strong><a href=\"https:\/\/www.facebook.com\/CaririEmAcao\/?ref=aymt_homepage_panel\"><strong>Facebook<\/strong><\/a>,<strong>\u00a0<\/strong><a href=\"https:\/\/www.instagram.com\/cariri_em_acao\/?hl=pt-br\"><strong>Instagram<\/strong><\/a><strong>\u00a0e <\/strong><a href=\"https:\/\/www.youtube.com\/channel\/UCAptA0jQuYQy8vMhLt2m4qg\"><strong>Youtube<\/strong><\/a><strong>\u00a0e veja nossas mat\u00e9rias, v\u00eddeos e fotos. Voc\u00ea tamb\u00e9m pode enviar informa\u00e7\u00f5es \u00e0 Reda\u00e7\u00e3o do Portal Cariri em A\u00e7\u00e3o pelo WhatsApp (83) 9 9634.5791, (83) 9 9601-1162.<\/strong><\/p>\n<div class=\"fbcb_container\" align=\"center\"><\/div>\n","protected":false},"excerpt":{"rendered":"<p>O governador Ricardo Coutinho visita, nesta quinta-feira (10), os munic\u00edpios de Assun\u00e7\u00e3o e Tapero\u00e1, onde anuncia e entrega obras para a popula\u00e7\u00e3o e ainda participa&hellip; <\/p>\n","protected":false},"author":2,"featured_media":38391,"comment_status":"closed","ping_status":"closed","sticky":false,"template":"","format":"standard","meta":{"sfsi_plus_gutenberg_text_before_share":"","sfsi_plus_gutenberg_show_text_before_share":"","sfsi_plus_gutenberg_icon_type":"","sfsi_plus_gutenberg_icon_alignemt":"","sfsi_plus_gutenburg_max_per_row":"","footnotes":""},"categories":[6],"tags":[],"class_list":["post-50582","post","type-post","status-publish","format-standard","has-post-thumbnail","hentry","category-cidades"],"_links":{"self":[{"href":"https:\/\/www.caririemacao.com\/1\/wp-json\/wp\/v2\/posts\/50582","targetHints":{"allow":["GET"]}}],"collection":[{"href":"https:\/\/www.caririemacao.com\/1\/wp-json\/wp\/v2\/posts"}],"about":[{"href":"https:\/\/www.caririemacao.com\/1\/wp-json\/wp\/v2\/types\/post"}],"author":[{"embeddable":true,"href":"https:\/\/www.caririemacao.com\/1\/wp-json\/wp\/v2\/users\/2"}],"replies":[{"embeddable":true,"href":"https:\/\/www.caririemacao.com\/1\/wp-json\/wp\/v2\/comments?post=50582"}],"version-history":[{"count":0,"href":"https:\/\/www.caririemacao.com\/1\/wp-json\/wp\/v2\/posts\/50582\/revisions"}],"wp:featuredmedia":[{"embeddable":true,"href":"https:\/\/www.caririemacao.com\/1\/wp-json\/wp\/v2\/media\/38391"}],"wp:attachment":[{"href":"https:\/\/www.caririemacao.com\/1\/wp-json\/wp\/v2\/media?parent=50582"}],"wp:term":[{"taxonomy":"category","embeddable":true,"href":"https:\/\/www.caririemacao.com\/1\/wp-json\/wp\/v2\/categories?post=50582"},{"taxonomy":"post_tag","embeddable":true,"href":"https:\/\/www.caririemacao.com\/1\/wp-json\/wp\/v2\/tags?post=50582"}],"curies":[{"name":"wp","href":"https:\/\/api.w.org\/{rel}","templated":true}]}}