{"id":50584,"date":"2018-05-10T14:00:45","date_gmt":"2018-05-10T17:00:45","guid":{"rendered":"http:\/\/caririemacao.com\/1\/?p=50584"},"modified":"2018-05-10T14:04:42","modified_gmt":"2018-05-10T17:04:42","slug":"psc-fecha-questao-e-lancara-pre-candidatura-ao-senado-nos-proximos-dias","status":"publish","type":"post","link":"https:\/\/www.caririemacao.com\/1\/2018\/05\/10\/psc-fecha-questao-e-lancara-pre-candidatura-ao-senado-nos-proximos-dias\/","title":{"rendered":"PSC fecha quest\u00e3o e lan\u00e7ar\u00e1 pr\u00e9-candidatura ao Senado nos pr\u00f3ximos dias"},"content":{"rendered":"<p>O PSC fechou quest\u00e3o em torno da pr\u00e9-candidatura do vice-prefeito de Jo\u00e3o Pessoa, Manoel Junior (PSC), a senador nas elei\u00e7\u00f5es estaduais deste ano, durante reuni\u00e3o da c\u00fapula do partido na manh\u00e3 desta quinta-feira (10).<\/p>\n<p>A informa\u00e7\u00e3o \u00e9 do deputado estadual e membro da Executiva estadual do PSC, Arnaldo Monteiro.<\/p>\n<p>De acordo com Arnaldo, nos \u00faltimos dias ele e outros membros da Executiva, a exemplo do ex-deputado federal Leonardo Gadelha e o deputado estadual Renato Gadelha, intensificaram as reuni\u00f5es para definir o posicionamento do partido no pleito e fecharam quest\u00e3o em torno do nome de Manoel Junior (foto) para o Senado.<\/p>\n<p>Arnaldo disse tamb\u00e9m que o PSC continua dialogando com v\u00e1rios partidos para a forma\u00e7\u00e3o da chapa majorit\u00e1ria e proporcionais.<\/p>\n<div class=\"ssbp-set--one ssbp-wrap ssbp-- ssbp--theme-4\" data-ssbp-toggle=\"true\">\n<div class=\"ssbp-container\" data-ssbp-share-text=\"\" data-ssbp-url=\"https:\/\/paraibaonline.com.br\/2018\/05\/psc-fecha-questao-e-lancara-pre-candidatura-ao-senado-nos-proximos-dias\/\" data-ssbp-title=\"PSC fecha quest\u00e3o e lan\u00e7ar\u00e1 pr\u00e9-candidatura ao Senado nos pr\u00f3ximos dias\" data-ssbp-short-url=\"\" data-ssbp-post-id=\"294253\">\n<p>\u00a0<strong>CARIRI EM A\u00c7\u00c3O<\/strong><\/p>\n<p><em>Com Ascom\/Foto: Reprodu\u00e7\u00e3o Internet<\/em><\/p>\n<p><strong>Leia mais not\u00edcias em\u00a0<\/strong><a href=\"http:\/\/www.caririemacao.com\/\"><strong>caririemacao.com<\/strong><\/a><strong>, siga nossa p\u00e1gina no\u00a0<\/strong><a href=\"https:\/\/www.facebook.com\/CaririEmAcao\/?ref=aymt_homepage_panel\"><strong>Facebook<\/strong><\/a>,<strong>\u00a0<\/strong><a href=\"https:\/\/www.instagram.com\/cariri_em_acao\/?hl=pt-br\"><strong>Instagram<\/strong><\/a><strong>\u00a0e <\/strong><a href=\"https:\/\/www.youtube.com\/channel\/UCAptA0jQuYQy8vMhLt2m4qg\"><strong>Youtube<\/strong><\/a><strong>\u00a0e veja nossas mat\u00e9rias, v\u00eddeos e fotos. Voc\u00ea tamb\u00e9m pode enviar informa\u00e7\u00f5es \u00e0 Reda\u00e7\u00e3o do Portal Cariri em A\u00e7\u00e3o pelo WhatsApp (83) 9 9634.5791, (83) 9 9601-1162.<\/strong><\/p>\n<\/div>\n<\/div>\n","protected":false},"excerpt":{"rendered":"<p>O PSC fechou quest\u00e3o em torno da pr\u00e9-candidatura do vice-prefeito de Jo\u00e3o Pessoa, Manoel Junior (PSC), a senador nas elei\u00e7\u00f5es estaduais deste ano, durante reuni\u00e3o&hellip; <\/p>\n","protected":false},"author":2,"featured_media":50585,"comment_status":"closed","ping_status":"closed","sticky":false,"template":"","format":"standard","meta":{"sfsi_plus_gutenberg_text_before_share":"","sfsi_plus_gutenberg_show_text_before_share":"","sfsi_plus_gutenberg_icon_type":"","sfsi_plus_gutenberg_icon_alignemt":"","sfsi_plus_gutenburg_max_per_row":"","footnotes":""},"categories":[11],"tags":[],"class_list":["post-50584","post","type-post","status-publish","format-standard","has-post-thumbnail","hentry","category-politica"],"_links":{"self":[{"href":"https:\/\/www.caririemacao.com\/1\/wp-json\/wp\/v2\/posts\/50584","targetHints":{"allow":["GET"]}}],"collection":[{"href":"https:\/\/www.caririemacao.com\/1\/wp-json\/wp\/v2\/posts"}],"about":[{"href":"https:\/\/www.caririemacao.com\/1\/wp-json\/wp\/v2\/types\/post"}],"author":[{"embeddable":true,"href":"https:\/\/www.caririemacao.com\/1\/wp-json\/wp\/v2\/users\/2"}],"replies":[{"embeddable":true,"href":"https:\/\/www.caririemacao.com\/1\/wp-json\/wp\/v2\/comments?post=50584"}],"version-history":[{"count":0,"href":"https:\/\/www.caririemacao.com\/1\/wp-json\/wp\/v2\/posts\/50584\/revisions"}],"wp:featuredmedia":[{"embeddable":true,"href":"https:\/\/www.caririemacao.com\/1\/wp-json\/wp\/v2\/media\/50585"}],"wp:attachment":[{"href":"https:\/\/www.caririemacao.com\/1\/wp-json\/wp\/v2\/media?parent=50584"}],"wp:term":[{"taxonomy":"category","embeddable":true,"href":"https:\/\/www.caririemacao.com\/1\/wp-json\/wp\/v2\/categories?post=50584"},{"taxonomy":"post_tag","embeddable":true,"href":"https:\/\/www.caririemacao.com\/1\/wp-json\/wp\/v2\/tags?post=50584"}],"curies":[{"name":"wp","href":"https:\/\/api.w.org\/{rel}","templated":true}]}}