{"id":50589,"date":"2018-05-10T14:08:22","date_gmt":"2018-05-10T17:08:22","guid":{"rendered":"http:\/\/caririemacao.com\/1\/?p=50589"},"modified":"2018-05-10T14:08:22","modified_gmt":"2018-05-10T17:08:22","slug":"facebook-anuncia-programa-contra-fake-news-no-ano-eleitoral","status":"publish","type":"post","link":"https:\/\/www.caririemacao.com\/1\/2018\/05\/10\/facebook-anuncia-programa-contra-fake-news-no-ano-eleitoral\/","title":{"rendered":"Facebook anuncia programa contra &#8216;fake news&#8217; no ano eleitoral"},"content":{"rendered":"<div class=\"row news-info-container no-margin\">\n<div class=\"col-lg-6 col-md-6 col-sm-6 col-xs-12 no-padding\"><\/div>\n<div class=\"col-lg-6 col-md-6 col-sm-6 hidden-xs no-padding\">\n<div class=\"news-social\">\n<div class=\"g-plus\" data-action=\"share\" data-annotation=\"none\"><\/div>\n<\/div>\n<\/div>\n<\/div>\n<div class=\"row news-main-text-container\">\n<div class=\"col-lg-12 col-md-12 col-sm-12 col-xs-12\">\n<div class=\"news-main-text\">\n<p><span class=\"news_capital_letter\">A<\/span>seis meses das elei\u00e7\u00f5es, o Facebook anunciou que iniciar\u00e1 na pr\u00f3xima semana, no Brasil, um programa de verifica\u00e7\u00e3o de not\u00edcias em parceria com as ag\u00eancias de checagem Lupa e Aos Fatos.<\/p>\n<div class=\"pub-container inside-news\">\n<div class=\"pub-space\">\u00a0Segundo a plataforma, os dois servi\u00e7os, ligados \u00e0 International Fact-Checking Network (IFCN), rede de checadores organizada pelo instituto Poynter (EUA), ter\u00e3o acesso \u00e0s not\u00edcias denunciadas como falsas pelos usu\u00e1rios.<\/div>\n<\/div>\n<p>Aquelas que as ag\u00eancias confirmarem como falsas &#8220;ter\u00e3o sua distribui\u00e7\u00e3o org\u00e2nica reduzida de forma significativa&#8221;, n\u00e3o podendo mais ser impulsionadas, diz o Facebook.<\/p>\n<p>E &#8220;p\u00e1ginas que repetidamente compartilharem not\u00edcias falsas ter\u00e3o todo o seu alcance diminu\u00eddo&#8221;, n\u00e3o podendo mais comprar an\u00fancio para aumentar suas audi\u00eancias.<\/p>\n<p>Nos EUA, segundo a plataforma, um programa semelhante teria reduzido &#8220;em at\u00e9 80%&#8221; a distribui\u00e7\u00e3o daquelas not\u00edcias confirmadas como falsas pelos checadores.<\/p>\n<p>Respons\u00e1vel no Facebook por parcerias com ve\u00edculos de m\u00eddia latino-americanos, Cl\u00e1udia Gurfinkel afirma que o programa &#8220;\u00e9 mais um passo&#8221; nos esfor\u00e7os da plataforma para combater &#8220;fake news&#8221;.<\/p>\n<p>Cristina Tard\u00e1guila, diretora da Ag\u00eancia Lupa, que publica uma coluna na Folha, afirma ter entrado no programa &#8220;acreditando fortemente no impacto que ele ter\u00e1, ainda mais num ano eleitoral&#8221;.<\/p>\n<p><strong>CARIRI EM A\u00c7\u00c3O<\/strong><\/p>\n<p><em>Com\u00a0Folhapress \/Foto: Reprodu\u00e7\u00e3o Internet<\/em><\/p>\n<p><strong>Leia mais not\u00edcias em\u00a0<\/strong><a href=\"http:\/\/www.caririemacao.com\/\"><strong>caririemacao.com<\/strong><\/a><strong>, siga nossa p\u00e1gina no\u00a0<\/strong><a href=\"https:\/\/www.facebook.com\/CaririEmAcao\/?ref=aymt_homepage_panel\"><strong>Facebook<\/strong><\/a>,<strong>\u00a0<\/strong><a href=\"https:\/\/www.instagram.com\/cariri_em_acao\/?hl=pt-br\"><strong>Instagram<\/strong><\/a><strong>\u00a0e <\/strong><a href=\"https:\/\/www.youtube.com\/channel\/UCAptA0jQuYQy8vMhLt2m4qg\"><strong>Youtube<\/strong><\/a><strong>\u00a0e veja nossas mat\u00e9rias, v\u00eddeos e fotos. Voc\u00ea tamb\u00e9m pode enviar informa\u00e7\u00f5es \u00e0 Reda\u00e7\u00e3o do Portal Cariri em A\u00e7\u00e3o pelo WhatsApp (83) 9 9634.5791, (83) 9 9601-1162.<\/strong><\/p>\n<\/div>\n<\/div>\n<\/div>\n","protected":false},"excerpt":{"rendered":"<p>Aseis meses das elei\u00e7\u00f5es, o Facebook anunciou que iniciar\u00e1 na pr\u00f3xima semana, no Brasil, um programa de verifica\u00e7\u00e3o de not\u00edcias em parceria com as ag\u00eancias&hellip; <\/p>\n","protected":false},"author":2,"featured_media":36159,"comment_status":"closed","ping_status":"closed","sticky":false,"template":"","format":"standard","meta":{"sfsi_plus_gutenberg_text_before_share":"","sfsi_plus_gutenberg_show_text_before_share":"","sfsi_plus_gutenberg_icon_type":"","sfsi_plus_gutenberg_icon_alignemt":"","sfsi_plus_gutenburg_max_per_row":"","footnotes":""},"categories":[1],"tags":[],"class_list":["post-50589","post","type-post","status-publish","format-standard","has-post-thumbnail","hentry","category-o-site"],"_links":{"self":[{"href":"https:\/\/www.caririemacao.com\/1\/wp-json\/wp\/v2\/posts\/50589","targetHints":{"allow":["GET"]}}],"collection":[{"href":"https:\/\/www.caririemacao.com\/1\/wp-json\/wp\/v2\/posts"}],"about":[{"href":"https:\/\/www.caririemacao.com\/1\/wp-json\/wp\/v2\/types\/post"}],"author":[{"embeddable":true,"href":"https:\/\/www.caririemacao.com\/1\/wp-json\/wp\/v2\/users\/2"}],"replies":[{"embeddable":true,"href":"https:\/\/www.caririemacao.com\/1\/wp-json\/wp\/v2\/comments?post=50589"}],"version-history":[{"count":0,"href":"https:\/\/www.caririemacao.com\/1\/wp-json\/wp\/v2\/posts\/50589\/revisions"}],"wp:featuredmedia":[{"embeddable":true,"href":"https:\/\/www.caririemacao.com\/1\/wp-json\/wp\/v2\/media\/36159"}],"wp:attachment":[{"href":"https:\/\/www.caririemacao.com\/1\/wp-json\/wp\/v2\/media?parent=50589"}],"wp:term":[{"taxonomy":"category","embeddable":true,"href":"https:\/\/www.caririemacao.com\/1\/wp-json\/wp\/v2\/categories?post=50589"},{"taxonomy":"post_tag","embeddable":true,"href":"https:\/\/www.caririemacao.com\/1\/wp-json\/wp\/v2\/tags?post=50589"}],"curies":[{"name":"wp","href":"https:\/\/api.w.org\/{rel}","templated":true}]}}