{"id":50591,"date":"2018-05-10T14:11:32","date_gmt":"2018-05-10T17:11:32","guid":{"rendered":"http:\/\/caririemacao.com\/1\/?p=50591"},"modified":"2018-05-10T14:11:32","modified_gmt":"2018-05-10T17:11:32","slug":"programacao-completa-do-sao-joao-2018-de-monteiro-pb-e-divulgada","status":"publish","type":"post","link":"https:\/\/www.caririemacao.com\/1\/2018\/05\/10\/programacao-completa-do-sao-joao-2018-de-monteiro-pb-e-divulgada\/","title":{"rendered":"Programa\u00e7\u00e3o completa do S\u00e3o Jo\u00e3o 2018 de Monteiro, PB, \u00e9 divulgada"},"content":{"rendered":"<div class=\"mc-column content-media content-media--normal  content-photo\" data-block-type=\"backstage-photo\" data-block-id=\"0\">\n<div class=\"content-media__container\">\n<div class=\"content-media__description-centered \">\n<p class=\"content-media__description\">A programa\u00e7\u00e3o do\u00a0S\u00e3o Jo\u00e3o 2018\u00a0de Monteiro, no Cariri da Para\u00edba, foi divulgada nesta quinta-feira (10). Entre as principais atra\u00e7\u00f5es, est\u00e3o shows de Avi\u00f5es, Gusttavo Lima, Avine Vinny, Magn\u00edficos, Gabriel Diniz, Eliane e Walkyria Santos. A festa junina vai acontecer de 22 a 27 de junho.<\/p>\n<p class=\"content-media__description\">De acordo com a Secretaria de Cultura e Turismo de Monteiro, a prefeitura pretende preservar a originalidade e caracter\u00edsticas da cultura e musicalidade da regi\u00e3o no ambiente chamado de &#8220;S\u00edtio S\u00e3o Francisco\u201d. O espa\u00e7o vai oferecer comidas t\u00edpicas, artesanato e apresenta\u00e7\u00f5es de trios de forr\u00f3 p\u00e9-de-serra, no per\u00edodo das 16h \u00e0s 22h. O palco principal que vai ficar na Pra\u00e7a Jo\u00e3o Pessoa conta com os shows a partir das 22h.<\/p>\n<\/div>\n<\/div>\n<\/div>\n<div class=\"mc-column content-text active-extra-styles\" data-block-type=\"raw\" data-block-weight=\"9\" data-block-id=\"5\">\n<div class=\"content-intertitle\">\n<p><strong>Programa\u00e7\u00e3o de shows do S\u00e3o Jo\u00e3o 2018 de Monteiro<\/strong><\/p>\n<\/div>\n<\/div>\n<div class=\"mc-column content-text active-extra-styles \" data-block-type=\"unstyled\" data-block-weight=\"3\" data-block-id=\"6\">\n<p class=\"content-text__container \" data-track-category=\"Link no Texto\" data-track-links=\"\"><strong>Sexta-feira, dia 22<\/strong><\/p>\n<\/div>\n<div class=\"mc-column content-text active-extra-styles\" data-block-type=\"raw\" data-block-weight=\"5\" data-block-id=\"7\">\n<ul class=\"content-unordered-list\">\n<li>Avine Vinny<\/li>\n<li>Novinho da Para\u00edba<\/li>\n<\/ul>\n<\/div>\n<div class=\"mc-column content-text active-extra-styles \" data-block-type=\"unstyled\" data-block-weight=\"3\" data-block-id=\"8\">\n<p class=\"content-text__container \" data-track-category=\"Link no Texto\" data-track-links=\"\"><strong>S\u00e1bado, dia 23<\/strong><\/p>\n<\/div>\n<div class=\"mc-column content-text active-extra-styles\" data-block-type=\"raw\" data-block-weight=\"5\" data-block-id=\"9\">\n<ul class=\"content-unordered-list\">\n<li>Solteir\u00f5es do Forr\u00f3<\/li>\n<li>Maciel Melo<\/li>\n<\/ul>\n<\/div>\n<div class=\"mc-column content-text active-extra-styles \" data-block-type=\"unstyled\" data-block-weight=\"3\" data-block-id=\"10\">\n<p class=\"content-text__container \" data-track-category=\"Link no Texto\" data-track-links=\"\"><strong>Domingo, dia 24<\/strong><\/p>\n<\/div>\n<div class=\"mc-column content-text active-extra-styles\" data-block-type=\"raw\" data-block-weight=\"6\" data-block-id=\"11\">\n<ul class=\"content-unordered-list\">\n<li>Capil\u00e9<\/li>\n<li>Maria Clara<\/li>\n<li>Dejinha de Monteiro<\/li>\n<\/ul>\n<\/div>\n<div class=\"mc-column content-text active-extra-styles \" data-block-type=\"unstyled\" data-block-weight=\"3\" data-block-id=\"12\">\n<p class=\"content-text__container \" data-track-category=\"Link no Texto\" data-track-links=\"\"><strong>Segunda-feira, dia 25<\/strong><\/p>\n<\/div>\n<div class=\"mc-column content-text active-extra-styles\" data-block-type=\"raw\" data-block-weight=\"4\" data-block-id=\"13\">\n<ul class=\"content-unordered-list\">\n<li>Gabriel Diniz<\/li>\n<li>Walkyria Santos<\/li>\n<\/ul>\n<\/div>\n<div class=\"mc-column content-text active-extra-styles \" data-block-type=\"unstyled\" data-block-weight=\"3\" data-block-id=\"14\">\n<p class=\"content-text__container \" data-track-category=\"Link no Texto\" data-track-links=\"\"><strong>Ter\u00e7a-feira, dia 26<\/strong><\/p>\n<\/div>\n<div class=\"mc-column content-text active-extra-styles\" data-block-type=\"raw\" data-block-weight=\"6\" data-block-id=\"15\">\n<ul class=\"content-unordered-list\">\n<li>Gusttavo Lima<\/li>\n<li>Nanara Bello<\/li>\n<li>Banda Magnificos<\/li>\n<\/ul>\n<\/div>\n<div class=\"mc-column content-text active-extra-styles \" data-block-type=\"unstyled\" data-block-weight=\"3\" data-block-id=\"16\">\n<p class=\"content-text__container \" data-track-category=\"Link no Texto\" data-track-links=\"\"><strong>Quarta-feira, dia 27<\/strong><\/p>\n<\/div>\n<div data-track-category=\"fim do conteudo\" data-track-action=\"ultimo chunk conteudo\" data-track-noninteraction=\"false\" data-track-scroll=\"entrada completa viewport\">\n<div class=\"mc-column content-text active-extra-styles\" data-block-type=\"raw\" data-block-weight=\"4\" data-block-id=\"17\">\n<ul class=\"content-unordered-list\">\n<li>Avi\u00f5es<\/li>\n<li>Lara Am\u00e9lia<\/li>\n<li>Eliane<\/li>\n<\/ul>\n<p><strong>CARIRI EM A\u00c7\u00c3O<\/strong><\/p>\n<p><em>Com G1 \/Foto: Reprodu\u00e7\u00e3o Internet<\/em><\/p>\n<p><strong>Leia mais not\u00edcias em\u00a0<\/strong><a href=\"http:\/\/www.caririemacao.com\/\"><strong>caririemacao.com<\/strong><\/a><strong>, siga nossa p\u00e1gina no\u00a0<\/strong><a href=\"https:\/\/www.facebook.com\/CaririEmAcao\/?ref=aymt_homepage_panel\"><strong>Facebook<\/strong><\/a>,<strong>\u00a0<\/strong><a href=\"https:\/\/www.instagram.com\/cariri_em_acao\/?hl=pt-br\"><strong>Instagram<\/strong><\/a><strong>\u00a0e <\/strong><a href=\"https:\/\/www.youtube.com\/channel\/UCAptA0jQuYQy8vMhLt2m4qg\"><strong>Youtube<\/strong><\/a><strong>\u00a0e veja nossas mat\u00e9rias, v\u00eddeos e fotos. Voc\u00ea tamb\u00e9m pode enviar informa\u00e7\u00f5es \u00e0 Reda\u00e7\u00e3o do Portal Cariri em A\u00e7\u00e3o pelo WhatsApp (83) 9 9634.5791, (83) 9 9601-1162.<\/strong><\/p>\n<\/div>\n<\/div>\n","protected":false},"excerpt":{"rendered":"<p>A programa\u00e7\u00e3o do\u00a0S\u00e3o Jo\u00e3o 2018\u00a0de Monteiro, no Cariri da Para\u00edba, foi divulgada nesta quinta-feira (10). Entre as principais atra\u00e7\u00f5es, est\u00e3o shows de Avi\u00f5es, Gusttavo Lima,&hellip; <\/p>\n","protected":false},"author":2,"featured_media":39888,"comment_status":"closed","ping_status":"closed","sticky":false,"template":"","format":"standard","meta":{"sfsi_plus_gutenberg_text_before_share":"","sfsi_plus_gutenberg_show_text_before_share":"","sfsi_plus_gutenberg_icon_type":"","sfsi_plus_gutenberg_icon_alignemt":"","sfsi_plus_gutenburg_max_per_row":"","footnotes":""},"categories":[2],"tags":[],"class_list":["post-50591","post","type-post","status-publish","format-standard","has-post-thumbnail","hentry","category-geral"],"_links":{"self":[{"href":"https:\/\/www.caririemacao.com\/1\/wp-json\/wp\/v2\/posts\/50591","targetHints":{"allow":["GET"]}}],"collection":[{"href":"https:\/\/www.caririemacao.com\/1\/wp-json\/wp\/v2\/posts"}],"about":[{"href":"https:\/\/www.caririemacao.com\/1\/wp-json\/wp\/v2\/types\/post"}],"author":[{"embeddable":true,"href":"https:\/\/www.caririemacao.com\/1\/wp-json\/wp\/v2\/users\/2"}],"replies":[{"embeddable":true,"href":"https:\/\/www.caririemacao.com\/1\/wp-json\/wp\/v2\/comments?post=50591"}],"version-history":[{"count":0,"href":"https:\/\/www.caririemacao.com\/1\/wp-json\/wp\/v2\/posts\/50591\/revisions"}],"wp:featuredmedia":[{"embeddable":true,"href":"https:\/\/www.caririemacao.com\/1\/wp-json\/wp\/v2\/media\/39888"}],"wp:attachment":[{"href":"https:\/\/www.caririemacao.com\/1\/wp-json\/wp\/v2\/media?parent=50591"}],"wp:term":[{"taxonomy":"category","embeddable":true,"href":"https:\/\/www.caririemacao.com\/1\/wp-json\/wp\/v2\/categories?post=50591"},{"taxonomy":"post_tag","embeddable":true,"href":"https:\/\/www.caririemacao.com\/1\/wp-json\/wp\/v2\/tags?post=50591"}],"curies":[{"name":"wp","href":"https:\/\/api.w.org\/{rel}","templated":true}]}}