{"id":50599,"date":"2018-05-10T22:02:16","date_gmt":"2018-05-11T01:02:16","guid":{"rendered":"http:\/\/caririemacao.com\/1\/?p=50599"},"modified":"2018-05-10T22:02:16","modified_gmt":"2018-05-11T01:02:16","slug":"camara-de-sume-realizou-reuniao-durante-esta-semana","status":"publish","type":"post","link":"https:\/\/www.caririemacao.com\/1\/2018\/05\/10\/camara-de-sume-realizou-reuniao-durante-esta-semana\/","title":{"rendered":"C\u00e2mara de Sum\u00e9 realizou reuni\u00e3o durante esta semana"},"content":{"rendered":"<p>A C\u00e2mara de Vereadores de Sum\u00e9 realizou na noite da \u00faltima ter\u00e7a-feira (08\/05) reuni\u00e3o ordin\u00e1ria e aprovaram v\u00e1rios requerimentos dos vereadores sumeenses.<\/p>\n<p><a href=\"http:\/\/caririemacao.com\/1\/?attachment_id=50600\" rel=\"attachment wp-att-50600\"><img fetchpriority=\"high\" decoding=\"async\" class=\"aligncenter size-full wp-image-50600\" src=\"http:\/\/caririemacao.com\/1\/wp-content\/uploads\/2018\/05\/32169342_1150766935064845_5843387621358698496_n.jpg\" alt=\"\" width=\"768\" height=\"890\" srcset=\"https:\/\/www.caririemacao.com\/1\/wp-content\/uploads\/2018\/05\/32169342_1150766935064845_5843387621358698496_n.jpg 768w, https:\/\/www.caririemacao.com\/1\/wp-content\/uploads\/2018\/05\/32169342_1150766935064845_5843387621358698496_n-259x300.jpg 259w\" sizes=\"(max-width: 768px) 100vw, 768px\" \/><\/a><\/p>\n<p>A sess\u00e3o presidida pelo vereador\u00a0Z\u00e9 Ant\u00f4nio ainda contou com a presen\u00e7a dos vereadores Antonio Carlos, Bonilson, Jefferson Menezes, Branco Xiliu, Juan Pereira, Nilson e Daniel L\u00eala. Ausentes os vereadores Brigida Xavier, Sabugo e Bomba.<\/p>\n<p><a href=\"http:\/\/caririemacao.com\/1\/?attachment_id=50605\" rel=\"attachment wp-att-50605\"><img decoding=\"async\" class=\"aligncenter size-full wp-image-50605 lazyload\" data-src=\"http:\/\/caririemacao.com\/1\/wp-content\/uploads\/2018\/05\/32235744_1150783181729887_3439184191709773824_n.jpg\" alt=\"\" width=\"768\" height=\"902\" data-srcset=\"https:\/\/www.caririemacao.com\/1\/wp-content\/uploads\/2018\/05\/32235744_1150783181729887_3439184191709773824_n.jpg 768w, https:\/\/www.caririemacao.com\/1\/wp-content\/uploads\/2018\/05\/32235744_1150783181729887_3439184191709773824_n-255x300.jpg 255w\" data-sizes=\"(max-width: 768px) 100vw, 768px\" src=\"data:image\/svg+xml;base64,PHN2ZyB3aWR0aD0iMSIgaGVpZ2h0PSIxIiB4bWxucz0iaHR0cDovL3d3dy53My5vcmcvMjAwMC9zdmciPjwvc3ZnPg==\" style=\"--smush-placeholder-width: 768px; --smush-placeholder-aspect-ratio: 768\/902;\" \/><\/a><\/p>\n<p>O vereador Jeffeson Menezes demonstrou sua preocupa\u00e7\u00e3o com o atual local onde \u00e9 realizada a feira de gado de Sum\u00e9, no Bairro do Mandacaru as margens da PB 214. O vereador disse que h\u00e1 algumas semanas vem levantando esse debate e que chegou a dialogar com o prefeito \u00c9den Duarte sobre a necessidade de realizar algumas melhorias enquanto a situa\u00e7\u00e3o envolvendo a transfer\u00eancia para o Parque de Exposi\u00e7\u00f5es Jo\u00e3o Albino Pedrosa n\u00e3o seja resolvido, local que atualmente est\u00e1 no meio de uma disputa judicial entre a Prefeitura de Universidade Federal de Campina Grande.<\/p>\n<p><a href=\"http:\/\/caririemacao.com\/1\/?attachment_id=50604\" rel=\"attachment wp-att-50604\"><img decoding=\"async\" class=\"aligncenter size-full wp-image-50604 lazyload\" data-src=\"http:\/\/caririemacao.com\/1\/wp-content\/uploads\/2018\/05\/32116520_1150782455063293_8729587128666685440_n.jpg\" alt=\"\" width=\"794\" height=\"768\" data-srcset=\"https:\/\/www.caririemacao.com\/1\/wp-content\/uploads\/2018\/05\/32116520_1150782455063293_8729587128666685440_n.jpg 794w, https:\/\/www.caririemacao.com\/1\/wp-content\/uploads\/2018\/05\/32116520_1150782455063293_8729587128666685440_n-300x290.jpg 300w, https:\/\/www.caririemacao.com\/1\/wp-content\/uploads\/2018\/05\/32116520_1150782455063293_8729587128666685440_n-768x743.jpg 768w\" data-sizes=\"(max-width: 794px) 100vw, 794px\" src=\"data:image\/svg+xml;base64,PHN2ZyB3aWR0aD0iMSIgaGVpZ2h0PSIxIiB4bWxucz0iaHR0cDovL3d3dy53My5vcmcvMjAwMC9zdmciPjwvc3ZnPg==\" style=\"--smush-placeholder-width: 794px; --smush-placeholder-aspect-ratio: 794\/768;\" \/><\/a><\/p>\n<p>O vereador\u00a0Nilson Brito\u00a0apresentou requerimento ao prefeito \u00c9den Duarte, para que atrav\u00e9s da Secretaria de Assist\u00eancia Social possa serem constru\u00eddas cisternas de placa na zona rural do munic\u00edpio de Sum\u00e9, como objetivo de atender pessoas que ainda n\u00e3o foram beneficiadas com projetos anteriores.<\/p>\n<p><a href=\"http:\/\/caririemacao.com\/1\/?attachment_id=50603\" rel=\"attachment wp-att-50603\"><img decoding=\"async\" class=\"aligncenter size-full wp-image-50603 lazyload\" data-src=\"http:\/\/caririemacao.com\/1\/wp-content\/uploads\/2018\/05\/32186674_1150781035063435_7848278711613784064_n.jpg\" alt=\"\" width=\"768\" height=\"919\" data-srcset=\"https:\/\/www.caririemacao.com\/1\/wp-content\/uploads\/2018\/05\/32186674_1150781035063435_7848278711613784064_n.jpg 768w, https:\/\/www.caririemacao.com\/1\/wp-content\/uploads\/2018\/05\/32186674_1150781035063435_7848278711613784064_n-251x300.jpg 251w\" data-sizes=\"(max-width: 768px) 100vw, 768px\" src=\"data:image\/svg+xml;base64,PHN2ZyB3aWR0aD0iMSIgaGVpZ2h0PSIxIiB4bWxucz0iaHR0cDovL3d3dy53My5vcmcvMjAwMC9zdmciPjwvc3ZnPg==\" style=\"--smush-placeholder-width: 768px; --smush-placeholder-aspect-ratio: 768\/919;\" \/><\/a><\/p>\n<p>O vereador\u00a0Antonio Carlos Sarmento\u00a0apresentou voto de pesar pelo falecimento do jovem Haylson Hauan Carneiro Vilar. O Vereador apresentou ainda, voto de pesar pelo falecimento da Senhora Maria de Lourdes Lima Rafael (Maria de Raminho).<\/p>\n<p>Antonio Carlos requereu ainda a pavimenta\u00e7\u00e3o das Ruas Severino Jos\u00e9 de Oliveira (Severino Panela), Rua Ata\u00edde D\u00e1rio de Oliveira e Rua Alexandrina Aleixo, no Bairro Renascer.<\/p>\n<p><a href=\"http:\/\/caririemacao.com\/1\/?attachment_id=50602\" rel=\"attachment wp-att-50602\"><img decoding=\"async\" class=\"aligncenter size-full wp-image-50602 lazyload\" data-src=\"http:\/\/caririemacao.com\/1\/wp-content\/uploads\/2018\/05\/32130492_1150780528396819_3648910421185789952_n.jpg\" alt=\"\" width=\"811\" height=\"768\" data-srcset=\"https:\/\/www.caririemacao.com\/1\/wp-content\/uploads\/2018\/05\/32130492_1150780528396819_3648910421185789952_n.jpg 811w, https:\/\/www.caririemacao.com\/1\/wp-content\/uploads\/2018\/05\/32130492_1150780528396819_3648910421185789952_n-300x284.jpg 300w, https:\/\/www.caririemacao.com\/1\/wp-content\/uploads\/2018\/05\/32130492_1150780528396819_3648910421185789952_n-768x727.jpg 768w\" data-sizes=\"(max-width: 811px) 100vw, 811px\" src=\"data:image\/svg+xml;base64,PHN2ZyB3aWR0aD0iMSIgaGVpZ2h0PSIxIiB4bWxucz0iaHR0cDovL3d3dy53My5vcmcvMjAwMC9zdmciPjwvc3ZnPg==\" style=\"--smush-placeholder-width: 811px; --smush-placeholder-aspect-ratio: 811\/768;\" \/><\/a><\/p>\n<p>J\u00e1 o vereador\u00a0Daniel L\u00eala\u00a0apresentou requerimento solicitando ao prefeito \u00c9den Duarte a pavimenta\u00e7\u00e3o das seguintes ruas Bartolomeu Maracaj\u00e1 no Conjunto Habitacional Sebasti\u00e3o Vitorino, Jos\u00e9 Cavalcanti de Queiroz, Anacleto Feitosa da Silva e Sebasti\u00e3o Alves de Ara\u00fajo no Conjunto Pedro Ferreira.<\/p>\n<p>Algumas ruas citadas ser\u00e3o cal\u00e7adas de acordo com an\u00fancio do prefeito \u00c9den Duarte, mas de acordo com o vereador Daniel L\u00eala o requerimento tem o objetivo de refor\u00e7ar o pedido dos moradores.<\/p>\n<p><a href=\"http:\/\/caririemacao.com\/1\/?attachment_id=50606\" rel=\"attachment wp-att-50606\"><img decoding=\"async\" class=\"aligncenter size-full wp-image-50606 lazyload\" data-src=\"http:\/\/caririemacao.com\/1\/wp-content\/uploads\/2018\/05\/32149076_1150787835062755_8756836853618835456_n.jpg\" alt=\"\" width=\"960\" height=\"640\" data-srcset=\"https:\/\/www.caririemacao.com\/1\/wp-content\/uploads\/2018\/05\/32149076_1150787835062755_8756836853618835456_n.jpg 960w, https:\/\/www.caririemacao.com\/1\/wp-content\/uploads\/2018\/05\/32149076_1150787835062755_8756836853618835456_n-300x200.jpg 300w, https:\/\/www.caririemacao.com\/1\/wp-content\/uploads\/2018\/05\/32149076_1150787835062755_8756836853618835456_n-768x512.jpg 768w\" data-sizes=\"(max-width: 960px) 100vw, 960px\" src=\"data:image\/svg+xml;base64,PHN2ZyB3aWR0aD0iMSIgaGVpZ2h0PSIxIiB4bWxucz0iaHR0cDovL3d3dy53My5vcmcvMjAwMC9zdmciPjwvc3ZnPg==\" style=\"--smush-placeholder-width: 960px; --smush-placeholder-aspect-ratio: 960\/640;\" \/><\/a><\/p>\n<p>Ainda durante a reuni\u00e3o, a gestora do Programa Bolsa Fam\u00edlia de Sum\u00e9, Edileide Batista, usou a tribuna, a convite do vereador Nilson Brito, para falar sobre os benef\u00edcios para as pessoas que fazem parte do Cadastro \u00danico do Governo Federal. De acordo com Edileide Batista, o Cadastro \u00danico \u00e9 um banco de dados \u2014 que abriga atualmente informa\u00e7\u00f5es de 26,5 milh\u00f5es de fam\u00edlias brasileiras \u2014 \u00e9 uma importante ferramenta para aperfei\u00e7oar a gest\u00e3o dos programas e auxiliar na implementa\u00e7\u00e3o e no aprimoramento de pol\u00edticas sociais.<\/p>\n<p>Edileide informou que pessoas que possuem o Cadastro \u00fanico t\u00eam direito ao Programa Bolsa Fam\u00edlia, Tarifa Social de Energia El\u00e9trica, Programa Minha Casa Minha Vida, Carteira do Idoso<br \/>\nIdentidade Jovens, entre outros.<\/p>\n<p><strong>CARIRI EM A\u00c7\u00c3O<\/strong><\/p>\n<p><em style=\"font-weight: inherit;\">Com \u00a0Ascom<\/em><\/p>\n<p><strong style=\"font-style: inherit;\">Leia mais not\u00edcias em\u00a0<\/strong><a style=\"font-style: inherit; font-weight: inherit;\" href=\"http:\/\/www.caririemacao.com\/\"><strong style=\"font-style: inherit;\">caririemacao.com<\/strong><\/a><strong style=\"font-style: inherit;\">, siga nossa p\u00e1gina no\u00a0<\/strong><a style=\"font-style: inherit; font-weight: inherit;\" href=\"https:\/\/www.facebook.com\/CaririEmAcao\/?ref=aymt_homepage_panel\"><strong style=\"font-style: inherit;\">Facebook<\/strong><\/a>,<strong style=\"font-style: inherit;\">\u00a0<\/strong><a style=\"font-style: inherit; font-weight: inherit;\" href=\"https:\/\/www.instagram.com\/cariri_em_acao\/?hl=pt-br\"><strong style=\"font-style: inherit;\">Instagram<\/strong><\/a><strong style=\"font-style: inherit;\">\u00a0e\u00a0<\/strong><a style=\"font-style: inherit; font-weight: inherit;\" href=\"https:\/\/www.youtube.com\/channel\/UCAptA0jQuYQy8vMhLt2m4qg\"><strong style=\"font-style: inherit;\">Youtube<\/strong><\/a><strong style=\"font-style: inherit;\">\u00a0e veja nossas mat\u00e9rias, v\u00eddeos e fotos. Voc\u00ea tamb\u00e9m pode enviar informa\u00e7\u00f5es \u00e0 Reda\u00e7\u00e3o do Portal Cariri em A\u00e7\u00e3o pelo WhatsApp (83) 9 9634.5791, (83) 9 9601-1162.<\/strong><\/p>\n","protected":false},"excerpt":{"rendered":"<p>A C\u00e2mara de Vereadores de Sum\u00e9 realizou na noite da \u00faltima ter\u00e7a-feira (08\/05) reuni\u00e3o ordin\u00e1ria e aprovaram v\u00e1rios requerimentos dos vereadores sumeenses. A sess\u00e3o presidida&hellip; <\/p>\n","protected":false},"author":2,"featured_media":50601,"comment_status":"closed","ping_status":"closed","sticky":false,"template":"","format":"standard","meta":{"sfsi_plus_gutenberg_text_before_share":"","sfsi_plus_gutenberg_show_text_before_share":"","sfsi_plus_gutenberg_icon_type":"","sfsi_plus_gutenberg_icon_alignemt":"","sfsi_plus_gutenburg_max_per_row":"","footnotes":""},"categories":[2],"tags":[],"class_list":["post-50599","post","type-post","status-publish","format-standard","has-post-thumbnail","hentry","category-geral"],"_links":{"self":[{"href":"https:\/\/www.caririemacao.com\/1\/wp-json\/wp\/v2\/posts\/50599","targetHints":{"allow":["GET"]}}],"collection":[{"href":"https:\/\/www.caririemacao.com\/1\/wp-json\/wp\/v2\/posts"}],"about":[{"href":"https:\/\/www.caririemacao.com\/1\/wp-json\/wp\/v2\/types\/post"}],"author":[{"embeddable":true,"href":"https:\/\/www.caririemacao.com\/1\/wp-json\/wp\/v2\/users\/2"}],"replies":[{"embeddable":true,"href":"https:\/\/www.caririemacao.com\/1\/wp-json\/wp\/v2\/comments?post=50599"}],"version-history":[{"count":0,"href":"https:\/\/www.caririemacao.com\/1\/wp-json\/wp\/v2\/posts\/50599\/revisions"}],"wp:featuredmedia":[{"embeddable":true,"href":"https:\/\/www.caririemacao.com\/1\/wp-json\/wp\/v2\/media\/50601"}],"wp:attachment":[{"href":"https:\/\/www.caririemacao.com\/1\/wp-json\/wp\/v2\/media?parent=50599"}],"wp:term":[{"taxonomy":"category","embeddable":true,"href":"https:\/\/www.caririemacao.com\/1\/wp-json\/wp\/v2\/categories?post=50599"},{"taxonomy":"post_tag","embeddable":true,"href":"https:\/\/www.caririemacao.com\/1\/wp-json\/wp\/v2\/tags?post=50599"}],"curies":[{"name":"wp","href":"https:\/\/api.w.org\/{rel}","templated":true}]}}