{"id":50611,"date":"2018-05-10T23:18:05","date_gmt":"2018-05-11T02:18:05","guid":{"rendered":"http:\/\/caririemacao.com\/1\/?p=50611"},"modified":"2018-05-10T23:22:14","modified_gmt":"2018-05-11T02:22:14","slug":"ujs-realiza-congresso-municipal-em-sume","status":"publish","type":"post","link":"https:\/\/www.caririemacao.com\/1\/2018\/05\/10\/ujs-realiza-congresso-municipal-em-sume\/","title":{"rendered":"UJS realiza Congresso Municipal em Sum\u00e9"},"content":{"rendered":"<p>A Uni\u00e3o da Juventude Socialista promove neste pr\u00f3ximo s\u00e1bado, dia 12, uma importante mobiliza\u00e7\u00e3o da classe estudantil com a realiza\u00e7\u00e3o do 1\u00ba CONGRESSO MUNICIPAL DA UJS SUM\u00c9.<\/p>\n<p>O evento ser\u00e1 promovido na C\u00e2mara Municipal e ser\u00e1 um espa\u00e7o de debate e reflex\u00e3o sobre v\u00e1rios temas ligados \u00e0s bandeiras de luta da classe estudantil.<\/p>\n<p>O evento come\u00e7a \u00e0s 17 horas e \u00e9 aberto para toda popula\u00e7\u00e3o sumeense e tamb\u00e9m estudantes de toda a regi\u00e3o.<\/p>\n<p>Segundo com o coordenador da UJS Sum\u00e9, Igor Sousa, o evento tamb\u00e9m contar\u00e1 com a presen\u00e7a de v\u00e1rias lideran\u00e7as locais e regionais.<\/p>\n<p><strong>CARIRI EM A\u00c7\u00c3O<\/strong><\/p>\n<p><strong>Leia mais not\u00edcias em\u00a0<\/strong><a style=\"font-style: inherit; font-weight: inherit;\" href=\"http:\/\/www.caririemacao.com\/\"><strong style=\"font-style: inherit;\">caririemacao.com<\/strong><\/a><strong style=\"font-style: inherit;\">, siga nossa p\u00e1gina no\u00a0<\/strong><a style=\"font-style: inherit; font-weight: inherit;\" href=\"https:\/\/www.facebook.com\/CaririEmAcao\/?ref=aymt_homepage_panel\"><strong style=\"font-style: inherit;\">Facebook<\/strong><\/a>,<strong style=\"font-style: inherit;\">\u00a0<\/strong><a style=\"font-style: inherit; font-weight: inherit;\" href=\"https:\/\/www.instagram.com\/cariri_em_acao\/?hl=pt-br\"><strong style=\"font-style: inherit;\">Instagram<\/strong><\/a><strong style=\"font-style: inherit;\">\u00a0e\u00a0<\/strong><a style=\"font-style: inherit; font-weight: inherit;\" href=\"https:\/\/www.youtube.com\/channel\/UCAptA0jQuYQy8vMhLt2m4qg\"><strong style=\"font-style: inherit;\">Youtube<\/strong><\/a><strong style=\"font-style: inherit;\">\u00a0e veja nossas mat\u00e9rias, v\u00eddeos e fotos. Voc\u00ea tamb\u00e9m pode enviar informa\u00e7\u00f5es \u00e0 Reda\u00e7\u00e3o do Portal Cariri em A\u00e7\u00e3o pelo WhatsApp (83) 9 9634.5791, (83) 9 9601-1162.<\/strong><\/p>\n","protected":false},"excerpt":{"rendered":"<p>A Uni\u00e3o da Juventude Socialista promove neste pr\u00f3ximo s\u00e1bado, dia 12, uma importante mobiliza\u00e7\u00e3o da classe estudantil com a realiza\u00e7\u00e3o do 1\u00ba CONGRESSO MUNICIPAL DA&hellip; <\/p>\n","protected":false},"author":2,"featured_media":47452,"comment_status":"closed","ping_status":"closed","sticky":false,"template":"","format":"standard","meta":{"sfsi_plus_gutenberg_text_before_share":"","sfsi_plus_gutenberg_show_text_before_share":"","sfsi_plus_gutenberg_icon_type":"","sfsi_plus_gutenberg_icon_alignemt":"","sfsi_plus_gutenburg_max_per_row":"","footnotes":""},"categories":[6],"tags":[],"class_list":["post-50611","post","type-post","status-publish","format-standard","has-post-thumbnail","hentry","category-cidades"],"_links":{"self":[{"href":"https:\/\/www.caririemacao.com\/1\/wp-json\/wp\/v2\/posts\/50611","targetHints":{"allow":["GET"]}}],"collection":[{"href":"https:\/\/www.caririemacao.com\/1\/wp-json\/wp\/v2\/posts"}],"about":[{"href":"https:\/\/www.caririemacao.com\/1\/wp-json\/wp\/v2\/types\/post"}],"author":[{"embeddable":true,"href":"https:\/\/www.caririemacao.com\/1\/wp-json\/wp\/v2\/users\/2"}],"replies":[{"embeddable":true,"href":"https:\/\/www.caririemacao.com\/1\/wp-json\/wp\/v2\/comments?post=50611"}],"version-history":[{"count":0,"href":"https:\/\/www.caririemacao.com\/1\/wp-json\/wp\/v2\/posts\/50611\/revisions"}],"wp:featuredmedia":[{"embeddable":true,"href":"https:\/\/www.caririemacao.com\/1\/wp-json\/wp\/v2\/media\/47452"}],"wp:attachment":[{"href":"https:\/\/www.caririemacao.com\/1\/wp-json\/wp\/v2\/media?parent=50611"}],"wp:term":[{"taxonomy":"category","embeddable":true,"href":"https:\/\/www.caririemacao.com\/1\/wp-json\/wp\/v2\/categories?post=50611"},{"taxonomy":"post_tag","embeddable":true,"href":"https:\/\/www.caririemacao.com\/1\/wp-json\/wp\/v2\/tags?post=50611"}],"curies":[{"name":"wp","href":"https:\/\/api.w.org\/{rel}","templated":true}]}}