{"id":50615,"date":"2018-05-10T23:23:25","date_gmt":"2018-05-11T02:23:25","guid":{"rendered":"http:\/\/caririemacao.com\/1\/?p=50615"},"modified":"2018-05-10T23:23:25","modified_gmt":"2018-05-11T02:23:25","slug":"mais-um-jovem-morre-afogado-na-regiao-do-cariri-paraibano","status":"publish","type":"post","link":"https:\/\/www.caririemacao.com\/1\/2018\/05\/10\/mais-um-jovem-morre-afogado-na-regiao-do-cariri-paraibano\/","title":{"rendered":"Mais um jovem morre afogado na regi\u00e3o do Cariri Paraibano"},"content":{"rendered":"<p>A regi\u00e3o do Cariri Paraibano registrou mais uma morte por afogamento desde que as chuvas come\u00e7aram a cair na regi\u00e3o no in\u00edcio do ano.<\/p>\n<p>Um jovem de 19 anos de idade identificado pelo nome de Jos\u00e9 Denilson morreu afogado nesta quinta-feira (10) no a\u00e7ude no sitio Riach\u00e3o que fica a cerca de 10 km da cidade de Boa Vista.<\/p>\n<p>De acordo com informa\u00e7\u00f5es o afogamento aconteceu no in\u00edcio da tarde. O corpo de bombeiros esteve no local realizando buscas e ap\u00f3s os trabalhos o corpo do jovem foi encontrado j\u00e1 no final da tarde.<\/p>\n<p><strong>CARIRI EM A\u00c7\u00c3O<\/strong><\/p>\n<p>Com Paraibamix<\/p>\n<p><strong>Leia mais not\u00edcias em\u00a0<\/strong><a style=\"font-style: inherit; font-weight: inherit;\" href=\"http:\/\/www.caririemacao.com\/\"><strong style=\"font-style: inherit;\">caririemacao.com<\/strong><\/a><strong style=\"font-style: inherit;\">, siga nossa p\u00e1gina no\u00a0<\/strong><a style=\"font-style: inherit; font-weight: inherit;\" href=\"https:\/\/www.facebook.com\/CaririEmAcao\/?ref=aymt_homepage_panel\"><strong style=\"font-style: inherit;\">Facebook<\/strong><\/a>,<strong style=\"font-style: inherit;\">\u00a0<\/strong><a style=\"font-style: inherit; font-weight: inherit;\" href=\"https:\/\/www.instagram.com\/cariri_em_acao\/?hl=pt-br\"><strong style=\"font-style: inherit;\">Instagram<\/strong><\/a><strong style=\"font-style: inherit;\">\u00a0e\u00a0<\/strong><a style=\"font-style: inherit; font-weight: inherit;\" href=\"https:\/\/www.youtube.com\/channel\/UCAptA0jQuYQy8vMhLt2m4qg\"><strong style=\"font-style: inherit;\">Youtube<\/strong><\/a><strong style=\"font-style: inherit;\">\u00a0e veja nossas mat\u00e9rias, v\u00eddeos e fotos. Voc\u00ea tamb\u00e9m pode enviar informa\u00e7\u00f5es \u00e0 Reda\u00e7\u00e3o do Portal Cariri em A\u00e7\u00e3o pelo WhatsApp (83) 9 9634.5791, (83) 9 9601-1162.<\/strong><\/p>\n","protected":false},"excerpt":{"rendered":"<p>A regi\u00e3o do Cariri Paraibano registrou mais uma morte por afogamento desde que as chuvas come\u00e7aram a cair na regi\u00e3o no in\u00edcio do ano. Um&hellip; <\/p>\n","protected":false},"author":2,"featured_media":50616,"comment_status":"closed","ping_status":"closed","sticky":false,"template":"","format":"standard","meta":{"sfsi_plus_gutenberg_text_before_share":"","sfsi_plus_gutenberg_show_text_before_share":"","sfsi_plus_gutenberg_icon_type":"","sfsi_plus_gutenberg_icon_alignemt":"","sfsi_plus_gutenburg_max_per_row":"","footnotes":""},"categories":[12],"tags":[],"class_list":["post-50615","post","type-post","status-publish","format-standard","has-post-thumbnail","hentry","category-policia"],"_links":{"self":[{"href":"https:\/\/www.caririemacao.com\/1\/wp-json\/wp\/v2\/posts\/50615","targetHints":{"allow":["GET"]}}],"collection":[{"href":"https:\/\/www.caririemacao.com\/1\/wp-json\/wp\/v2\/posts"}],"about":[{"href":"https:\/\/www.caririemacao.com\/1\/wp-json\/wp\/v2\/types\/post"}],"author":[{"embeddable":true,"href":"https:\/\/www.caririemacao.com\/1\/wp-json\/wp\/v2\/users\/2"}],"replies":[{"embeddable":true,"href":"https:\/\/www.caririemacao.com\/1\/wp-json\/wp\/v2\/comments?post=50615"}],"version-history":[{"count":0,"href":"https:\/\/www.caririemacao.com\/1\/wp-json\/wp\/v2\/posts\/50615\/revisions"}],"wp:featuredmedia":[{"embeddable":true,"href":"https:\/\/www.caririemacao.com\/1\/wp-json\/wp\/v2\/media\/50616"}],"wp:attachment":[{"href":"https:\/\/www.caririemacao.com\/1\/wp-json\/wp\/v2\/media?parent=50615"}],"wp:term":[{"taxonomy":"category","embeddable":true,"href":"https:\/\/www.caririemacao.com\/1\/wp-json\/wp\/v2\/categories?post=50615"},{"taxonomy":"post_tag","embeddable":true,"href":"https:\/\/www.caririemacao.com\/1\/wp-json\/wp\/v2\/tags?post=50615"}],"curies":[{"name":"wp","href":"https:\/\/api.w.org\/{rel}","templated":true}]}}