{"id":50623,"date":"2018-05-11T07:55:23","date_gmt":"2018-05-11T10:55:23","guid":{"rendered":"http:\/\/caririemacao.com\/1\/?p=50623"},"modified":"2018-05-11T07:55:23","modified_gmt":"2018-05-11T10:55:23","slug":"mais-de-3-mil-educadores-da-pb-recebem-formacao-em-educacao-emocional-e-social","status":"publish","type":"post","link":"https:\/\/www.caririemacao.com\/1\/2018\/05\/11\/mais-de-3-mil-educadores-da-pb-recebem-formacao-em-educacao-emocional-e-social\/","title":{"rendered":"Mais de 3 mil educadores da PB recebem forma\u00e7\u00e3o em educa\u00e7\u00e3o emocional e social"},"content":{"rendered":"<p>Mais de tr\u00eas mil educadores de 657 escolas p\u00fablicas da Para\u00edba est\u00e3o recebendo desde a ter\u00e7a-feira (8) uma forma\u00e7\u00e3o inicial em Educa\u00e7\u00e3o Emocional e Social, metodologia implantada desde 2013 pelo\u00a0Governo da Para\u00edba,em parceria com a Organiza\u00e7\u00e3o Intelig\u00eancia Relacional. A a\u00e7\u00e3o, que acontece at\u00e9 o pr\u00f3ximo dia 22 de maio, contemplar\u00e1 todas as 14 Ger\u00eancias Regionais de Educa\u00e7\u00e3o (GREs), incluindo ainda\u00a0gestores e coordenadores pedag\u00f3gicos.<\/p>\n<p>Durante a forma\u00e7\u00e3o inicial, as\u00a0consultoras pedag\u00f3gicas da Intelig\u00eancia Relacional apresentam \u00e0 equipe escolar os fundamentos e conceitos que permeiam a educa\u00e7\u00e3o socioemocional, e\u00a0visa desenvolver a tem\u00e1tica da boa conviv\u00eancia entre alunos, docentes e fam\u00edlia. Al\u00e9m disso, os educadores conhecer\u00e3o ainda\u00a0o material pedag\u00f3gico exclusivo, o Ambiente Virtual de Aprendizagem (AVA) e os recursos pr\u00e1ticos que podem ser aplicados em sala de aula,\u00a0trabalhando a\u00a0empatia, o di\u00e1logo, a resolu\u00e7\u00e3o de conflitos e a coopera\u00e7\u00e3o, alicerces da constru\u00e7\u00e3o de uma cultura de paz.<\/p>\n<p>Em 2017, a Educa\u00e7\u00e3o Emocional e Social, inova\u00e7\u00e3o pedag\u00f3gica que surge da conflu\u00eancia de diversos ramos do conhecimento como a Pedagogia, a Neuroci\u00eancia, a Psicologia e as Ci\u00eancias Sociais, foi inserida na Base Nacional Comum Curricular (BNCC). Na Para\u00edba, estado que implantou essa proposta h\u00e1 cinco anos, v\u00e1rios j\u00e1 s\u00e3o os resultados colhidos dentro e fora de sala de aula. Nesse per\u00edodo de execu\u00e7\u00e3o\u00a0ficou constatado que os alunos conquistaram habilidades emocionais e sociais e aprenderam a lidar melhor com situa\u00e7\u00f5es de conflito e viol\u00eancia e apresentaram uma melhoria de aprendizagem.<\/p>\n<p>Para Roziane Marinho, Secret\u00e1ria Executiva de Gest\u00e3o Pedag\u00f3gica de Educa\u00e7\u00e3o da SEE, \u201co trabalho que fazemos na PB desde 2013 com educa\u00e7\u00e3o socioemocional nas escolas se antecipa \u00e0 proposta da BNCC que p\u00f5e em evid\u00eancia hoje as habilidades socioemocionais. Estas habilidades j\u00e1 v\u00eam ocupando um espa\u00e7o na proposta curricular do Ensino Fundamental da Rede Estadual, porque a SEE acredita numa forma\u00e7\u00e3o mais ampla para os alunos, que possa contribuir para o desenvolvimento de compet\u00eancias sociais vinculadas as rela\u00e7\u00f5es com o outro e ao equil\u00edbrio emocional\u201d.<\/p>\n<p>J\u00e1 a L\u00edder da \u00c1rea Pedag\u00f3gica da Intelig\u00eancia Relacional, Mariana Martinato, destacou que essa a\u00e7\u00e3o tem o prop\u00f3sito de ampliar a proximidade com o parceiro que desenvolve a metodologia de Educa\u00e7\u00e3o Emocional e Social, dando o suporte necess\u00e1rio para a correta introdu\u00e7\u00e3o do trabalho em sala de aula. \u201cTenho certeza que desta forma conseguiremos ampliar ainda mais os resultados positivos j\u00e1 alcan\u00e7ados e consequentemente a rela\u00e7\u00e3o no ambiente escolar, familiar e social\u201d, completou.<\/p>\n<p><strong>CARIRI EM A\u00c7\u00c3O<\/strong><\/p>\n<p><em>Com Jornal da Para\u00edba\/Foto: Reprodu\u00e7\u00e3o Internet<\/em><\/p>\n<p><strong>Leia mais not\u00edcias em\u00a0<\/strong><a href=\"http:\/\/www.caririemacao.com\/\"><strong>caririemacao.com<\/strong><\/a><strong>, siga nossa p\u00e1gina no\u00a0<\/strong><a href=\"https:\/\/www.facebook.com\/CaririEmAcao\/?ref=aymt_homepage_panel\"><strong>Facebook<\/strong><\/a>,<strong>\u00a0<\/strong><a href=\"https:\/\/www.instagram.com\/cariri_em_acao\/?hl=pt-br\"><strong>Instagram<\/strong><\/a><strong>\u00a0e\u00a0<\/strong><a href=\"https:\/\/www.youtube.com\/channel\/UCAptA0jQuYQy8vMhLt2m4qg\"><strong>Youtube<\/strong><\/a><strong>\u00a0e veja nossas mat\u00e9rias, v\u00eddeos e fotos. Voc\u00ea tamb\u00e9m pode enviar informa\u00e7\u00f5es \u00e0 Reda\u00e7\u00e3o do Portal Cariri em A\u00e7\u00e3o pelo WhatsApp (83) 9 9634.5791, (83) 9 9601-1162.<\/strong><\/p>\n","protected":false},"excerpt":{"rendered":"<p>Mais de tr\u00eas mil educadores de 657 escolas p\u00fablicas da Para\u00edba est\u00e3o recebendo desde a ter\u00e7a-feira (8) uma forma\u00e7\u00e3o inicial em Educa\u00e7\u00e3o Emocional e Social,&hellip; <\/p>\n","protected":false},"author":2,"featured_media":13987,"comment_status":"closed","ping_status":"closed","sticky":false,"template":"","format":"standard","meta":{"sfsi_plus_gutenberg_text_before_share":"","sfsi_plus_gutenberg_show_text_before_share":"","sfsi_plus_gutenberg_icon_type":"","sfsi_plus_gutenberg_icon_alignemt":"","sfsi_plus_gutenburg_max_per_row":"","footnotes":""},"categories":[14],"tags":[],"class_list":["post-50623","post","type-post","status-publish","format-standard","has-post-thumbnail","hentry","category-educacao"],"_links":{"self":[{"href":"https:\/\/www.caririemacao.com\/1\/wp-json\/wp\/v2\/posts\/50623","targetHints":{"allow":["GET"]}}],"collection":[{"href":"https:\/\/www.caririemacao.com\/1\/wp-json\/wp\/v2\/posts"}],"about":[{"href":"https:\/\/www.caririemacao.com\/1\/wp-json\/wp\/v2\/types\/post"}],"author":[{"embeddable":true,"href":"https:\/\/www.caririemacao.com\/1\/wp-json\/wp\/v2\/users\/2"}],"replies":[{"embeddable":true,"href":"https:\/\/www.caririemacao.com\/1\/wp-json\/wp\/v2\/comments?post=50623"}],"version-history":[{"count":0,"href":"https:\/\/www.caririemacao.com\/1\/wp-json\/wp\/v2\/posts\/50623\/revisions"}],"wp:featuredmedia":[{"embeddable":true,"href":"https:\/\/www.caririemacao.com\/1\/wp-json\/wp\/v2\/media\/13987"}],"wp:attachment":[{"href":"https:\/\/www.caririemacao.com\/1\/wp-json\/wp\/v2\/media?parent=50623"}],"wp:term":[{"taxonomy":"category","embeddable":true,"href":"https:\/\/www.caririemacao.com\/1\/wp-json\/wp\/v2\/categories?post=50623"},{"taxonomy":"post_tag","embeddable":true,"href":"https:\/\/www.caririemacao.com\/1\/wp-json\/wp\/v2\/tags?post=50623"}],"curies":[{"name":"wp","href":"https:\/\/api.w.org\/{rel}","templated":true}]}}