{"id":50625,"date":"2018-05-11T08:01:55","date_gmt":"2018-05-11T11:01:55","guid":{"rendered":"http:\/\/caririemacao.com\/1\/?p=50625"},"modified":"2018-05-11T08:04:23","modified_gmt":"2018-05-11T11:04:23","slug":"bebe-se-engasga-com-leite-materno-e-e-socorrido-por-policiais","status":"publish","type":"post","link":"https:\/\/www.caririemacao.com\/1\/2018\/05\/11\/bebe-se-engasga-com-leite-materno-e-e-socorrido-por-policiais\/","title":{"rendered":"Beb\u00ea se engasga com leite materno e \u00e9 socorrido por policiais"},"content":{"rendered":"<div class=\"mc-column content-text active-extra-styles active-capital-letter\" data-block-type=\"unstyled\" data-block-weight=\"44\" data-block-id=\"2\">\n<p class=\"content-text__container theme-color-primary-first-letter\" data-track-category=\"Link no Texto\" data-track-links=\"\">Uma crian\u00e7a de um m\u00eas foi socorrida na noite desta quinta-feira (10), no bairro de Mandacaru, em Jo\u00e3o Pessoa, ap\u00f3s se engasgar com leite materno. A beb\u00ea foi ajudada por policiais militares da Ronda Ostensiva T\u00e1tica com Apoio de Motocicletas (Rotam), do 1\u00ba Batalh\u00e3o.<\/p>\n<\/div>\n<div class=\"mc-column content-text active-extra-styles \" data-block-type=\"unstyled\" data-block-weight=\"35\" data-block-id=\"3\">\n<p class=\"content-text__container \" data-track-category=\"Link no Texto\" data-track-links=\"\">Para ter acesso mais r\u00e1pido at\u00e9 a casa onde a crian\u00e7a estava, os policiais chegaram a correr a p\u00e9 por mais de dois quil\u00f4metros. Quando chegaram na resid\u00eancia, a crian\u00e7a j\u00e1 estava ficando sem ar.<\/p>\n<\/div>\n<div class=\"mc-column content-text active-extra-styles \" data-block-type=\"unstyled\" data-block-weight=\"32\" data-block-id=\"4\">\n<p class=\"content-text__container \" data-track-category=\"Link no Texto\" data-track-links=\"\">Segundo informa\u00e7\u00f5es da Pol\u00edcia Militar, o soldado Cavalcante colocou a crian\u00e7a nos bra\u00e7os e fez os procedimentos para desobstru\u00e7\u00e3o das vias a\u00e9reas. A beb\u00ea foi sendo reanimada e voltou a respirar normalmente.<\/p>\n<\/div>\n<div data-track-category=\"fim do conteudo\" data-track-action=\"ultimo chunk conteudo\" data-track-noninteraction=\"false\" data-track-scroll=\"entrada completa viewport\">\n<div class=\"mc-column content-text active-extra-styles \" data-block-type=\"unstyled\" data-block-weight=\"48\" data-block-id=\"5\">\n<p class=\"content-text__container \" data-track-category=\"Link no Texto\" data-track-links=\"\">O soldado e outros dois integrantes da Rotam que fizeram a interven\u00e7\u00e3o, o cabo Ant\u00f4nio e o soldado Almeida, ser\u00e3o homenageados nesta sexta-feira (11) pelo comandante-geral da Pol\u00edcia Militar, coronel Euller Chaves. A homenagem deve ser feita com o reencontro entre os policiais e a fam\u00edlia da menina.<\/p>\n<p data-track-category=\"Link no Texto\" data-track-links=\"\"><a href=\"http:\/\/caririemacao.com\/1\/?attachment_id=50628\" rel=\"attachment wp-att-50628\"><img fetchpriority=\"high\" decoding=\"async\" class=\"aligncenter size-full wp-image-50628\" src=\"http:\/\/caririemacao.com\/1\/wp-content\/uploads\/2018\/05\/crianca-engasgada-com-leite-materno2-1.jpeg\" alt=\"\" width=\"1000\" height=\"842\" srcset=\"https:\/\/www.caririemacao.com\/1\/wp-content\/uploads\/2018\/05\/crianca-engasgada-com-leite-materno2-1.jpeg 1000w, https:\/\/www.caririemacao.com\/1\/wp-content\/uploads\/2018\/05\/crianca-engasgada-com-leite-materno2-1-300x253.jpeg 300w, https:\/\/www.caririemacao.com\/1\/wp-content\/uploads\/2018\/05\/crianca-engasgada-com-leite-materno2-1-768x647.jpeg 768w\" sizes=\"(max-width: 1000px) 100vw, 1000px\" \/><\/a><\/p>\n<div class=\"ssbp-set--one ssbp-wrap ssbp-- ssbp--theme-4\" data-ssbp-toggle=\"true\">\n<div class=\"ssbp-container\" data-ssbp-share-text=\"\" data-ssbp-url=\"https:\/\/paraibaonline.com.br\/2018\/05\/psc-fecha-questao-e-lancara-pre-candidatura-ao-senado-nos-proximos-dias\/\" data-ssbp-title=\"PSC fecha quest\u00e3o e lan\u00e7ar\u00e1 pr\u00e9-candidatura ao Senado nos pr\u00f3ximos dias\" data-ssbp-short-url=\"\" data-ssbp-post-id=\"294253\">\n<p><strong>CARIRI EM A\u00c7\u00c3O<\/strong><\/p>\n<p><em>Com G1\/Foto: G1<\/em><\/p>\n<p><strong>Leia mais not\u00edcias em\u00a0<\/strong><a href=\"http:\/\/www.caririemacao.com\/\"><strong>caririemacao.com<\/strong><\/a><strong>, siga nossa p\u00e1gina no\u00a0<\/strong><a href=\"https:\/\/www.facebook.com\/CaririEmAcao\/?ref=aymt_homepage_panel\"><strong>Facebook<\/strong><\/a>,<strong>\u00a0<\/strong><a href=\"https:\/\/www.instagram.com\/cariri_em_acao\/?hl=pt-br\"><strong>Instagram<\/strong><\/a><strong>\u00a0e\u00a0<\/strong><a href=\"https:\/\/www.youtube.com\/channel\/UCAptA0jQuYQy8vMhLt2m4qg\"><strong>Youtube<\/strong><\/a><strong>\u00a0e veja nossas mat\u00e9rias, v\u00eddeos e fotos. Voc\u00ea tamb\u00e9m pode enviar informa\u00e7\u00f5es \u00e0 Reda\u00e7\u00e3o do Portal Cariri em A\u00e7\u00e3o pelo WhatsApp (83) 9 9634.5791, (83) 9 9601-1162.<\/strong><\/p>\n<\/div>\n<\/div>\n<\/div>\n<\/div>\n","protected":false},"excerpt":{"rendered":"<p>Uma crian\u00e7a de um m\u00eas foi socorrida na noite desta quinta-feira (10), no bairro de Mandacaru, em Jo\u00e3o Pessoa, ap\u00f3s se engasgar com leite materno.&hellip; <\/p>\n","protected":false},"author":2,"featured_media":39138,"comment_status":"closed","ping_status":"closed","sticky":false,"template":"","format":"standard","meta":{"sfsi_plus_gutenberg_text_before_share":"","sfsi_plus_gutenberg_show_text_before_share":"","sfsi_plus_gutenberg_icon_type":"","sfsi_plus_gutenberg_icon_alignemt":"","sfsi_plus_gutenburg_max_per_row":"","footnotes":""},"categories":[12],"tags":[],"class_list":["post-50625","post","type-post","status-publish","format-standard","has-post-thumbnail","hentry","category-policia"],"_links":{"self":[{"href":"https:\/\/www.caririemacao.com\/1\/wp-json\/wp\/v2\/posts\/50625","targetHints":{"allow":["GET"]}}],"collection":[{"href":"https:\/\/www.caririemacao.com\/1\/wp-json\/wp\/v2\/posts"}],"about":[{"href":"https:\/\/www.caririemacao.com\/1\/wp-json\/wp\/v2\/types\/post"}],"author":[{"embeddable":true,"href":"https:\/\/www.caririemacao.com\/1\/wp-json\/wp\/v2\/users\/2"}],"replies":[{"embeddable":true,"href":"https:\/\/www.caririemacao.com\/1\/wp-json\/wp\/v2\/comments?post=50625"}],"version-history":[{"count":0,"href":"https:\/\/www.caririemacao.com\/1\/wp-json\/wp\/v2\/posts\/50625\/revisions"}],"wp:featuredmedia":[{"embeddable":true,"href":"https:\/\/www.caririemacao.com\/1\/wp-json\/wp\/v2\/media\/39138"}],"wp:attachment":[{"href":"https:\/\/www.caririemacao.com\/1\/wp-json\/wp\/v2\/media?parent=50625"}],"wp:term":[{"taxonomy":"category","embeddable":true,"href":"https:\/\/www.caririemacao.com\/1\/wp-json\/wp\/v2\/categories?post=50625"},{"taxonomy":"post_tag","embeddable":true,"href":"https:\/\/www.caririemacao.com\/1\/wp-json\/wp\/v2\/tags?post=50625"}],"curies":[{"name":"wp","href":"https:\/\/api.w.org\/{rel}","templated":true}]}}