{"id":50630,"date":"2018-05-11T08:07:53","date_gmt":"2018-05-11T11:07:53","guid":{"rendered":"http:\/\/caririemacao.com\/1\/?p=50630"},"modified":"2018-05-11T08:07:53","modified_gmt":"2018-05-11T11:07:53","slug":"semana-estadual-da-doacao-de-leite-na-paraiba-comeca-nesta-sexta-feira","status":"publish","type":"post","link":"https:\/\/www.caririemacao.com\/1\/2018\/05\/11\/semana-estadual-da-doacao-de-leite-na-paraiba-comeca-nesta-sexta-feira\/","title":{"rendered":"Semana estadual da doa\u00e7\u00e3o de leite na Para\u00edba come\u00e7a nesta sexta-feira"},"content":{"rendered":"<div class=\"mc-column content-text active-extra-styles active-capital-letter\" data-block-type=\"unstyled\" data-block-weight=\"55\" data-block-id=\"2\">\n<p class=\"content-text__container theme-color-primary-first-letter\" data-track-category=\"Link no Texto\" data-track-links=\"\">Come\u00e7a nesta segunda-feira (13) a programa\u00e7\u00e3o da semana estadual de doa\u00e7\u00e3o de leite. As a\u00e7\u00f5es seguem at\u00e9 a sexta-feira (25), com atividades nos bancos de leite de Jo\u00e3o Pessoa, Campina Grande, Guarabira, Patos e Cajazeiras e nos 21 postos de coleta, entre os quais se destacam os de Pombal, Santa Luzia, Sousa, Mamanguape e Tapero\u00e1.<\/p>\n<\/div>\n<div class=\"mc-column content-text active-extra-styles \" data-block-type=\"unstyled\" data-block-weight=\"31\" data-block-id=\"3\">\n<p class=\"content-text__container \" data-track-category=\"Link no Texto\" data-track-links=\"\">A rede de bancos de leite da Para\u00edba conta atualmente com 350 doadoras e coleta mensalmente em m\u00e9dia 400 litros de leite, o que d\u00e1 para atender cerca de 600 receptores.<\/p>\n<\/div>\n<div class=\"mc-column content-text active-extra-styles \" data-block-type=\"unstyled\" data-block-weight=\"63\" data-block-id=\"4\">\n<p class=\"content-text__container \" data-track-category=\"Link no Texto\" data-track-links=\"\">O Banco de Leite Humano Anita Cabral, que integra a rede estadual de sa\u00fade, promove, a partir desta segunda-feira (14), \u00e0s 7h, a VI Semana Estadual de Doa\u00e7\u00e3o de Leite Materno. Na abertura da programa\u00e7\u00e3o, ser\u00e1 oferecido um caf\u00e9 da manh\u00e3 para as doadoras e m\u00e3es que amamentam no Banco de Leite Anita Cabral, al\u00e9m do Curso de Shantala para m\u00e3es e beb\u00eas.<\/p>\n<\/div>\n<div class=\"mc-column content-text active-extra-styles \" data-block-type=\"unstyled\" data-block-weight=\"33\" data-block-id=\"5\">\n<p class=\"content-text__container \" data-track-category=\"Link no Texto\" data-track-links=\"\">No mesmo dia, \u00e0s 9h, ser\u00e1 ofertado em Mamanguape o procedimento de Shantala nos rec\u00e9m-nascidos, al\u00e9m de orienta\u00e7\u00f5es de primeiros socorros; e \u00e0s 13h, ser\u00e1 realizado o projeto primeiro click e mam\u00e3e beleza.<\/p>\n<\/div>\n<div class=\"mc-column content-text active-extra-styles \" data-block-type=\"unstyled\" data-block-weight=\"66\" data-block-id=\"6\">\n<p class=\"content-text__container \" data-track-category=\"Link no Texto\" data-track-links=\"\">Na ter\u00e7a-feira (15), \u00e0s 14h, acontecer\u00e1 uma roda de conversa na sala de apoio \u00e0 mulher trabalhadora que amamenta, na empresa Indai\u00e1. No mesmo hor\u00e1rio haver\u00e1 uma capacita\u00e7\u00e3o em aleitamento materno, no teatro, em Mamanguape, para profissionais da aten\u00e7\u00e3o b\u00e1sica do munic\u00edpio e, \u00e0s 15h, roda de conversa com as m\u00e3es e acompanhantes dos beb\u00eas internos nas unidades neonatais da Maternidade Frei Dami\u00e3o, em Jo\u00e3o Pessoa.<\/p>\n<\/div>\n<div class=\"mc-column content-text active-extra-styles \" data-block-type=\"unstyled\" data-block-weight=\"71\" data-block-id=\"7\">\n<p class=\"content-text__container \" data-track-category=\"Link no Texto\" data-track-links=\"\">J\u00e1 na quarta-feira (16), \u00e0s 8h30, a programa\u00e7\u00e3o inclui uma capacita\u00e7\u00e3o em seguran\u00e7a nutricional no uso do leite humano no Hospital e Maternidade Fl\u00e1vio Ribeiro Coutinho, em Santa Rita. Em Pombal, \u00e0s 9h, haver\u00e1 um aconselhamento em amamenta\u00e7\u00e3o e palestra sobre aleitamento e doa\u00e7\u00e3o de leite humano para as pu\u00e9rperas do Posto de Coleta de Leite Humano do Hospital Geral do munic\u00edpio, em parceria com o Banco de Leite de Patos.<\/p>\n<\/div>\n<div class=\"mc-column content-text active-extra-styles \" data-block-type=\"unstyled\" data-block-weight=\"49\" data-block-id=\"9\">\n<p class=\"content-text__container \" data-track-category=\"Link no Texto\" data-track-links=\"\">Em Mamanguape, \u00e0s 14h, acontecer\u00e1 uma capacita\u00e7\u00e3o em seguran\u00e7a nutricional no uso do leite humano, que ser\u00e1 realizada no Hospital Geral. Em Campina Grande, pela manh\u00e3 e tarde, acontecer\u00e1 a aten\u00e7\u00e3o multidisciplinar voltada para o ciclo grav\u00eddico-puerperal, al\u00e9m da campanha de arrecada\u00e7\u00e3o de frascos, na faculdade Maur\u00edcio de Nassau.<\/p>\n<\/div>\n<div class=\"mc-column content-text active-extra-styles \" data-block-type=\"unstyled\" data-block-weight=\"36\" data-block-id=\"10\">\n<p class=\"content-text__container \" data-track-category=\"Link no Texto\" data-track-links=\"\">Na quinta-feira (17), ocorrer\u00e1 no Hospital Materno Infantil Jo\u00e3o Marsicano, em Bayeux, uma capacita\u00e7\u00e3o em seguran\u00e7a nutricional no uso do leite humano. J\u00e1 em Mamanguape, \u00e0s 13h, ser\u00e1 realizado o projeto primeiro click e mam\u00e3e beleza.<\/p>\n<\/div>\n<div class=\"mc-column content-text active-extra-styles \" data-block-type=\"unstyled\" data-block-weight=\"31\" data-block-id=\"11\">\n<p class=\"content-text__container \" data-track-category=\"Link no Texto\" data-track-links=\"\">Na sexta (18), acontecer\u00e1 a campanha de arrecada\u00e7\u00e3o de frascos, al\u00e9m do dia voltado para a conscientiza\u00e7\u00e3o e preven\u00e7\u00e3o da gravidez na adolesc\u00eancia, no Banco de Leite Humano, em Campina Grande.<\/p>\n<\/div>\n<div class=\"mc-column content-text active-extra-styles \" data-block-type=\"unstyled\" data-block-weight=\"87\" data-block-id=\"12\">\n<p class=\"content-text__container \" data-track-category=\"Link no Texto\" data-track-links=\"\">\u00c0s 9h, ser\u00e1 realizado o aconselhamento em amamenta\u00e7\u00e3o e palestra sobre aleitamento e doa\u00e7\u00e3o de leite humano para as pu\u00e9rperas do Posto de Coleta de Leite Humano do Hospital Geral de Santa Luzia, em parceria com o Banco de Leite de Patos e \u00e0s 8h aconselhamento em amamenta\u00e7\u00e3o e palestra sobre aleitamento, doa\u00e7\u00e3o de leite humano voltada para as pu\u00e9rperas do Hospital Geral de Mamanguape, al\u00e9m da realiza\u00e7\u00e3o de Shantala nos rec\u00e9m-nascidos e orienta\u00e7\u00f5es de primeiros socorros e \u00e0s 13h, o projeto primeiro click e mam\u00e3e beleza.<\/p>\n<\/div>\n<div class=\"mc-column content-text active-extra-styles \" data-block-type=\"unstyled\" data-block-weight=\"73\" data-block-id=\"13\">\n<p class=\"content-text__container \" data-track-category=\"Link no Texto\" data-track-links=\"\">As atividades continuam no s\u00e1bado (19), com a Exposi\u00e7\u00e3o: \u201cDoe leite: salve vidas!\u201d, que ser\u00e1 disponibilizada na pra\u00e7a de eventos do Mana\u00edra Shopping, em Jo\u00e3o Pessoa. J\u00e1 \u00e0s 9h, acontecer\u00e1 o lan\u00e7amento do v\u00eddeo em alus\u00e3o ao dia nacional da doa\u00e7\u00e3o de leite materno, em Mamanguape e em Campina Grande, \u00e0s 8h, ser\u00e1 ofertado o curso de consultoria em amamenta\u00e7\u00e3o pelo Banco de Leite Humano, no Instituto de Sa\u00fade Elp\u00eddio de Almeida (Isea).<\/p>\n<\/div>\n<div class=\"mc-column content-text active-extra-styles \" data-block-type=\"unstyled\" data-block-weight=\"55\" data-block-id=\"14\">\n<p class=\"content-text__container \" data-track-category=\"Link no Texto\" data-track-links=\"\">Na ter\u00e7a-feira (22), \u00e0s 8h, ser\u00e1 promovida, no Hospital Universit\u00e1rio Lauro Wanderley, em Jo\u00e3o Pessoa, uma reuni\u00e3o para discutir a seguran\u00e7a alimentar e nutricional em uso de leite humano e a cria\u00e7\u00e3o do protocolo de utiliza\u00e7\u00e3o do alimento em unidades neonatais com a Rede de Bancos e Postos de Coleta de Leite Humano do Estado.<\/p>\n<\/div>\n<div class=\"mc-column content-text active-extra-styles \" data-block-type=\"unstyled\" data-block-weight=\"51\" data-block-id=\"16\">\n<p class=\"content-text__container \" data-track-category=\"Link no Texto\" data-track-links=\"\">A programa\u00e7\u00e3o segue na quarta-feira (23) com o encontro de avaliadores do Hospital Amigo da Crian\u00e7a, com o objetivo de incentivar o aleitamento materno nos hospitais e se encerra na sexta-feira (25), \u00e0s 16h, com um ch\u00e1 da tarde com as m\u00e3es da Casa da Gestante Beb\u00ea Pu\u00e9rpera, em Campina Grande.<\/p>\n<\/div>\n<div class=\"mc-column content-text active-extra-styles \" data-block-type=\"unstyled\" data-block-weight=\"18\" data-block-id=\"17\">\n<p class=\"content-text__container \" data-track-category=\"Link no Texto\" data-track-links=\"\">Na quinta-feira (18), \u00e0s 10h, ser\u00e1 ministrada uma palestra para os profissionais de sa\u00fade da Maternidade Frei Dami\u00e3o.<\/p>\n<\/div>\n<div class=\"mc-column content-text active-extra-styles\" data-block-type=\"raw\" data-block-weight=\"3\" data-block-id=\"18\">\n<div class=\"content-intertitle\">\n<h2>Doa\u00e7\u00e3o de leite<\/h2>\n<\/div>\n<\/div>\n<div class=\"mc-column content-text active-extra-styles \" data-block-type=\"unstyled\" data-block-weight=\"77\" data-block-id=\"19\">\n<p class=\"content-text__container \" data-track-category=\"Link no Texto\" data-track-links=\"\">Para doar leite \u00e9 s\u00f3 procurar o banco ou posto de coleta de leite humano mais pr\u00f3ximo, estar amamentando o filho, estar saud\u00e1vel e ter excesso de produ\u00e7\u00e3o de leite. O servi\u00e7o de Rota Domiciliar ir\u00e1 at\u00e9 a resid\u00eancia da doadora e entregar\u00e1 o Kit Doa\u00e7\u00e3o (frascos de vidro esterilizado, luvas, gorro e m\u00e1scara). A equipe prestar\u00e1 todas as orienta\u00e7\u00f5es necess\u00e1rias para o correto armazenamento e ainda comparece semanalmente \u00e0 resid\u00eancia da m\u00e3e para coletar a doa\u00e7\u00e3o.<\/p>\n<\/div>\n<div class=\"mc-column content-text active-extra-styles\" data-block-type=\"raw\" data-block-weight=\"4\" data-block-id=\"20\">\n<div class=\"content-intertitle\">\n<h2>Armazenamento de leite materno<\/h2>\n<\/div>\n<\/div>\n<div class=\"mc-column content-text active-extra-styles \" data-block-type=\"unstyled\" data-block-weight=\"85\" data-block-id=\"21\">\n<p class=\"content-text__container \" data-track-category=\"Link no Texto\" data-track-links=\"\">Para guardar o leite imediatamente em casa, basta seguir algumas regras: lavar bem as m\u00e3os at\u00e9 os cotovelos com \u00e1gua e sab\u00e3o, prender os cabelos, colocar um len\u00e7o sobre a boca (para evitar got\u00edculas de saliva sobre o leite) e o vidro com tampa de pl\u00e1stico seco e j\u00e1 fervido por 15 minutos. Deve-se realizar a extra\u00e7\u00e3o de leite dentro do vidro e desprezar os primeiros jatos. Ap\u00f3s a retirada do leite, colocar o frasco fechado no congelador, com a validade de 15 dias congelado.<\/p>\n<\/div>\n<div data-track-category=\"fim do conteudo\" data-track-action=\"ultimo chunk conteudo\" data-track-noninteraction=\"false\" data-track-scroll=\"entrada completa viewport\">\n<div class=\"mc-column content-text active-extra-styles \" data-block-type=\"unstyled\" data-block-weight=\"31\" data-block-id=\"22\">\n<p class=\"content-text__container \" data-track-category=\"Link no Texto\" data-track-links=\"\">Para a utiliza\u00e7\u00e3o do leite, deve-se descongel\u00e1-lo em banho maria a 40\u00b0C e us\u00e1-lo, imediatamente. A conserva\u00e7\u00e3o do leite j\u00e1 descongelado s\u00f3 dever\u00e1 ser feita pelas pr\u00f3ximas 12 horas em refrigerador.<\/p>\n<p><strong>CARIRI EM A\u00c7\u00c3O<\/strong><\/p>\n<p><em>Com G1\/Foto: G1<\/em><\/p>\n<p><strong>Leia mais not\u00edcias em\u00a0<\/strong><a href=\"http:\/\/www.caririemacao.com\/\"><strong>caririemacao.com<\/strong><\/a><strong>, siga nossa p\u00e1gina no\u00a0<\/strong><a href=\"https:\/\/www.facebook.com\/CaririEmAcao\/?ref=aymt_homepage_panel\"><strong>Facebook<\/strong><\/a>,<strong>\u00a0<\/strong><a href=\"https:\/\/www.instagram.com\/cariri_em_acao\/?hl=pt-br\"><strong>Instagram<\/strong><\/a><strong>\u00a0e\u00a0<\/strong><a href=\"https:\/\/www.youtube.com\/channel\/UCAptA0jQuYQy8vMhLt2m4qg\"><strong>Youtube<\/strong><\/a><strong>\u00a0e veja nossas mat\u00e9rias, v\u00eddeos e fotos. Voc\u00ea tamb\u00e9m pode enviar informa\u00e7\u00f5es \u00e0 Reda\u00e7\u00e3o do Portal Cariri em A\u00e7\u00e3o pelo WhatsApp (83) 9 9634.5791, (83) 9 9601-1162.<\/strong><\/p>\n<\/div>\n<\/div>\n","protected":false},"excerpt":{"rendered":"<p>Come\u00e7a nesta segunda-feira (13) a programa\u00e7\u00e3o da semana estadual de doa\u00e7\u00e3o de leite. As a\u00e7\u00f5es seguem at\u00e9 a sexta-feira (25), com atividades nos bancos de&hellip; <\/p>\n","protected":false},"author":2,"featured_media":50631,"comment_status":"closed","ping_status":"closed","sticky":false,"template":"","format":"standard","meta":{"sfsi_plus_gutenberg_text_before_share":"","sfsi_plus_gutenberg_show_text_before_share":"","sfsi_plus_gutenberg_icon_type":"","sfsi_plus_gutenberg_icon_alignemt":"","sfsi_plus_gutenburg_max_per_row":"","footnotes":""},"categories":[2],"tags":[],"class_list":["post-50630","post","type-post","status-publish","format-standard","has-post-thumbnail","hentry","category-geral"],"_links":{"self":[{"href":"https:\/\/www.caririemacao.com\/1\/wp-json\/wp\/v2\/posts\/50630","targetHints":{"allow":["GET"]}}],"collection":[{"href":"https:\/\/www.caririemacao.com\/1\/wp-json\/wp\/v2\/posts"}],"about":[{"href":"https:\/\/www.caririemacao.com\/1\/wp-json\/wp\/v2\/types\/post"}],"author":[{"embeddable":true,"href":"https:\/\/www.caririemacao.com\/1\/wp-json\/wp\/v2\/users\/2"}],"replies":[{"embeddable":true,"href":"https:\/\/www.caririemacao.com\/1\/wp-json\/wp\/v2\/comments?post=50630"}],"version-history":[{"count":0,"href":"https:\/\/www.caririemacao.com\/1\/wp-json\/wp\/v2\/posts\/50630\/revisions"}],"wp:featuredmedia":[{"embeddable":true,"href":"https:\/\/www.caririemacao.com\/1\/wp-json\/wp\/v2\/media\/50631"}],"wp:attachment":[{"href":"https:\/\/www.caririemacao.com\/1\/wp-json\/wp\/v2\/media?parent=50630"}],"wp:term":[{"taxonomy":"category","embeddable":true,"href":"https:\/\/www.caririemacao.com\/1\/wp-json\/wp\/v2\/categories?post=50630"},{"taxonomy":"post_tag","embeddable":true,"href":"https:\/\/www.caririemacao.com\/1\/wp-json\/wp\/v2\/tags?post=50630"}],"curies":[{"name":"wp","href":"https:\/\/api.w.org\/{rel}","templated":true}]}}