{"id":50639,"date":"2018-05-11T12:31:04","date_gmt":"2018-05-11T15:31:04","guid":{"rendered":"http:\/\/caririemacao.com\/1\/?p=50639"},"modified":"2018-05-11T12:37:32","modified_gmt":"2018-05-11T15:37:32","slug":"ataque-homofobico-choca-a-cidade-de-sume","status":"publish","type":"post","link":"https:\/\/www.caririemacao.com\/1\/2018\/05\/11\/ataque-homofobico-choca-a-cidade-de-sume\/","title":{"rendered":"Ataque homof\u00f3bico choca a cidade de Sum\u00e9"},"content":{"rendered":"<p>Era por volta das 23h desta quinta-feira (10\/05) quando Devany de Freitas Greg\u00f3rio de 35 anos, conhecido como Deva, foi agredido em Sum\u00e9.<\/p>\n<p>Segundo as informa\u00e7\u00f5es, Devany foi atra\u00eddo por 2 homens para um local conhecido como barragem de seu Augusto Guarda, no Bairro do Frei Dami\u00e3o, onde existem umas ru\u00ednas, chegando ao local ele foi espancado pelos elementos a pauladas.<\/p>\n<p>O mesmo passou a noite na localidade e somente foi encontrado na manh\u00e3 desta sexta-feira (11\/05) por um ca\u00e7ador.<\/p>\n<p>Devany foi conduzido para o Hospital e Maternidade Alice de Almeida em Sum\u00e9 e devido \u00e0s gravidades dos ferimentos transferido para Campina Grande, para realizar exames mais complexos.<\/p>\n<p>Devany afirmou que foi v\u00edtima de transfobia por ser travestir assumido.<\/p>\n<p><strong>CARIRI EM A\u00c7\u00c3O<\/strong><\/p>\n<p>Com 95 FM<\/p>\n<p><strong>Leia mais not\u00edcias em\u00a0<\/strong><a href=\"http:\/\/www.caririemacao.com\/\"><strong>caririemacao.com<\/strong><\/a><strong>, siga nossa p\u00e1gina no\u00a0<\/strong><a href=\"https:\/\/www.facebook.com\/CaririEmAcao\/?ref=aymt_homepage_panel\"><strong>Facebook<\/strong><\/a>,<strong>\u00a0<\/strong><a href=\"https:\/\/www.instagram.com\/cariri_em_acao\/?hl=pt-br\"><strong>Instagram<\/strong><\/a><strong>\u00a0e\u00a0<\/strong><a href=\"https:\/\/www.youtube.com\/channel\/UCAptA0jQuYQy8vMhLt2m4qg\"><strong>Youtube<\/strong><\/a><strong>\u00a0e veja nossas mat\u00e9rias, v\u00eddeos e fotos. Voc\u00ea tamb\u00e9m pode enviar informa\u00e7\u00f5es \u00e0 Reda\u00e7\u00e3o do Portal Cariri em A\u00e7\u00e3o pelo WhatsApp (83) 9 9634.5791, (83) 9 9601-1162.<\/strong><\/p>\n","protected":false},"excerpt":{"rendered":"<p>Era por volta das 23h desta quinta-feira (10\/05) quando Devany de Freitas Greg\u00f3rio de 35 anos, conhecido como Deva, foi agredido em Sum\u00e9. Segundo as&hellip; <\/p>\n","protected":false},"author":2,"featured_media":50640,"comment_status":"closed","ping_status":"closed","sticky":false,"template":"","format":"standard","meta":{"sfsi_plus_gutenberg_text_before_share":"","sfsi_plus_gutenberg_show_text_before_share":"","sfsi_plus_gutenberg_icon_type":"","sfsi_plus_gutenberg_icon_alignemt":"","sfsi_plus_gutenburg_max_per_row":"","footnotes":""},"categories":[12],"tags":[],"class_list":["post-50639","post","type-post","status-publish","format-standard","has-post-thumbnail","hentry","category-policia"],"_links":{"self":[{"href":"https:\/\/www.caririemacao.com\/1\/wp-json\/wp\/v2\/posts\/50639","targetHints":{"allow":["GET"]}}],"collection":[{"href":"https:\/\/www.caririemacao.com\/1\/wp-json\/wp\/v2\/posts"}],"about":[{"href":"https:\/\/www.caririemacao.com\/1\/wp-json\/wp\/v2\/types\/post"}],"author":[{"embeddable":true,"href":"https:\/\/www.caririemacao.com\/1\/wp-json\/wp\/v2\/users\/2"}],"replies":[{"embeddable":true,"href":"https:\/\/www.caririemacao.com\/1\/wp-json\/wp\/v2\/comments?post=50639"}],"version-history":[{"count":0,"href":"https:\/\/www.caririemacao.com\/1\/wp-json\/wp\/v2\/posts\/50639\/revisions"}],"wp:featuredmedia":[{"embeddable":true,"href":"https:\/\/www.caririemacao.com\/1\/wp-json\/wp\/v2\/media\/50640"}],"wp:attachment":[{"href":"https:\/\/www.caririemacao.com\/1\/wp-json\/wp\/v2\/media?parent=50639"}],"wp:term":[{"taxonomy":"category","embeddable":true,"href":"https:\/\/www.caririemacao.com\/1\/wp-json\/wp\/v2\/categories?post=50639"},{"taxonomy":"post_tag","embeddable":true,"href":"https:\/\/www.caririemacao.com\/1\/wp-json\/wp\/v2\/tags?post=50639"}],"curies":[{"name":"wp","href":"https:\/\/api.w.org\/{rel}","templated":true}]}}