{"id":50649,"date":"2018-05-11T18:08:30","date_gmt":"2018-05-11T21:08:30","guid":{"rendered":"http:\/\/caririemacao.com\/1\/?p=50649"},"modified":"2018-05-11T18:08:30","modified_gmt":"2018-05-11T21:08:30","slug":"morre-bebe-de-jovem-gravida-atropelada-por-retroescavadeira","status":"publish","type":"post","link":"https:\/\/www.caririemacao.com\/1\/2018\/05\/11\/morre-bebe-de-jovem-gravida-atropelada-por-retroescavadeira\/","title":{"rendered":"Morre beb\u00ea de jovem gr\u00e1vida atropelada por retroescavadeira"},"content":{"rendered":"<p>O beb\u00ea da gr\u00e1vida Rayane Andrade de Ara\u00fajo, de 27 anos, que est\u00e1 internada no Hospital de Emerg\u00eancia e Trauma de Campina Grande, ap\u00f3s ter sido\u00a0atropelada por uma retroescavadeira na \u00faltima ter\u00e7a-feira (8), n\u00e3o resistiu ao quadro cl\u00ednico de sa\u00fade grave da jovem e morreu. Ela estava gr\u00e1vida de cinco meses quando ocorreu o acidente. A informa\u00e7\u00e3o da morte do beb\u00ea foi confirmada na manh\u00e3 desta sexta-feira (11) pela dire\u00e7\u00e3o do\u00a0Hospital de Emerg\u00eancia e Trauma de Campina Grande.<\/p>\n<p>Segundo o diretor do Hospital de Emerg\u00eancia e Trauma de Campina Grande, Geraldo Medeiros, a morte do beb\u00ea foi constatada ap\u00f3s um exame de ultrassonografia realizado na tarde da quinta-feira (10). \u201cA ultrassonografia feita ontem mostrou que n\u00e3o h\u00e1 sinais de vida no beb\u00ea. A situa\u00e7\u00e3o grave do quadro de sa\u00fade ocorreu em consequ\u00eancia do politraumatismo provocado pelo acidente \u201c, disse.<\/p>\n<p>A jovem\u00a0Rayane Andrade de Ara\u00fajo permanece internada na unidade hospitalar com o quadro de cl\u00ednico de sa\u00fade considerado grave. \u201cO momento agora \u00e9 de aten\u00e7\u00e3o para o quadro cl\u00ednico da jovem, que continua internada em coma induzido. Uma obstetra tamb\u00e9m est\u00e1 acompanhado o caso e a prioridade agora \u00e9 salvar a vida da jovem\u201d, concluiu Geraldo Medeiros.<\/p>\n<p><strong>CARIRI EM A\u00c7\u00c3O<\/strong><\/p>\n<p>Com Jornal da Para\u00edba\/Foto: Reprodu\u00e7\u00e3o google<\/p>\n<p>Leia mais not\u00edcias em\u00a0caririemacao.com, siga nossa p\u00e1gina no\u00a0Facebook,\u00a0Instagram\u00a0e\u00a0Youtube\u00a0e veja nossas mat\u00e9rias, v\u00eddeos e fotos. Voc\u00ea tamb\u00e9m pode enviar informa\u00e7\u00f5es \u00e0 Reda\u00e7\u00e3o do Portal Cariri em A\u00e7\u00e3o pelo WhatsApp (83) 9 9634.5791, (83) 9 9601-1162.<\/p>\n","protected":false},"excerpt":{"rendered":"<p>O beb\u00ea da gr\u00e1vida Rayane Andrade de Ara\u00fajo, de 27 anos, que est\u00e1 internada no Hospital de Emerg\u00eancia e Trauma de Campina Grande, ap\u00f3s ter&hellip; <\/p>\n","protected":false},"author":2,"featured_media":40814,"comment_status":"closed","ping_status":"closed","sticky":false,"template":"","format":"standard","meta":{"sfsi_plus_gutenberg_text_before_share":"","sfsi_plus_gutenberg_show_text_before_share":"","sfsi_plus_gutenberg_icon_type":"","sfsi_plus_gutenberg_icon_alignemt":"","sfsi_plus_gutenburg_max_per_row":"","footnotes":""},"categories":[12],"tags":[],"class_list":["post-50649","post","type-post","status-publish","format-standard","has-post-thumbnail","hentry","category-policia"],"_links":{"self":[{"href":"https:\/\/www.caririemacao.com\/1\/wp-json\/wp\/v2\/posts\/50649","targetHints":{"allow":["GET"]}}],"collection":[{"href":"https:\/\/www.caririemacao.com\/1\/wp-json\/wp\/v2\/posts"}],"about":[{"href":"https:\/\/www.caririemacao.com\/1\/wp-json\/wp\/v2\/types\/post"}],"author":[{"embeddable":true,"href":"https:\/\/www.caririemacao.com\/1\/wp-json\/wp\/v2\/users\/2"}],"replies":[{"embeddable":true,"href":"https:\/\/www.caririemacao.com\/1\/wp-json\/wp\/v2\/comments?post=50649"}],"version-history":[{"count":0,"href":"https:\/\/www.caririemacao.com\/1\/wp-json\/wp\/v2\/posts\/50649\/revisions"}],"wp:featuredmedia":[{"embeddable":true,"href":"https:\/\/www.caririemacao.com\/1\/wp-json\/wp\/v2\/media\/40814"}],"wp:attachment":[{"href":"https:\/\/www.caririemacao.com\/1\/wp-json\/wp\/v2\/media?parent=50649"}],"wp:term":[{"taxonomy":"category","embeddable":true,"href":"https:\/\/www.caririemacao.com\/1\/wp-json\/wp\/v2\/categories?post=50649"},{"taxonomy":"post_tag","embeddable":true,"href":"https:\/\/www.caririemacao.com\/1\/wp-json\/wp\/v2\/tags?post=50649"}],"curies":[{"name":"wp","href":"https:\/\/api.w.org\/{rel}","templated":true}]}}