{"id":50651,"date":"2018-05-11T18:10:50","date_gmt":"2018-05-11T21:10:50","guid":{"rendered":"http:\/\/caririemacao.com\/1\/?p=50651"},"modified":"2018-05-12T01:41:19","modified_gmt":"2018-05-12T04:41:19","slug":"paraibana-e-convocada-para-a-selecao-brasileira-de-levantamento-de-peso-e-disputara-panamericano","status":"publish","type":"post","link":"https:\/\/www.caririemacao.com\/1\/2018\/05\/11\/paraibana-e-convocada-para-a-selecao-brasileira-de-levantamento-de-peso-e-disputara-panamericano\/","title":{"rendered":"Paraibana \u00e9 convocada para a Sele\u00e7\u00e3o Brasileira de Levantamento de Peso e disputar\u00e1 Panamericano"},"content":{"rendered":"<p>A atleta Mayara Rocha, de Campina Grande, foi convocada na ter\u00e7a-feira (8) para integrar a Sele\u00e7\u00e3o Brasileira de Levantamento de Peso. A convoca\u00e7\u00e3o foi divulgada junto com a rela\u00e7\u00e3o dos atletas que v\u00e3o participar do XXVII Campeonato Panamericano de Levantamento de Peso, que ser\u00e1 realizado de 12 a 19 deste m\u00eas em Santo Domingo, na Rep\u00fablica Dominicana.<\/p>\n<p>Mayara\u00a0Rocha, de 25 anos, \u00e9 a \u00fanica brasileira entre as 19 atletas que disputar\u00e3o as medalhas na categoria at\u00e9 48 kg. Atualmente ela \u00e9 tricampe\u00e3 paraibana de Levantamento de Peso, em sua categoria; e disputou duas vezes o Campeonato Brasileiro, obtendo um quarto lugar, em 2017; e o segundo lugar este ano.<\/p>\n<p>Em 2018, Mayara\u00a0tamb\u00e9m conquistou o 3\u00ba lugar no Mundial CrossFit LiftOff, competi\u00e7\u00e3o em que os atletas participam das disputas, cada um em seu pa\u00eds, e seus desempenhos s\u00e3o enviados por v\u00eddeo, auditados e, em seguida, comparados, para se obter os vencedores.<\/p>\n<p>Ao receber a convoca\u00e7\u00e3o para participar do Panamericano,\u00a0Mayara\u00a0se mostrou feliz e disse que ser\u00e1 um prazer representar o Brasil, a Para\u00edba e Campina Grande, em sua primeira competi\u00e7\u00e3o internacional. Ela afirmou que j\u00e1 vinha treinando forte, numa expectativa de que pudesse ser convocada para o Panamericano.<\/p>\n<p>\u201cHoje recebi a confirma\u00e7\u00e3o de que serei uma das atletas que estar\u00e3o representando o Brasil no Panamericano de Levantamento de Peso, que acontecer\u00e1 na Rep\u00fablica Dominicana. Essa ser\u00e1 a minha primeira competi\u00e7\u00e3o internacional e \u00e9 muito gratificante saber que todo o trabalho duro e dedica\u00e7\u00e3o est\u00e3o sendo recompensados. Nesse momento, estou me sentindo nas nuvens, mas a prepara\u00e7\u00e3o n\u00e3o pode parar e ela j\u00e1 est\u00e1 a todo vapor. Que venha o Panamericano! Estarei pronta\u201d, afirmou a atleta, em suas redes sociais.<\/p>\n<p>A atleta Mayara Rocha, de Campina Grande, foi convocada na ter\u00e7a-feira (8) para integrar a Sele\u00e7\u00e3o Brasileira de Levantamento de Peso. A convoca\u00e7\u00e3o foi divulgada junto com a rela\u00e7\u00e3o dos atletas que v\u00e3o participar do XXVII Campeonato Panamericano de Levantamento de Peso, que ser\u00e1 realizado de 12 a 19 deste m\u00eas em Santo Domingo, na Rep\u00fablica Dominicana.<\/p>\n<p>Mayara\u00a0Rocha, de 25 anos, \u00e9 a \u00fanica brasileira entre as 19 atletas que disputar\u00e3o as medalhas na categoria at\u00e9 48 kg. Atualmente ela \u00e9 tricampe\u00e3 paraibana de Levantamento de Peso, em sua categoria; e disputou duas vezes o Campeonato Brasileiro, obtendo um quarto lugar, em 2017; e o segundo lugar este ano.<\/p>\n<p>Em 2018, Mayara\u00a0tamb\u00e9m conquistou o 3\u00ba lugar no Mundial CrossFit LiftOff, competi\u00e7\u00e3o em que os atletas participam das disputas, cada um em seu pa\u00eds, e seus desempenhos s\u00e3o enviados por v\u00eddeo, auditados e, em seguida, comparados, para se obter os vencedores.<\/p>\n<p>Ao receber a convoca\u00e7\u00e3o para participar do Panamericano,\u00a0Mayara\u00a0se mostrou feliz e disse que ser\u00e1 um prazer representar o Brasil, a Para\u00edba e Campina Grande, em sua primeira competi\u00e7\u00e3o internacional. Ela afirmou que j\u00e1 vinha treinando forte, numa expectativa de que pudesse ser convocada para o Panamericano.<\/p>\n<p>\u201cHoje recebi a confirma\u00e7\u00e3o de que serei uma das atletas que estar\u00e3o representando o Brasil no Panamericano de Levantamento de Peso, que acontecer\u00e1 na Rep\u00fablica Dominicana. Essa ser\u00e1 a minha primeira competi\u00e7\u00e3o internacional e \u00e9 muito gratificante saber que todo o trabalho duro e dedica\u00e7\u00e3o est\u00e3o sendo recompensados. Nesse momento, estou me sentindo nas nuvens, mas a prepara\u00e7\u00e3o n\u00e3o pode parar e ela j\u00e1 est\u00e1 a todo vapor. Que venha o Panamericano! Estarei pronta\u201d, afirmou a atleta, em suas redes sociais.<\/p>\n<p><strong>CARIRI EM A\u00c7\u00c3O<\/strong><\/p>\n<p>Com Jornal da Para\u00edba\/Foto: Reprodu\u00e7\u00e3o google<\/p>\n<p>Leia mais not\u00edcias em\u00a0caririemacao.com, siga nossa p\u00e1gina no\u00a0Facebook,\u00a0Instagram\u00a0e\u00a0Youtube\u00a0e veja nossas mat\u00e9rias, v\u00eddeos e fotos. Voc\u00ea tamb\u00e9m pode enviar informa\u00e7\u00f5es \u00e0 Reda\u00e7\u00e3o do Portal Cariri em A\u00e7\u00e3o pelo WhatsApp (83) 9 9634.5791, (83) 9 9601-1162.<\/p>\n","protected":false},"excerpt":{"rendered":"<p>A atleta Mayara Rocha, de Campina Grande, foi convocada na ter\u00e7a-feira (8) para integrar a Sele\u00e7\u00e3o Brasileira de Levantamento de Peso. A convoca\u00e7\u00e3o foi divulgada&hellip; <\/p>\n","protected":false},"author":2,"featured_media":50748,"comment_status":"closed","ping_status":"closed","sticky":false,"template":"","format":"standard","meta":{"sfsi_plus_gutenberg_text_before_share":"","sfsi_plus_gutenberg_show_text_before_share":"","sfsi_plus_gutenberg_icon_type":"","sfsi_plus_gutenberg_icon_alignemt":"","sfsi_plus_gutenburg_max_per_row":"","footnotes":""},"categories":[13],"tags":[],"class_list":["post-50651","post","type-post","status-publish","format-standard","has-post-thumbnail","hentry","category-esportes"],"_links":{"self":[{"href":"https:\/\/www.caririemacao.com\/1\/wp-json\/wp\/v2\/posts\/50651","targetHints":{"allow":["GET"]}}],"collection":[{"href":"https:\/\/www.caririemacao.com\/1\/wp-json\/wp\/v2\/posts"}],"about":[{"href":"https:\/\/www.caririemacao.com\/1\/wp-json\/wp\/v2\/types\/post"}],"author":[{"embeddable":true,"href":"https:\/\/www.caririemacao.com\/1\/wp-json\/wp\/v2\/users\/2"}],"replies":[{"embeddable":true,"href":"https:\/\/www.caririemacao.com\/1\/wp-json\/wp\/v2\/comments?post=50651"}],"version-history":[{"count":0,"href":"https:\/\/www.caririemacao.com\/1\/wp-json\/wp\/v2\/posts\/50651\/revisions"}],"wp:featuredmedia":[{"embeddable":true,"href":"https:\/\/www.caririemacao.com\/1\/wp-json\/wp\/v2\/media\/50748"}],"wp:attachment":[{"href":"https:\/\/www.caririemacao.com\/1\/wp-json\/wp\/v2\/media?parent=50651"}],"wp:term":[{"taxonomy":"category","embeddable":true,"href":"https:\/\/www.caririemacao.com\/1\/wp-json\/wp\/v2\/categories?post=50651"},{"taxonomy":"post_tag","embeddable":true,"href":"https:\/\/www.caririemacao.com\/1\/wp-json\/wp\/v2\/tags?post=50651"}],"curies":[{"name":"wp","href":"https:\/\/api.w.org\/{rel}","templated":true}]}}