{"id":50654,"date":"2018-05-11T18:16:29","date_gmt":"2018-05-11T21:16:29","guid":{"rendered":"http:\/\/caririemacao.com\/1\/?p=50654"},"modified":"2018-05-11T19:28:57","modified_gmt":"2018-05-11T22:28:57","slug":"cbf-confirma-que-daniel-alves-esta-fora-da-copa-do-mundo","status":"publish","type":"post","link":"https:\/\/www.caririemacao.com\/1\/2018\/05\/11\/cbf-confirma-que-daniel-alves-esta-fora-da-copa-do-mundo\/","title":{"rendered":"CBF confirma que Daniel Alves est\u00e1 fora da Copa do Mundo"},"content":{"rendered":"<p>O lateral-direito Daniel Alves, 35, est\u00e1 fora da Copa do Mundo. A CBF confirmou nesta sexta-feira (11) em sua conta no Twitter.<\/p>\n<p>Nesta sexta-feira (11) sa\u00edram os resultados dos exames e foi constatado que a les\u00e3o \u00e9 mais grave do que era esperado.<\/p>\n<p>Rodrigo Lasmar, m\u00e9dico da sele\u00e7\u00e3o brasileira, e Edu Gaspar, da comiss\u00e3o t\u00e9cnica, foram na \u00faltima quinta-feira a Paris para avaliar o jogador.<\/p>\n<p>Titular indiscut\u00edvel da sele\u00e7\u00e3o de Tite, o\u00a0lateral sofreu uma les\u00e3o no joelho direito durante a final da Copa da Fran\u00e7a, na \u00faltima quarta-feira (9), contra o Les Herbiers.<\/p>\n<p>Durante lance da partida, houve uma desinserc\u00e3o no ligamento cruzado anterior do joelho direito. Daniel Alves tamb\u00e9m sofreu tor\u00e7\u00e3o no joelho.<\/p>\n<p>A les\u00e3o \u00e9 diferente da usual, de rompimento do ligamento. No entanto, exige um prazo de tr\u00eas semanas antes de se avaliar sobre a evolu\u00e7\u00e3o do trauma. Mesmo que depois de tratamento intensivo Daniel n\u00e3o precise de cirurgia, ele levaria pelo menos mais seis semana para treinar normalmente. Com os prazos curtos, n\u00e3o haver\u00e1 tempo suficiente para o lateral estar apto a defender a sele\u00e7\u00e3o brasileira durante o Mundial.<\/p>\n<p><strong>CARIRI EM A\u00c7\u00c3O<\/strong><\/p>\n<p><em>Com R7\/Foto: Reprodu\u00e7\u00e3o\u00a0<\/em><i>Internet<\/i><\/p>\n<p><strong>Leia mais not\u00edcias em\u00a0<\/strong><a href=\"http:\/\/www.caririemacao.com\/\"><strong>caririemacao.com<\/strong><\/a><strong>, siga nossa p\u00e1gina no\u00a0<\/strong><a href=\"https:\/\/www.facebook.com\/CaririEmAcao\/?ref=aymt_homepage_panel\"><strong>Facebook<\/strong><\/a>,<strong>\u00a0<\/strong><a href=\"https:\/\/www.instagram.com\/cariri_em_acao\/?hl=pt-br\"><strong>Instagram<\/strong><\/a><strong>\u00a0e <\/strong><a href=\"https:\/\/www.youtube.com\/channel\/UCAptA0jQuYQy8vMhLt2m4qg\"><strong>Youtube<\/strong><\/a><strong>\u00a0e veja nossas mat\u00e9rias, v\u00eddeos e fotos. Voc\u00ea tamb\u00e9m pode enviar informa\u00e7\u00f5es \u00e0 Reda\u00e7\u00e3o do Portal Cariri em A\u00e7\u00e3o pelo WhatsApp (83) 9 9634.5791, (83) 9 9601-1162.<\/strong><\/p>\n","protected":false},"excerpt":{"rendered":"<p>O lateral-direito Daniel Alves, 35, est\u00e1 fora da Copa do Mundo. A CBF confirmou nesta sexta-feira (11) em sua conta no Twitter. Nesta sexta-feira (11)&hellip; <\/p>\n","protected":false},"author":2,"featured_media":50686,"comment_status":"closed","ping_status":"closed","sticky":false,"template":"","format":"standard","meta":{"sfsi_plus_gutenberg_text_before_share":"","sfsi_plus_gutenberg_show_text_before_share":"","sfsi_plus_gutenberg_icon_type":"","sfsi_plus_gutenberg_icon_alignemt":"","sfsi_plus_gutenburg_max_per_row":"","footnotes":""},"categories":[13],"tags":[],"class_list":["post-50654","post","type-post","status-publish","format-standard","has-post-thumbnail","hentry","category-esportes"],"_links":{"self":[{"href":"https:\/\/www.caririemacao.com\/1\/wp-json\/wp\/v2\/posts\/50654","targetHints":{"allow":["GET"]}}],"collection":[{"href":"https:\/\/www.caririemacao.com\/1\/wp-json\/wp\/v2\/posts"}],"about":[{"href":"https:\/\/www.caririemacao.com\/1\/wp-json\/wp\/v2\/types\/post"}],"author":[{"embeddable":true,"href":"https:\/\/www.caririemacao.com\/1\/wp-json\/wp\/v2\/users\/2"}],"replies":[{"embeddable":true,"href":"https:\/\/www.caririemacao.com\/1\/wp-json\/wp\/v2\/comments?post=50654"}],"version-history":[{"count":0,"href":"https:\/\/www.caririemacao.com\/1\/wp-json\/wp\/v2\/posts\/50654\/revisions"}],"wp:featuredmedia":[{"embeddable":true,"href":"https:\/\/www.caririemacao.com\/1\/wp-json\/wp\/v2\/media\/50686"}],"wp:attachment":[{"href":"https:\/\/www.caririemacao.com\/1\/wp-json\/wp\/v2\/media?parent=50654"}],"wp:term":[{"taxonomy":"category","embeddable":true,"href":"https:\/\/www.caririemacao.com\/1\/wp-json\/wp\/v2\/categories?post=50654"},{"taxonomy":"post_tag","embeddable":true,"href":"https:\/\/www.caririemacao.com\/1\/wp-json\/wp\/v2\/tags?post=50654"}],"curies":[{"name":"wp","href":"https:\/\/api.w.org\/{rel}","templated":true}]}}