{"id":50657,"date":"2018-05-11T18:20:28","date_gmt":"2018-05-11T21:20:28","guid":{"rendered":"http:\/\/caririemacao.com\/1\/?p=50657"},"modified":"2018-05-11T19:16:36","modified_gmt":"2018-05-11T22:16:36","slug":"prefeitura-de-sao-jose-dos-cordeiros-inicia-recuperacao-de-estradas-vicinais","status":"publish","type":"post","link":"https:\/\/www.caririemacao.com\/1\/2018\/05\/11\/prefeitura-de-sao-jose-dos-cordeiros-inicia-recuperacao-de-estradas-vicinais\/","title":{"rendered":"Prefeitura de S\u00e3o Jos\u00e9 dos Cordeiros inicia recupera\u00e7\u00e3o de estradas vicinais"},"content":{"rendered":"<p>O prefeito Jefferson Roberto determinou a recupera\u00e7\u00e3o de estradas vicinais que cortam a zona rural do munic\u00edpio de S\u00e3o Jos\u00e9 dos Cordeiros. A a\u00e7\u00e3o est\u00e1 sendo coordenada pela Secretaria de Agricultura e come\u00e7ou pelas comunidades do Cardozo, Cazuzinha e Jureminha.<\/p>\n<p>Segundo o secret\u00e1rio de agricultura, Deyvison Romeryto, as m\u00e1quinas ir\u00e3o paulatinamente passar por todas as estradas da zona rural, pois a inten\u00e7\u00e3o do prefeito Jefferson \u00e9 manter a qualidade das estradas vicinais do munic\u00edpio.<\/p>\n<p>O prefeito Jefferson Roberto disse ainda que vai solicitar junto ao DER um servi\u00e7o de terraplanagem na estrada que interliga Livramento a S\u00e3o Jos\u00e9 dos Cordeiros, como tamb\u00e9m na estrada que interliga Sum\u00e9 a Tapero\u00e1.<\/p>\n<p><strong>CARIRI EM A\u00c7\u00c3O<\/strong><\/p>\n<p><em>Com G1 \/Foto: Reprodu\u00e7\u00e3o Internet<\/em><\/p>\n<p><strong>Leia mais not\u00edcias em\u00a0<\/strong><a href=\"http:\/\/www.caririemacao.com\/\"><strong>caririemacao.com<\/strong><\/a><strong>, siga nossa p\u00e1gina no\u00a0<\/strong><a href=\"https:\/\/www.facebook.com\/CaririEmAcao\/?ref=aymt_homepage_panel\"><strong>Facebook<\/strong><\/a>,<strong>\u00a0<\/strong><a href=\"https:\/\/www.instagram.com\/cariri_em_acao\/?hl=pt-br\"><strong>Instagram<\/strong><\/a><strong>\u00a0e <\/strong><a href=\"https:\/\/www.youtube.com\/channel\/UCAptA0jQuYQy8vMhLt2m4qg\"><strong>Youtube<\/strong><\/a><strong>\u00a0e veja nossas mat\u00e9rias, v\u00eddeos e fotos. Voc\u00ea tamb\u00e9m pode enviar informa\u00e7\u00f5es \u00e0 Reda\u00e7\u00e3o do Portal Cariri em A\u00e7\u00e3o pelo WhatsApp (83) 9 9634.5791, (83) 9 9601-1162<\/strong><\/p>\n","protected":false},"excerpt":{"rendered":"<p>O prefeito Jefferson Roberto determinou a recupera\u00e7\u00e3o de estradas vicinais que cortam a zona rural do munic\u00edpio de S\u00e3o Jos\u00e9 dos Cordeiros. A a\u00e7\u00e3o est\u00e1&hellip; <\/p>\n","protected":false},"author":2,"featured_media":50672,"comment_status":"closed","ping_status":"closed","sticky":false,"template":"","format":"standard","meta":{"sfsi_plus_gutenberg_text_before_share":"","sfsi_plus_gutenberg_show_text_before_share":"","sfsi_plus_gutenberg_icon_type":"","sfsi_plus_gutenberg_icon_alignemt":"","sfsi_plus_gutenburg_max_per_row":"","footnotes":""},"categories":[6],"tags":[],"class_list":["post-50657","post","type-post","status-publish","format-standard","has-post-thumbnail","hentry","category-cidades"],"_links":{"self":[{"href":"https:\/\/www.caririemacao.com\/1\/wp-json\/wp\/v2\/posts\/50657","targetHints":{"allow":["GET"]}}],"collection":[{"href":"https:\/\/www.caririemacao.com\/1\/wp-json\/wp\/v2\/posts"}],"about":[{"href":"https:\/\/www.caririemacao.com\/1\/wp-json\/wp\/v2\/types\/post"}],"author":[{"embeddable":true,"href":"https:\/\/www.caririemacao.com\/1\/wp-json\/wp\/v2\/users\/2"}],"replies":[{"embeddable":true,"href":"https:\/\/www.caririemacao.com\/1\/wp-json\/wp\/v2\/comments?post=50657"}],"version-history":[{"count":0,"href":"https:\/\/www.caririemacao.com\/1\/wp-json\/wp\/v2\/posts\/50657\/revisions"}],"wp:featuredmedia":[{"embeddable":true,"href":"https:\/\/www.caririemacao.com\/1\/wp-json\/wp\/v2\/media\/50672"}],"wp:attachment":[{"href":"https:\/\/www.caririemacao.com\/1\/wp-json\/wp\/v2\/media?parent=50657"}],"wp:term":[{"taxonomy":"category","embeddable":true,"href":"https:\/\/www.caririemacao.com\/1\/wp-json\/wp\/v2\/categories?post=50657"},{"taxonomy":"post_tag","embeddable":true,"href":"https:\/\/www.caririemacao.com\/1\/wp-json\/wp\/v2\/tags?post=50657"}],"curies":[{"name":"wp","href":"https:\/\/api.w.org\/{rel}","templated":true}]}}