{"id":50663,"date":"2018-05-11T18:39:57","date_gmt":"2018-05-11T21:39:57","guid":{"rendered":"http:\/\/caririemacao.com\/1\/?p=50663"},"modified":"2018-05-11T19:16:40","modified_gmt":"2018-05-11T22:16:40","slug":"rc-assina-ordem-de-servico-para-escolas-e-entrega-equipamentos-em-taperoa","status":"publish","type":"post","link":"https:\/\/www.caririemacao.com\/1\/2018\/05\/11\/rc-assina-ordem-de-servico-para-escolas-e-entrega-equipamentos-em-taperoa\/","title":{"rendered":"RC assina ordem de servi\u00e7o para escolas e entrega equipamentos em Tapero\u00e1"},"content":{"rendered":"<article>\n<div class=\"contentPost\">\n<figure><\/figure>\n<p>A cidade de Tapero\u00e1 (3\u00aa Regi\u00e3o Geoadministrativa) sediou, na noite dessa quinta-feira (10), no gin\u00e1sio estadual da cidade, a pen\u00faltima audi\u00eancia p\u00fablica regional do Or\u00e7amento Democr\u00e1tico Estadual, do ciclo 2018. Na ocasi\u00e3o, o governador Ricardo Coutinho autorizou a constru\u00e7\u00e3o de uma escola padr\u00e3o, em Assun\u00e7\u00e3o, fez entregas de equipamentos, destinou cr\u00e9ditos a microempreendedores e inaugurou, simbolicamente, a recupera\u00e7\u00e3o da Barragem da cidade de Tapero\u00e1.<\/p>\n<p>A popula\u00e7\u00e3o presente elencou como prioridades de investimentos para o or\u00e7amento do pr\u00f3ximo ano a educa\u00e7\u00e3o (com 726 votos), seguida de estradas de rodagem (536 votos) e a cultura (384 votos), em terceiro.<\/p>\n<p>Ricardo iniciou a audi\u00eancia com a assinatura de 44 contratos por meio do programa Empreender Para\u00edba, destinando assim, mais de R$ 285 mil a empreendedores e microempreendedores da regi\u00e3o. Tamb\u00e9m entregou kits de energia solar e de instala\u00e7\u00f5es el\u00e9tricas para compor laborat\u00f3rios de ci\u00eancias aplicadas das escolas da regi\u00e3o, totalizando assim 110 kits entregues em todo o estado (R$ 800 mil).<\/p>\n<p>O governador tamb\u00e9m assinou ordem de servi\u00e7o para a constru\u00e7\u00e3o de uma escola padr\u00e3o, que j\u00e1 ser\u00e1 integral, para o munic\u00edpio de Assun\u00e7\u00e3o. Um investimento de mais de R$ 2,8 milh\u00f5es. E assinou autoriza\u00e7\u00e3o para a reforma da Escola Estadual Marechal Almeida Barreto, da cidade de Juazeirinho, no valor de R$ 3,1 milh\u00f5es.<\/p>\n<p>Ap\u00f3s a entrega dos equipamentos, Ricardo falou sobre a import\u00e2ncia da pol\u00edtica de participa\u00e7\u00e3o popular, como o Or\u00e7amento Democr\u00e1tico e destacou algumas a\u00e7\u00f5es importantes da gest\u00e3o. \u201cEu n\u00e3o imaginava o tamanho do impacto que o Or\u00e7amento Democr\u00e1tico Estadual traria para o nosso estado, algo que hoje n\u00e3o se encontra em nenhum outro lugar do nosso pa\u00eds. A Para\u00edba est\u00e1 ensinando como se faz democracia participativa. Estamos aqui na pen\u00faltima plen\u00e1ria e quero dizer que foi a melhor e a maior experi\u00eancia que eu tive em todos os anos de pol\u00edtica. Nunca aprendi tanto quanto nas plen\u00e1rias do Or\u00e7amento Democr\u00e1tico. O povo da Para\u00edba foi quem deu a este governo os direcionamentos para os recursos existentes\u201d, lembrou Ricardo.<\/p>\n<p>Para o munic\u00edpio de Tapero\u00e1, o chefe do executivo inaugurou, simbolicamente, a barragem Manoel Marcolino, que recebeu investimentos de mais de R$ 1,5 milh\u00e3o. A obra beneficiar\u00e1 cerca de 15 mil moradores da regi\u00e3o.<\/p>\n<p>Por meio do Programa de Desenvolvimento Sustent\u00e1vel do Cariri (Procase) fez a entrega de equipamentos para a Associa\u00e7\u00e3o dos Criadores e Produtores de Caprinos e Ovinos de Parari e Associa\u00e7\u00e3o dos Produtores de Frutas de Assun\u00e7\u00e3o, totalizando investimentos de mais de R$ 300 mil.<\/p>\n<p>O prefeito da cidade de Tapero\u00e1, Jurandir Gouveia, agradeceu pelas obras entregues e autorizadas na audi\u00eancia. \u201cEm nome de todos os moradores de Tapero\u00e1, n\u00f3s agradecemos ao governador por todas as demandas de obras hoje aqui entregues e autorizadas para o nosso munic\u00edpio. Agradecemos a reformas das escolas e a entrega da recupera\u00e7\u00e3o da nossa barragem. Agradecemos a cada um que saiu de sua casa e veio at\u00e9 aqui prestigiar esta plen\u00e1ria\u201d, disse o prefeito.<\/p>\n<p>Participaram da plen\u00e1ria, mais de 2,6 mil pessoas, al\u00e9m dos deputados estaduais Veneziano Vital do Rego, Genival Matias e Antonio Mineral. Ainda os prefeitos de Juazeirinho, Parari, Soledade e Bara\u00fana, al\u00e9m dos vereadores da regi\u00e3o.<\/p>\n<p>Saiba mais \u2013\u00a0O Or\u00e7amento Democr\u00e1tico j\u00e1 envolveu a participa\u00e7\u00e3o de mais de 235 mil pessoas (2011 a 2018) em todo o estado e deliberou a\u00e7\u00f5es que somam mais de R$ 9 bilh\u00f5es de recursos investidos em obras, a\u00e7\u00f5es e servi\u00e7os. A \u00faltima audi\u00eancia deste ciclo acontece nesta sexta-feira (11), na cidade de Sol\u00e2nea e ser\u00e1 realizada no gin\u00e1sio Adauto Pereira Silva, a partir das 19h.<\/p>\n<p><strong>CARIRI EM A\u00c7\u00c3O<\/strong><\/p>\n<p><em>Com G1 \/Foto: Reprodu\u00e7\u00e3o Internet<\/em><\/p>\n<p><strong>Leia mais not\u00edcias em\u00a0<\/strong><a href=\"http:\/\/www.caririemacao.com\/\"><strong>caririemacao.com<\/strong><\/a><strong>, siga nossa p\u00e1gina no\u00a0<\/strong><a href=\"https:\/\/www.facebook.com\/CaririEmAcao\/?ref=aymt_homepage_panel\"><strong>Facebook<\/strong><\/a>,<strong>\u00a0<\/strong><a href=\"https:\/\/www.instagram.com\/cariri_em_acao\/?hl=pt-br\"><strong>Instagram<\/strong><\/a><strong>\u00a0e <\/strong><a href=\"https:\/\/www.youtube.com\/channel\/UCAptA0jQuYQy8vMhLt2m4qg\"><strong>Youtube<\/strong><\/a><strong>\u00a0e veja nossas mat\u00e9rias, v\u00eddeos e fotos. Voc\u00ea tamb\u00e9m pode enviar informa\u00e7\u00f5es \u00e0 Reda\u00e7\u00e3o do Portal Cariri em A\u00e7\u00e3o pelo WhatsApp (83) 9 9634.5791, (83) 9 9601-1162.<\/strong><\/p>\n<\/div>\n<\/article>\n","protected":false},"excerpt":{"rendered":"<p>A cidade de Tapero\u00e1 (3\u00aa Regi\u00e3o Geoadministrativa) sediou, na noite dessa quinta-feira (10), no gin\u00e1sio estadual da cidade, a pen\u00faltima audi\u00eancia p\u00fablica regional do Or\u00e7amento&hellip; <\/p>\n","protected":false},"author":2,"featured_media":43251,"comment_status":"closed","ping_status":"closed","sticky":false,"template":"","format":"standard","meta":{"sfsi_plus_gutenberg_text_before_share":"","sfsi_plus_gutenberg_show_text_before_share":"","sfsi_plus_gutenberg_icon_type":"","sfsi_plus_gutenberg_icon_alignemt":"","sfsi_plus_gutenburg_max_per_row":"","footnotes":""},"categories":[2],"tags":[],"class_list":["post-50663","post","type-post","status-publish","format-standard","has-post-thumbnail","hentry","category-geral"],"_links":{"self":[{"href":"https:\/\/www.caririemacao.com\/1\/wp-json\/wp\/v2\/posts\/50663","targetHints":{"allow":["GET"]}}],"collection":[{"href":"https:\/\/www.caririemacao.com\/1\/wp-json\/wp\/v2\/posts"}],"about":[{"href":"https:\/\/www.caririemacao.com\/1\/wp-json\/wp\/v2\/types\/post"}],"author":[{"embeddable":true,"href":"https:\/\/www.caririemacao.com\/1\/wp-json\/wp\/v2\/users\/2"}],"replies":[{"embeddable":true,"href":"https:\/\/www.caririemacao.com\/1\/wp-json\/wp\/v2\/comments?post=50663"}],"version-history":[{"count":0,"href":"https:\/\/www.caririemacao.com\/1\/wp-json\/wp\/v2\/posts\/50663\/revisions"}],"wp:featuredmedia":[{"embeddable":true,"href":"https:\/\/www.caririemacao.com\/1\/wp-json\/wp\/v2\/media\/43251"}],"wp:attachment":[{"href":"https:\/\/www.caririemacao.com\/1\/wp-json\/wp\/v2\/media?parent=50663"}],"wp:term":[{"taxonomy":"category","embeddable":true,"href":"https:\/\/www.caririemacao.com\/1\/wp-json\/wp\/v2\/categories?post=50663"},{"taxonomy":"post_tag","embeddable":true,"href":"https:\/\/www.caririemacao.com\/1\/wp-json\/wp\/v2\/tags?post=50663"}],"curies":[{"name":"wp","href":"https:\/\/api.w.org\/{rel}","templated":true}]}}