{"id":50666,"date":"2018-05-11T18:43:04","date_gmt":"2018-05-11T21:43:04","guid":{"rendered":"http:\/\/caririemacao.com\/1\/?p=50666"},"modified":"2018-05-11T18:43:04","modified_gmt":"2018-05-11T21:43:04","slug":"divulgado-o-resultado-do-processo-seletivo-do-mais-alfabetizacao-em-sume","status":"publish","type":"post","link":"https:\/\/www.caririemacao.com\/1\/2018\/05\/11\/divulgado-o-resultado-do-processo-seletivo-do-mais-alfabetizacao-em-sume\/","title":{"rendered":"Divulgado o resultado do processo seletivo do mais alfabetiza\u00e7\u00e3o em Sum\u00e9"},"content":{"rendered":"<p>A comiss\u00e3o de fiscaliza\u00e7\u00e3o de acompanhamento, institu\u00edda pela portaria n\u00ba 5.490\/2018, torna p\u00fablico, conforme previsto no sub item 7.11, o resultado final do processo seletivo para sele\u00e7\u00e3o Assistentes de Alfabetiza\u00e7\u00e3o para atuarem no Programa Mais Alfabetiza\u00e7\u00e3o, que atuar\u00e3o nas escolas da zona urbana e rural do Munic\u00edpio de Sum\u00e9.<\/p>\n<p>Os candidatos aprovados dever\u00e3o comparecer no prazo de 48 (quarenta e oito) horas, contados a partir da publica\u00e7\u00e3o do resultado final, na Secretaria Municipal de Educa\u00e7\u00e3o, localizada na Avenida Primeiro de Abril, n\u00ba 444- Centro de Sum\u00e9, no hor\u00e1rio das 08h \u00e1s 14h.<\/p>\n<p>O n\u00e3o comparecimento no prazo previsto implicar\u00e1 na ren\u00fancia do candidato, que ser\u00e1 substitu\u00eddo pelo seu sucessor na lista classificat\u00f3ria publicada.<\/p>\n<p>CONFIRA O RESULTADO:\u00a0<strong><a href=\"http:\/\/sume.tempsite.ws\/transparencia\/vfm-admin\/vfm-downloader.php?q=dXBsb2Fkcy9CT0xFVElNLU9GSUNJQUwvMjAxOC9FREklQzMlODclQzMlODNPLS0tMTEtREUtTUFJTy0tMjAxOC5wZGY=&amp;h=7844add7280b82b72d0c25ac1827cef1\">CLICK AQUI\u00a0<\/a><\/strong><\/p>\n<p><strong>CARIRI EM A\u00c7\u00c3O<\/strong><\/p>\n<p>Com Ascom\/Foto: Reprodu\u00e7\u00e3o google<\/p>\n<p>Leia mais not\u00edcias em\u00a0caririemacao.com, siga nossa p\u00e1gina no\u00a0Facebook,\u00a0Instagram\u00a0e\u00a0Youtube\u00a0e veja nossas mat\u00e9rias, v\u00eddeos e fotos. Voc\u00ea tamb\u00e9m pode enviar informa\u00e7\u00f5es \u00e0 Reda\u00e7\u00e3o do Portal Cariri em A\u00e7\u00e3o pelo WhatsApp (83) 9 9634.5791, (83) 9 9601-1162.<\/p>\n","protected":false},"excerpt":{"rendered":"<p>A comiss\u00e3o de fiscaliza\u00e7\u00e3o de acompanhamento, institu\u00edda pela portaria n\u00ba 5.490\/2018, torna p\u00fablico, conforme previsto no sub item 7.11, o resultado final do processo seletivo&hellip; <\/p>\n","protected":false},"author":2,"featured_media":50667,"comment_status":"closed","ping_status":"closed","sticky":false,"template":"","format":"standard","meta":{"sfsi_plus_gutenberg_text_before_share":"","sfsi_plus_gutenberg_show_text_before_share":"","sfsi_plus_gutenberg_icon_type":"","sfsi_plus_gutenberg_icon_alignemt":"","sfsi_plus_gutenburg_max_per_row":"","footnotes":""},"categories":[6],"tags":[],"class_list":["post-50666","post","type-post","status-publish","format-standard","has-post-thumbnail","hentry","category-cidades"],"_links":{"self":[{"href":"https:\/\/www.caririemacao.com\/1\/wp-json\/wp\/v2\/posts\/50666","targetHints":{"allow":["GET"]}}],"collection":[{"href":"https:\/\/www.caririemacao.com\/1\/wp-json\/wp\/v2\/posts"}],"about":[{"href":"https:\/\/www.caririemacao.com\/1\/wp-json\/wp\/v2\/types\/post"}],"author":[{"embeddable":true,"href":"https:\/\/www.caririemacao.com\/1\/wp-json\/wp\/v2\/users\/2"}],"replies":[{"embeddable":true,"href":"https:\/\/www.caririemacao.com\/1\/wp-json\/wp\/v2\/comments?post=50666"}],"version-history":[{"count":0,"href":"https:\/\/www.caririemacao.com\/1\/wp-json\/wp\/v2\/posts\/50666\/revisions"}],"wp:featuredmedia":[{"embeddable":true,"href":"https:\/\/www.caririemacao.com\/1\/wp-json\/wp\/v2\/media\/50667"}],"wp:attachment":[{"href":"https:\/\/www.caririemacao.com\/1\/wp-json\/wp\/v2\/media?parent=50666"}],"wp:term":[{"taxonomy":"category","embeddable":true,"href":"https:\/\/www.caririemacao.com\/1\/wp-json\/wp\/v2\/categories?post=50666"},{"taxonomy":"post_tag","embeddable":true,"href":"https:\/\/www.caririemacao.com\/1\/wp-json\/wp\/v2\/tags?post=50666"}],"curies":[{"name":"wp","href":"https:\/\/api.w.org\/{rel}","templated":true}]}}