{"id":50682,"date":"2018-05-11T19:46:44","date_gmt":"2018-05-11T22:46:44","guid":{"rendered":"http:\/\/caririemacao.com\/1\/?p=50682"},"modified":"2018-05-11T19:46:44","modified_gmt":"2018-05-11T22:46:44","slug":"gestantes-beneficiarias-do-bolsa-familia-recebem-orientacoes-em-evento-promovido-pela-prefeitura-de-sume","status":"publish","type":"post","link":"https:\/\/www.caririemacao.com\/1\/2018\/05\/11\/gestantes-beneficiarias-do-bolsa-familia-recebem-orientacoes-em-evento-promovido-pela-prefeitura-de-sume\/","title":{"rendered":"Gestantes benefici\u00e1rias do Bolsa Fam\u00edlia recebem orienta\u00e7\u00f5es em evento promovido pela Prefeitura de Sum\u00e9"},"content":{"rendered":"<p>A Prefeitura Municipal de Sum\u00e9 por meio do Cadastro \u00danico, realizou na tarde desta quarta-feira (09\/05) na C\u00e2mara de Vereadores de Sum\u00e9, um encontro com as gestantes beneficiadas pelo Programa Bolsa Fam\u00edlia.<\/p>\n<p>Na oportunidade, foi esclarecido os cuidados e preven\u00e7\u00f5es, al\u00e9m de tratar sobre os benef\u00edcios mensais durante a gesta\u00e7\u00e3o.<\/p>\n<p><a href=\"http:\/\/caririemacao.com\/1\/?attachment_id=50694\" rel=\"attachment wp-att-50694\"><img fetchpriority=\"high\" decoding=\"async\" class=\"aligncenter size-full wp-image-50694\" src=\"http:\/\/caririemacao.com\/1\/wp-content\/uploads\/2018\/05\/DSC_0071-1024x681.jpg\" alt=\"\" width=\"1024\" height=\"681\" srcset=\"https:\/\/www.caririemacao.com\/1\/wp-content\/uploads\/2018\/05\/DSC_0071-1024x681.jpg 1024w, https:\/\/www.caririemacao.com\/1\/wp-content\/uploads\/2018\/05\/DSC_0071-1024x681-300x200.jpg 300w, https:\/\/www.caririemacao.com\/1\/wp-content\/uploads\/2018\/05\/DSC_0071-1024x681-768x511.jpg 768w\" sizes=\"(max-width: 1024px) 100vw, 1024px\" \/><\/a><\/p>\n<p>A Prefeitura Municipal de Sum\u00e9 por meio do Cadastro \u00danico, realizou na tarde desta quarta-feira (09\/05) na C\u00e2mara de Vereadores de Sum\u00e9, um encontro com as gestantes beneficiadas pelo Programa Bolsa Fam\u00edlia.<\/p>\n<p>Na oportunidade, foi esclarecido os cuidados e preven\u00e7\u00f5es, al\u00e9m de tratar sobre os benef\u00edcios mensais durante a gesta\u00e7\u00e3o.<\/p>\n<p><a href=\"http:\/\/caririemacao.com\/1\/?attachment_id=50696\" rel=\"attachment wp-att-50696\"><img decoding=\"async\" class=\"aligncenter size-full wp-image-50696 lazyload\" data-src=\"http:\/\/caririemacao.com\/1\/wp-content\/uploads\/2018\/05\/DSC_0059-1024x811.jpg\" alt=\"\" width=\"1024\" height=\"811\" data-srcset=\"https:\/\/www.caririemacao.com\/1\/wp-content\/uploads\/2018\/05\/DSC_0059-1024x811.jpg 1024w, https:\/\/www.caririemacao.com\/1\/wp-content\/uploads\/2018\/05\/DSC_0059-1024x811-300x238.jpg 300w, https:\/\/www.caririemacao.com\/1\/wp-content\/uploads\/2018\/05\/DSC_0059-1024x811-768x608.jpg 768w\" data-sizes=\"(max-width: 1024px) 100vw, 1024px\" src=\"data:image\/svg+xml;base64,PHN2ZyB3aWR0aD0iMSIgaGVpZ2h0PSIxIiB4bWxucz0iaHR0cDovL3d3dy53My5vcmcvMjAwMC9zdmciPjwvc3ZnPg==\" style=\"--smush-placeholder-width: 1024px; --smush-placeholder-aspect-ratio: 1024\/811;\" \/><\/a><\/p>\n<p>A gestora do Programa Bolsa Fam\u00edlia, Edileide Batista, explicou que durante a gesta\u00e7\u00e3o as mulheres t\u00eam direito ao Benef\u00edcio Vari\u00e1vel \u00e0 Gestante (BVG), um valor complementar que \u00e9 pago durante os 9 meses da gesta\u00e7\u00e3o e 6 meses ap\u00f3s o parto.<\/p>\n<p><a href=\"http:\/\/caririemacao.com\/1\/?attachment_id=50699\" rel=\"attachment wp-att-50699\"><img decoding=\"async\" class=\"aligncenter size-full wp-image-50699 lazyload\" data-src=\"http:\/\/caririemacao.com\/1\/wp-content\/uploads\/2018\/05\/DSC_0046-1024x760.jpg\" alt=\"\" width=\"1024\" height=\"760\" data-srcset=\"https:\/\/www.caririemacao.com\/1\/wp-content\/uploads\/2018\/05\/DSC_0046-1024x760.jpg 1024w, https:\/\/www.caririemacao.com\/1\/wp-content\/uploads\/2018\/05\/DSC_0046-1024x760-300x223.jpg 300w, https:\/\/www.caririemacao.com\/1\/wp-content\/uploads\/2018\/05\/DSC_0046-1024x760-768x570.jpg 768w\" data-sizes=\"(max-width: 1024px) 100vw, 1024px\" src=\"data:image\/svg+xml;base64,PHN2ZyB3aWR0aD0iMSIgaGVpZ2h0PSIxIiB4bWxucz0iaHR0cDovL3d3dy53My5vcmcvMjAwMC9zdmciPjwvc3ZnPg==\" style=\"--smush-placeholder-width: 1024px; --smush-placeholder-aspect-ratio: 1024\/760;\" \/><\/a><\/p>\n<p>A secret\u00e1ria de Sa\u00fade de Sum\u00e9 Alessandra Regina, destacouque a identifica\u00e7\u00e3o das fam\u00edlias eleg\u00edveis ao BVG \u00e9 feita pela secretaria de sa\u00fade, atrav\u00e9s dos dados colhidos pelos agentes comunit\u00e1rios, objetivando o aumento da prote\u00e7\u00e3o \u00e0 m\u00e3e e ao beb\u00ea.<\/p>\n<p>A Secretaria de Sa\u00fade ofertou ainda durante a palestra, a vacina\u00e7\u00e3o contra a gripe H1N1. A enfermeira Larissa Nayane explicou que as gr\u00e1vidas em qualquer idade gestacional e pu\u00e9rperas (at\u00e9 45 dias p\u00f3s-parto) devem ser imunizadas.<\/p>\n<p>Durante o encontro aconteceu o sorteio de brindes e a entrega de repelentes.<\/p>\n<p><strong>CARIRI EM A\u00c7\u00c3O<\/strong><\/p>\n<p><em>Com Ascom\/Foto: Ascom<\/em><\/p>\n<p><strong>Leia mais not\u00edcias em\u00a0<\/strong><a href=\"http:\/\/www.caririemacao.com\/\"><strong>caririemacao.com<\/strong><\/a><strong>, siga nossa p\u00e1gina no\u00a0<\/strong><a href=\"https:\/\/www.facebook.com\/CaririEmAcao\/?ref=aymt_homepage_panel\"><strong>Facebook<\/strong><\/a>,<strong>\u00a0<\/strong><a href=\"https:\/\/www.instagram.com\/cariri_em_acao\/?hl=pt-br\"><strong>Instagram<\/strong><\/a><strong>\u00a0e\u00a0<\/strong><a href=\"https:\/\/www.youtube.com\/channel\/UCAptA0jQuYQy8vMhLt2m4qg\"><strong>Youtube<\/strong><\/a><strong>\u00a0e veja nossas mat\u00e9rias, v\u00eddeos e fotos. Voc\u00ea tamb\u00e9m pode enviar informa\u00e7\u00f5es \u00e0 Reda\u00e7\u00e3o do Portal Cariri em A\u00e7\u00e3o pelo WhatsApp (83) 9 9634.5791, (83) 9 9601-1162.<\/strong><\/p>\n","protected":false},"excerpt":{"rendered":"<p>A Prefeitura Municipal de Sum\u00e9 por meio do Cadastro \u00danico, realizou na tarde desta quarta-feira (09\/05) na C\u00e2mara de Vereadores de Sum\u00e9, um encontro com&hellip; <\/p>\n","protected":false},"author":2,"featured_media":50700,"comment_status":"closed","ping_status":"closed","sticky":false,"template":"","format":"standard","meta":{"sfsi_plus_gutenberg_text_before_share":"","sfsi_plus_gutenberg_show_text_before_share":"","sfsi_plus_gutenberg_icon_type":"","sfsi_plus_gutenberg_icon_alignemt":"","sfsi_plus_gutenburg_max_per_row":"","footnotes":""},"categories":[6],"tags":[],"class_list":["post-50682","post","type-post","status-publish","format-standard","has-post-thumbnail","hentry","category-cidades"],"_links":{"self":[{"href":"https:\/\/www.caririemacao.com\/1\/wp-json\/wp\/v2\/posts\/50682","targetHints":{"allow":["GET"]}}],"collection":[{"href":"https:\/\/www.caririemacao.com\/1\/wp-json\/wp\/v2\/posts"}],"about":[{"href":"https:\/\/www.caririemacao.com\/1\/wp-json\/wp\/v2\/types\/post"}],"author":[{"embeddable":true,"href":"https:\/\/www.caririemacao.com\/1\/wp-json\/wp\/v2\/users\/2"}],"replies":[{"embeddable":true,"href":"https:\/\/www.caririemacao.com\/1\/wp-json\/wp\/v2\/comments?post=50682"}],"version-history":[{"count":0,"href":"https:\/\/www.caririemacao.com\/1\/wp-json\/wp\/v2\/posts\/50682\/revisions"}],"wp:featuredmedia":[{"embeddable":true,"href":"https:\/\/www.caririemacao.com\/1\/wp-json\/wp\/v2\/media\/50700"}],"wp:attachment":[{"href":"https:\/\/www.caririemacao.com\/1\/wp-json\/wp\/v2\/media?parent=50682"}],"wp:term":[{"taxonomy":"category","embeddable":true,"href":"https:\/\/www.caririemacao.com\/1\/wp-json\/wp\/v2\/categories?post=50682"},{"taxonomy":"post_tag","embeddable":true,"href":"https:\/\/www.caririemacao.com\/1\/wp-json\/wp\/v2\/tags?post=50682"}],"curies":[{"name":"wp","href":"https:\/\/api.w.org\/{rel}","templated":true}]}}