{"id":50689,"date":"2018-05-11T19:33:24","date_gmt":"2018-05-11T22:33:24","guid":{"rendered":"http:\/\/caririemacao.com\/1\/?p=50689"},"modified":"2018-05-11T19:35:31","modified_gmt":"2018-05-11T22:35:31","slug":"ligia-feliciano-lanca-pre-candidatura-ao-governo-do-estado-e-para-valer","status":"publish","type":"post","link":"https:\/\/www.caririemacao.com\/1\/2018\/05\/11\/ligia-feliciano-lanca-pre-candidatura-ao-governo-do-estado-e-para-valer\/","title":{"rendered":"L\u00edgia Feliciano lan\u00e7a pr\u00e9-candidatura ao Governo do Estado: \u201c\u00c9 para valer\u201d"},"content":{"rendered":"<p>Cumprindo agenda em Patos, no Sert\u00e3o paraibano, a vice-governadora L\u00edgia Feliciano (PDT) lan\u00e7ou, na manh\u00e3 desta sexta-feira (11), sua pr\u00e9-candidatura ao Governo do Estado nas elei\u00e7\u00f5es 2018.<\/p>\n<p>\u201cAgora \u00e9 pra valer. Sou pr\u00e9-candidata ao Governo do Estado. A gente vai at\u00e9 o fim com a pr\u00e9-candidatura\u201d, destacou a pedetista em entrevista ao rep\u00f3rter da Arapuan FM em Patos, Jamerson Ferreira.<\/p>\n<p>L\u00edgia afirmou que j\u00e1 come\u00e7a a cumprir agenda de pr\u00e9-campanha. Para oficializar a pr\u00e9-candidatura, a\u00a0 m\u00e9dica disse que pretende at\u00e9 o fim do m\u00eas realizar um encontro na Capital com a presen\u00e7a do pr\u00e9-candidato a presidente da Rep\u00fablica pelo PDT, Ciro Gomes, e a c\u00fapula do partido.\u00a0Ela ressaltou que sua candidatura \u00e9 governista e que continuar\u00e1 defendo os projetos implantados pela atual gest\u00e3o.<\/p>\n<p>O an\u00fancio de L\u00edgia p\u00f5e fim a queda de bra\u00e7o com o governador Ricardo Coutinho (PSB). O jornal \u2018Estad\u00e3o\u2019 chegou a publicar mat\u00e9ria destacando que o PDT poderia abdicar da candidatura na Para\u00edba para apoiar o candidato do PSB, Jo\u00e3o Azev\u00eado. A articula\u00e7\u00e3o seria da c\u00fapula do partido, para que a candidatura de Ciro recebesse o apoio do PSB.<\/p>\n<p><strong>CARIRI EM A\u00c7\u00c3O<\/strong><\/p>\n<p><em>Com\u00a0MaisPB\/Foto: Reprodu\u00e7\u00e3o Internet<\/em><\/p>\n<p><strong>Leia mais not\u00edcias em\u00a0<\/strong><a href=\"http:\/\/www.caririemacao.com\/\"><strong>caririemacao.com<\/strong><\/a><strong>, siga nossa p\u00e1gina no\u00a0<\/strong><a href=\"https:\/\/www.facebook.com\/CaririEmAcao\/?ref=aymt_homepage_panel\"><strong>Facebook<\/strong><\/a>,<strong>\u00a0<\/strong><a href=\"https:\/\/www.instagram.com\/cariri_em_acao\/?hl=pt-br\"><strong>Instagram<\/strong><\/a><strong>\u00a0e <\/strong><a href=\"https:\/\/www.youtube.com\/channel\/UCAptA0jQuYQy8vMhLt2m4qg\"><strong>Youtube<\/strong><\/a><strong>\u00a0e veja nossas mat\u00e9rias, v\u00eddeos e fotos. Voc\u00ea tamb\u00e9m pode enviar informa\u00e7\u00f5es \u00e0 Reda\u00e7\u00e3o do Portal Cariri em A\u00e7\u00e3o pelo WhatsApp (83) 9 9634.5791, (83) 9 9601-1162.<\/strong><\/p>\n","protected":false},"excerpt":{"rendered":"<p>Cumprindo agenda em Patos, no Sert\u00e3o paraibano, a vice-governadora L\u00edgia Feliciano (PDT) lan\u00e7ou, na manh\u00e3 desta sexta-feira (11), sua pr\u00e9-candidatura ao Governo do Estado nas&hellip; <\/p>\n","protected":false},"author":2,"featured_media":42669,"comment_status":"closed","ping_status":"closed","sticky":false,"template":"","format":"standard","meta":{"sfsi_plus_gutenberg_text_before_share":"","sfsi_plus_gutenberg_show_text_before_share":"","sfsi_plus_gutenberg_icon_type":"","sfsi_plus_gutenberg_icon_alignemt":"","sfsi_plus_gutenburg_max_per_row":"","footnotes":""},"categories":[11],"tags":[],"class_list":["post-50689","post","type-post","status-publish","format-standard","has-post-thumbnail","hentry","category-politica"],"_links":{"self":[{"href":"https:\/\/www.caririemacao.com\/1\/wp-json\/wp\/v2\/posts\/50689","targetHints":{"allow":["GET"]}}],"collection":[{"href":"https:\/\/www.caririemacao.com\/1\/wp-json\/wp\/v2\/posts"}],"about":[{"href":"https:\/\/www.caririemacao.com\/1\/wp-json\/wp\/v2\/types\/post"}],"author":[{"embeddable":true,"href":"https:\/\/www.caririemacao.com\/1\/wp-json\/wp\/v2\/users\/2"}],"replies":[{"embeddable":true,"href":"https:\/\/www.caririemacao.com\/1\/wp-json\/wp\/v2\/comments?post=50689"}],"version-history":[{"count":0,"href":"https:\/\/www.caririemacao.com\/1\/wp-json\/wp\/v2\/posts\/50689\/revisions"}],"wp:featuredmedia":[{"embeddable":true,"href":"https:\/\/www.caririemacao.com\/1\/wp-json\/wp\/v2\/media\/42669"}],"wp:attachment":[{"href":"https:\/\/www.caririemacao.com\/1\/wp-json\/wp\/v2\/media?parent=50689"}],"wp:term":[{"taxonomy":"category","embeddable":true,"href":"https:\/\/www.caririemacao.com\/1\/wp-json\/wp\/v2\/categories?post=50689"},{"taxonomy":"post_tag","embeddable":true,"href":"https:\/\/www.caririemacao.com\/1\/wp-json\/wp\/v2\/tags?post=50689"}],"curies":[{"name":"wp","href":"https:\/\/api.w.org\/{rel}","templated":true}]}}