{"id":50691,"date":"2018-05-11T19:44:06","date_gmt":"2018-05-11T22:44:06","guid":{"rendered":"http:\/\/caririemacao.com\/1\/?p=50691"},"modified":"2018-05-11T19:44:06","modified_gmt":"2018-05-11T22:44:06","slug":"ministro-nega-liminar-para-garantir-representante-de-lula-em-debates","status":"publish","type":"post","link":"https:\/\/www.caririemacao.com\/1\/2018\/05\/11\/ministro-nega-liminar-para-garantir-representante-de-lula-em-debates\/","title":{"rendered":"Ministro nega liminar para garantir representante de Lula em debates"},"content":{"rendered":"<p>O ministro Og Fernandes, do Tribunal Superior Eleitoral (TSE), negou um pedido de liminar (decis\u00e3o provis\u00f3ria) do PT para que fosse garantida a participa\u00e7\u00e3o de um representante do ex-presidente Luiz In\u00e1cio Lula da Silva em debates entre pr\u00e9-candidatos ao Pal\u00e1cio do Planalto.<\/p>\n<p>Desde que Lula foi preso, em 7 de abril, o PT o mant\u00e9m como pr\u00e9-candidato da legenda, afirmando que ir\u00e1 registr\u00e1-lo para concorrer ao pleito.<\/p>\n<p>Pela via judicial, o partido pretendia garantir a presen\u00e7a de um representante de Lula j\u00e1 no ciclo de entrevistas com pr\u00e9-candidatos, iniciado pelo jornal Folha de S.Paulo, pelo portal UOL e pelo SBT.<\/p>\n<p>O partido alegou que Lula n\u00e3o foi convidado apesar de aparecer como \u201cl\u00edder na pesquisa de inten\u00e7\u00e3o de votos\u201d. Os ve\u00edculos de comunica\u00e7\u00e3o estariam com isso violando o princ\u00edpio da isonomia entre os pr\u00e9-candidatos, segundo o PT, ao alegarem que o ex-presidente \u201cestaria indispon\u00edvel para figurar nas entrevistas em decorr\u00eancia de sua pris\u00e3o\u201d.<\/p>\n<p>Ao analisar o caso, Og Fernandes reconheceu a import\u00e2ncia da isonomia, mas destacou n\u00e3o haver dispositivo legal que garanta a participa\u00e7\u00e3o de representante na hip\u00f3tese de impossibilidade de participa\u00e7\u00e3o de determinado candidato.<\/p>\n<p>O ministro disse que o caso n\u00e3o tem precedentes e por isso deve ser examinado em plen\u00e1rio pelo TSE. Enquanto isso n\u00e3o ocorre, ele entendeu n\u00e3o haver urg\u00eancia na concess\u00e3o de liminar, pois \u201co fato de o ciclo de entrevistas j\u00e1 ter se iniciado n\u00e3o impede que, em caso de proced\u00eancia desta representa\u00e7\u00e3o, venha ser garantido \u00e0 agremia\u00e7\u00e3o o direito de indicar algu\u00e9m para ser entrevistado no lugar de seu pr\u00e9-candidato\u201d.<\/p>\n<p><strong>CARIRI EM A\u00c7\u00c3O<\/strong><\/p>\n<p><em>Com Ag\u00eancia Brasil\/Foto: Reprodu\u00e7\u00e3o Internet\u00a0<\/em><\/p>\n<p><strong>Leia mais not\u00edcias em\u00a0<\/strong><a href=\"http:\/\/www.caririemacao.com\/\"><strong>caririemacao.com<\/strong><\/a><strong>, siga nossa p\u00e1gina no\u00a0<\/strong><a href=\"https:\/\/www.facebook.com\/CaririEmAcao\/?ref=aymt_homepage_panel\"><strong>Facebook<\/strong><\/a>,<strong>\u00a0<\/strong><a href=\"https:\/\/www.instagram.com\/cariri_em_acao\/?hl=pt-br\"><strong>Instagram<\/strong><\/a><strong>\u00a0e <\/strong><a href=\"https:\/\/www.youtube.com\/channel\/UCAptA0jQuYQy8vMhLt2m4qg\"><strong>Youtube<\/strong><\/a><strong>\u00a0e veja nossas mat\u00e9rias, v\u00eddeos e fotos. Voc\u00ea tamb\u00e9m pode enviar informa\u00e7\u00f5es \u00e0 Reda\u00e7\u00e3o do Portal Cariri em A\u00e7\u00e3o pelo WhatsApp (83) 9 9634.5791, (83) 9 9601-1162.<\/strong><\/p>\n","protected":false},"excerpt":{"rendered":"<p>O ministro Og Fernandes, do Tribunal Superior Eleitoral (TSE), negou um pedido de liminar (decis\u00e3o provis\u00f3ria) do PT para que fosse garantida a participa\u00e7\u00e3o de&hellip; <\/p>\n","protected":false},"author":2,"featured_media":50695,"comment_status":"closed","ping_status":"closed","sticky":false,"template":"","format":"standard","meta":{"sfsi_plus_gutenberg_text_before_share":"","sfsi_plus_gutenberg_show_text_before_share":"","sfsi_plus_gutenberg_icon_type":"","sfsi_plus_gutenberg_icon_alignemt":"","sfsi_plus_gutenburg_max_per_row":"","footnotes":""},"categories":[1],"tags":[],"class_list":["post-50691","post","type-post","status-publish","format-standard","has-post-thumbnail","hentry","category-o-site"],"_links":{"self":[{"href":"https:\/\/www.caririemacao.com\/1\/wp-json\/wp\/v2\/posts\/50691","targetHints":{"allow":["GET"]}}],"collection":[{"href":"https:\/\/www.caririemacao.com\/1\/wp-json\/wp\/v2\/posts"}],"about":[{"href":"https:\/\/www.caririemacao.com\/1\/wp-json\/wp\/v2\/types\/post"}],"author":[{"embeddable":true,"href":"https:\/\/www.caririemacao.com\/1\/wp-json\/wp\/v2\/users\/2"}],"replies":[{"embeddable":true,"href":"https:\/\/www.caririemacao.com\/1\/wp-json\/wp\/v2\/comments?post=50691"}],"version-history":[{"count":0,"href":"https:\/\/www.caririemacao.com\/1\/wp-json\/wp\/v2\/posts\/50691\/revisions"}],"wp:featuredmedia":[{"embeddable":true,"href":"https:\/\/www.caririemacao.com\/1\/wp-json\/wp\/v2\/media\/50695"}],"wp:attachment":[{"href":"https:\/\/www.caririemacao.com\/1\/wp-json\/wp\/v2\/media?parent=50691"}],"wp:term":[{"taxonomy":"category","embeddable":true,"href":"https:\/\/www.caririemacao.com\/1\/wp-json\/wp\/v2\/categories?post=50691"},{"taxonomy":"post_tag","embeddable":true,"href":"https:\/\/www.caririemacao.com\/1\/wp-json\/wp\/v2\/tags?post=50691"}],"curies":[{"name":"wp","href":"https:\/\/api.w.org\/{rel}","templated":true}]}}