{"id":50698,"date":"2018-05-11T19:53:07","date_gmt":"2018-05-11T22:53:07","guid":{"rendered":"http:\/\/caririemacao.com\/1\/?p=50698"},"modified":"2018-05-11T19:53:07","modified_gmt":"2018-05-11T22:53:07","slug":"divulgada-programacao-da-festa-do-bode-rei","status":"publish","type":"post","link":"https:\/\/www.caririemacao.com\/1\/2018\/05\/11\/divulgada-programacao-da-festa-do-bode-rei\/","title":{"rendered":"Divulgada programa\u00e7\u00e3o da Festa do Bode Rei"},"content":{"rendered":"<p>Foi divulgada nesta sexta-feira (11), a programa\u00e7\u00e3o completa da Festa do Bode Rei, que ser\u00e1 realizada nos dias 1, 2 e 3 de junho, na Roli\u00fade Nordestina.<\/p>\n<p>A festa comemora 20 edi\u00e7\u00f5es e tem o objetivo de agregar aos agricultores e popula\u00e7\u00e3o em geral, t\u00e9cnicas para melhor viv\u00eancia com as adversidades da regi\u00e3o.<\/p>\n<p>O evento, que seguir\u00e1 da sexta ao domingo, traz como tema \u201cO Reino Encantado do Bode Rei\u201d, apresentando a majestade da caprinovinocultura como respons\u00e1vel pela cadeia produtiva do munic\u00edpio.<\/p>\n<p>Confira a programa\u00e7\u00e3o:<\/p>\n<p>PARQUE DO BODE<br \/>\n8h \u2013 Abertura Expofeira de Caprinos e Ovinos (Evento Permanente)<br \/>\n8h30min \u2013 Abertura da I Feira T\u00e9cnica do Agricultor<br \/>\nCursos: Plantio e produ\u00e7\u00e3o de palma forrageira;<br \/>\nAplica\u00e7\u00e3o de medicamentos em pequenos ruminantes.<\/p>\n<p>PRA\u00c7A DO BODE<\/p>\n<p>9h15min \u2013 Hasteamento das Bandeiras com a Marinha do Brasil<\/p>\n<p>9h30min \u2013 Abertura da Expofeira de Artesanato<br \/>\n(Artes\u00e3os locais e da regi\u00e3o exp\u00f5em seus trabalhos numa exposi\u00e7\u00e3o que agrega tradi\u00e7\u00e3o e economia criativa \u2013 Evento permanente da festa)<\/p>\n<p>ROLI\u00daDE RALL<\/p>\n<p>9h40min \u2013 Lan\u00e7amento pela Empresa Brasileira de Correios e Tel\u00e9grafos do Selo Postal \u201c20 anos da Festa do Bode Rei\u201d<br \/>\n10h \u2013 2.\u00aa ed. do Cordel \u201cVocabod\u00e1rio Cabaceir\u00eas\u201d\u2013 Sidney Nunes<br \/>\n10h15min \u2013 I Feira T\u00e9cnica do Agricultor (Cont.)<br \/>\nCursos: Cortes especiais em caprinos;<br \/>\nAvicultura alternativa.<\/p>\n<p>Haver\u00e1 doa\u00e7\u00e3o de palma forrageira resistente a cochonilha do carmim para os participantes do(s) curso(s)<\/p>\n<p>ARRAIAL POPULAR<\/p>\n<p>18h \u2013 Abertura do Espa\u00e7o da Gastronomia Bod\u00edstica<br \/>\n(O sabor de uma culin\u00e1ria tradicional \u2013 Evento permanente)<\/p>\n<p>19h \u2013 Apresenta\u00e7\u00e3o da Quadrilha Junina Arrocha Guri \u2013 Cabaceiras<br \/>\n19h30min \u2013 Concurso da Garota Bode Rei<\/p>\n<p>21h \u00e0s 3h40min \u2013 Forro Bod\u00f3- Arrasta-p\u00e9 com bandas e trios de forr\u00f3:<br \/>\n\u00fc C\u00e9sar Amaral<br \/>\n\u00fc Forr\u00f3 D2<br \/>\n\u00fc J. Show e Chap\u00e9u de Palha<\/p>\n<p>02\/06\/2018 \u2013 S\u00c1BADO<\/p>\n<p>PARQUE DO BODE<\/p>\n<p>6h \u2013 Primeira Ordenha do Concurso de Cabra Leiteira Municipal<br \/>\n9h \u00e0s 17h \u2013 Expofeira de Caprinos e Ovinos \u2013 Evento permanente<br \/>\n11h \u2013 Concurso e Coroa\u00e7\u00e3o do Bode Rei<br \/>\n12h \u2013 Desfile da Comitiva Real pelas ruas da cidade<br \/>\n14:30h \u2013 Futbode<br \/>\n15h \u2013 F\u00f3rmula Bode Mirim<br \/>\n16h \u2013 F\u00f3rmula Bode Adulta<br \/>\n17h \u2013 Desfile da Comitiva Real: Bode Rei e a Cabra Rainha pelas ruas da cidade<br \/>\n18h \u2013 Segunda Ordenha do Concurso de Cabra Leiteira Municipal<\/p>\n<p>Espa\u00e7o Nordeste<\/p>\n<p>9h \u2013 Mutir\u00e3o para novas linhas e renova\u00e7\u00e3o de Cr\u00e9ditos e negocia\u00e7\u00e3o de d\u00e9bitos.<br \/>\nPalestras com o AgroAmigo e Crediamigo do Bando do Nordeste<\/p>\n<p>PRA\u00c7A DO ARTESANATO<\/p>\n<p>9h \u00e0s 17h- Expofeira de Artesanato \u2013 Evento permanente<\/p>\n<p>PALCO CULTURAL<br \/>\n14h30min \u2013 As Bonequinhas do Cariri \u2013 S\u00e3o Jo\u00e3o do Cariri<br \/>\n15h \u2013 Ra\u00edzes Santa Rosa de Boa Vista \u2013 Boa Vista<br \/>\n15h30min \u2013 Grupo \u201cUma Fam\u00edlia em Miss\u00e3o\u201d \u2013 Gurj\u00e3o<br \/>\n16h \u2013 M\u00fasica com Leandro e J\u00fanior<br \/>\n18h30min \u2013 Desfile de moda com artesanato<\/p>\n<p>ARRAIAL POPULAR<\/p>\n<p>10h \u2013 Apresenta\u00e7\u00e3o da Quadrilha Junina da Melhor Idade \u201cRecordar \u00e9 Viver\u201d- Cabaceiras<\/p>\n<p>11h \u00e0 0h \u2013 Forr\u00f3 \u2013 Bod\u00f3 \u2013 Arrasta-p\u00e9 com bandas e trios de forr\u00f3:<br \/>\n11h \u2013 Trio Asa Branca<br \/>\n12h50min \u2013 L\u00facia Lemos<br \/>\n15h10min \u2013 Samara Lacerda<br \/>\n16h \u2013 Concentra\u00e7\u00e3o da Cavalgada Manoel Amaro na Fazenda Beira Rio<br \/>\n18h \u2013 Ave Maria Sertaneja<br \/>\nVioleiros: Erasmo Ferreira e Miro Pereira<br \/>\n19h \u2013 Forr\u00f3 Gente Boa<br \/>\n21h \u2013 Thiaguinho Sales<br \/>\n22h40min \u2013 Forr\u00f3 Anos Dourados<\/p>\n<p>ROLI\u00daDE RALL (Clube Atl\u00e9tico Cabaceirense \u2013 CAC)<\/p>\n<p>Shows a partir das 22h.<\/p>\n<p>Wallas Arrais<br \/>\nWalkiria Santos<br \/>\nJos\u00e9 Orlando<\/p>\n<p>03\/06\/2018 \u2013 DOMINGO<\/p>\n<p>7h \u2013 PEDAL DO BODE REI<br \/>\n(Sa\u00edda da Pra\u00e7a do Artesanato com trilhas pr\u00f3ximo ao Rio Tapero\u00e1, Lajedo Salambaia e Pai Mateus)<\/p>\n<p>PARQUE DO BODE<\/p>\n<p>6h \u2013 \u00daltima Ordenha do Concurso de Cabra Leiteira Municipal<\/p>\n<p>9h \u00e0s 17h \u2013 Expofeira de Caprinos e Ovinos \u2013 Evento Permanente<\/p>\n<p>8h \u2013 F\u00f3rmula Bode Feminino<br \/>\n8h30min \u2013 Cabra-Cega<br \/>\n9h \u2013 Gincana do Bode<br \/>\n15h30min \u2013 Pega Bode<br \/>\n16h15min \u2013 Premia\u00e7\u00e3o do Concurso Cabra Leiteira Municipal<br \/>\n17h \u2013 Desfile da Comitiva Real pelas ruas da cidade<br \/>\n17h30min \u2013 Enceramento da Expofeira de Animais<\/p>\n<p>PRA\u00c7A DO ARTESANATO<\/p>\n<p>9h \u00e0s 20h- Expofeira de Artesanato \u2013 Evento permanente<\/p>\n<p>PALCO CULTURAL<\/p>\n<p>9h30min \u2013 Sons do Sil\u00eancio<br \/>\n10h20min \u2013 Apresenta\u00e7\u00e3o do Ponto de Cultura Marcas Vivas de Cabaceiras<br \/>\n11h \u2013 Apresenta\u00e7\u00e3o do Cordel de Paulinho de Cabaceiras<br \/>\n14h30min \u2013 Grupo \u201cO Amor Vencer\u00e1\u201d \u2013 Distrito de Ribeira- Cabaceiras<br \/>\n15h \u2013 Grupo de Dan\u00e7a Potyra \u2013 Barra de S\u00e3o Miguel<br \/>\n15h30min \u2013 Grupo Imburana de Dan\u00e7as Populares \u2013 UFPB- Jo\u00e3o Pessoa<\/p>\n<p>16h30min \u2013 Comenda Bode Rei<\/p>\n<p>Est\u00e1tua do Bode entregue aos melhores parceiros em nosso munic\u00edpio \u2013 \u201c20 anos do Bode Rei\u201d<\/p>\n<p>ARRAIAL POPULAR<\/p>\n<p>9h- Quadrilha Tradi\u00e7\u00e3o Nordestina \u2013 Coxixola<\/p>\n<p>10h \u00e0s 22h20min \u2013 Forr\u00f3 \u2013 Bod\u00f3 \u2013 Arrasta-p\u00e9 com bandas e trios de forr\u00f3:<br \/>\nFam\u00edlia Feliz<br \/>\nDomingos Acyoli<br \/>\nForr\u00f3 Bode Rei<br \/>\nBerinho do Acordion<br \/>\nKlever Lemos<br \/>\nSussa de Monteiro<\/p>\n<p>ROLI\u00daDE RALL (Clube Atl\u00e9tico Cabaceirense \u2013 CAC)<\/p>\n<p>Shows a partir das 22h.<\/p>\n<p>Jonas Esticado<br \/>\nJ.Show e Forr\u00f3 Chap\u00e9u de Palha<br \/>\nTales Lessa<\/p>\n<p>MaisPB<\/p>\n<p>&nbsp;<\/p>\n","protected":false},"excerpt":{"rendered":"<p>Foi divulgada nesta sexta-feira (11), a programa\u00e7\u00e3o completa da Festa do Bode Rei, que ser\u00e1 realizada nos dias 1, 2 e 3 de junho, na&hellip; <\/p>\n","protected":false},"author":2,"featured_media":50707,"comment_status":"closed","ping_status":"closed","sticky":false,"template":"","format":"standard","meta":{"sfsi_plus_gutenberg_text_before_share":"","sfsi_plus_gutenberg_show_text_before_share":"","sfsi_plus_gutenberg_icon_type":"","sfsi_plus_gutenberg_icon_alignemt":"","sfsi_plus_gutenburg_max_per_row":"","footnotes":""},"categories":[6],"tags":[],"class_list":["post-50698","post","type-post","status-publish","format-standard","has-post-thumbnail","hentry","category-cidades"],"_links":{"self":[{"href":"https:\/\/www.caririemacao.com\/1\/wp-json\/wp\/v2\/posts\/50698","targetHints":{"allow":["GET"]}}],"collection":[{"href":"https:\/\/www.caririemacao.com\/1\/wp-json\/wp\/v2\/posts"}],"about":[{"href":"https:\/\/www.caririemacao.com\/1\/wp-json\/wp\/v2\/types\/post"}],"author":[{"embeddable":true,"href":"https:\/\/www.caririemacao.com\/1\/wp-json\/wp\/v2\/users\/2"}],"replies":[{"embeddable":true,"href":"https:\/\/www.caririemacao.com\/1\/wp-json\/wp\/v2\/comments?post=50698"}],"version-history":[{"count":0,"href":"https:\/\/www.caririemacao.com\/1\/wp-json\/wp\/v2\/posts\/50698\/revisions"}],"wp:featuredmedia":[{"embeddable":true,"href":"https:\/\/www.caririemacao.com\/1\/wp-json\/wp\/v2\/media\/50707"}],"wp:attachment":[{"href":"https:\/\/www.caririemacao.com\/1\/wp-json\/wp\/v2\/media?parent=50698"}],"wp:term":[{"taxonomy":"category","embeddable":true,"href":"https:\/\/www.caririemacao.com\/1\/wp-json\/wp\/v2\/categories?post=50698"},{"taxonomy":"post_tag","embeddable":true,"href":"https:\/\/www.caririemacao.com\/1\/wp-json\/wp\/v2\/tags?post=50698"}],"curies":[{"name":"wp","href":"https:\/\/api.w.org\/{rel}","templated":true}]}}