{"id":50702,"date":"2018-05-11T19:49:03","date_gmt":"2018-05-11T22:49:03","guid":{"rendered":"http:\/\/caririemacao.com\/1\/?p=50702"},"modified":"2018-05-11T19:49:03","modified_gmt":"2018-05-11T22:49:03","slug":"dia-d-de-vacinacao-contra-gripe-sera-no-sabado-12-em-sume","status":"publish","type":"post","link":"https:\/\/www.caririemacao.com\/1\/2018\/05\/11\/dia-d-de-vacinacao-contra-gripe-sera-no-sabado-12-em-sume\/","title":{"rendered":"Dia D\u2019 de vacina\u00e7\u00e3o contra gripe ser\u00e1 no s\u00e1bado (12) em Sum\u00e9"},"content":{"rendered":"<p>A Secretaria de Sa\u00fade de Sum\u00e9 informa que o \u2018Dia D\u2019 de vacina\u00e7\u00e3o contra a gripe ser\u00e1 no pr\u00f3ximo s\u00e1bado (12).<\/p>\n<p>Neste dia as Unidades B\u00e1sicas de Sa\u00fade (UBS) do munic\u00edpio estar\u00e3o abertas das 8h \u00e1s 14h para atender os grupos priorit\u00e1rios que incluem crian\u00e7as entre idades de seis meses a cinco anos incompletos, gr\u00e1vidas em qualquer idade gestacional, mulheres que est\u00e3o amamentando at\u00e9 45 dias ap\u00f3s o parto, pessoas com 60 anos ou mais, pessoas com doen\u00e7as cr\u00f4nicas, al\u00e9m de outras categorias de risco cl\u00ednico e ind\u00edgenas.<\/p>\n<p>Integram ainda os grupos priorit\u00e1rios a popula\u00e7\u00e3o carcer\u00e1ria (detentos), funcion\u00e1rios do sistema prisional, jovens que cumprem medidas socioeducativas, professores e trabalhadores da sa\u00fade.<\/p>\n<p>Pais ou respons\u00e1veis por crian\u00e7as na faixa et\u00e1ria de seis meses a cinco anos de idade incompletos devem levar a caderneta de vacina\u00e7\u00e3o e doentes cr\u00f4nicos devem estar munidos do diagn\u00f3stico.<\/p>\n<p>A campanha teve in\u00edcio dia 23 de abril e segue at\u00e9 1\u00ba de junho.<\/p>\n<p><strong>CARIRI EM A\u00c7\u00c3O<\/strong><\/p>\n<p><em>Com Ascom\/Foto: Ascom<\/em><\/p>\n<p><strong>Leia mais not\u00edcias em\u00a0<\/strong><a href=\"http:\/\/www.caririemacao.com\/\"><strong>caririemacao.com<\/strong><\/a><strong>, siga nossa p\u00e1gina no\u00a0<\/strong><a href=\"https:\/\/www.facebook.com\/CaririEmAcao\/?ref=aymt_homepage_panel\"><strong>Facebook<\/strong><\/a>,<strong>\u00a0<\/strong><a href=\"https:\/\/www.instagram.com\/cariri_em_acao\/?hl=pt-br\"><strong>Instagram<\/strong><\/a><strong>\u00a0e\u00a0<\/strong><a href=\"https:\/\/www.youtube.com\/channel\/UCAptA0jQuYQy8vMhLt2m4qg\"><strong>Youtube<\/strong><\/a><strong>\u00a0e veja nossas mat\u00e9rias, v\u00eddeos e fotos. Voc\u00ea tamb\u00e9m pode enviar informa\u00e7\u00f5es \u00e0 Reda\u00e7\u00e3o do Portal Cariri em A\u00e7\u00e3o pelo WhatsApp (83) 9 9634.5791, (83) 9 9601-1162.<\/strong><\/p>\n","protected":false},"excerpt":{"rendered":"<p>A Secretaria de Sa\u00fade de Sum\u00e9 informa que o \u2018Dia D\u2019 de vacina\u00e7\u00e3o contra a gripe ser\u00e1 no pr\u00f3ximo s\u00e1bado (12). Neste dia as Unidades&hellip; <\/p>\n","protected":false},"author":2,"featured_media":50703,"comment_status":"closed","ping_status":"closed","sticky":false,"template":"","format":"standard","meta":{"sfsi_plus_gutenberg_text_before_share":"","sfsi_plus_gutenberg_show_text_before_share":"","sfsi_plus_gutenberg_icon_type":"","sfsi_plus_gutenberg_icon_alignemt":"","sfsi_plus_gutenburg_max_per_row":"","footnotes":""},"categories":[2],"tags":[],"class_list":["post-50702","post","type-post","status-publish","format-standard","has-post-thumbnail","hentry","category-geral"],"_links":{"self":[{"href":"https:\/\/www.caririemacao.com\/1\/wp-json\/wp\/v2\/posts\/50702","targetHints":{"allow":["GET"]}}],"collection":[{"href":"https:\/\/www.caririemacao.com\/1\/wp-json\/wp\/v2\/posts"}],"about":[{"href":"https:\/\/www.caririemacao.com\/1\/wp-json\/wp\/v2\/types\/post"}],"author":[{"embeddable":true,"href":"https:\/\/www.caririemacao.com\/1\/wp-json\/wp\/v2\/users\/2"}],"replies":[{"embeddable":true,"href":"https:\/\/www.caririemacao.com\/1\/wp-json\/wp\/v2\/comments?post=50702"}],"version-history":[{"count":0,"href":"https:\/\/www.caririemacao.com\/1\/wp-json\/wp\/v2\/posts\/50702\/revisions"}],"wp:featuredmedia":[{"embeddable":true,"href":"https:\/\/www.caririemacao.com\/1\/wp-json\/wp\/v2\/media\/50703"}],"wp:attachment":[{"href":"https:\/\/www.caririemacao.com\/1\/wp-json\/wp\/v2\/media?parent=50702"}],"wp:term":[{"taxonomy":"category","embeddable":true,"href":"https:\/\/www.caririemacao.com\/1\/wp-json\/wp\/v2\/categories?post=50702"},{"taxonomy":"post_tag","embeddable":true,"href":"https:\/\/www.caririemacao.com\/1\/wp-json\/wp\/v2\/tags?post=50702"}],"curies":[{"name":"wp","href":"https:\/\/api.w.org\/{rel}","templated":true}]}}