{"id":50711,"date":"2018-05-11T20:03:39","date_gmt":"2018-05-11T23:03:39","guid":{"rendered":"http:\/\/caririemacao.com\/1\/?p=50711"},"modified":"2018-05-12T01:38:54","modified_gmt":"2018-05-12T04:38:54","slug":"o-governo-de-lula-nunca-foi-de-esquerda-diz-presidenciavel-aldo-rebelo","status":"publish","type":"post","link":"https:\/\/www.caririemacao.com\/1\/2018\/05\/11\/o-governo-de-lula-nunca-foi-de-esquerda-diz-presidenciavel-aldo-rebelo\/","title":{"rendered":"&#8220;O governo de Lula nunca foi de esquerda&#8221;, diz presidenci\u00e1vel Aldo Rebelo"},"content":{"rendered":"<p>Ao longo de quatro d\u00e9cadas no PCdoB (Partido Comunista do Brasil), o\u00a0alagoano Aldo Rebelo, 62, foi deputado federal por 14 anos, alcan\u00e7ou a Presid\u00eancia da C\u00e2mara e comandou quatro minist\u00e9rios nos governos dos ex-presidentes Luiz In\u00e1cio Lula da Silva e Dilma Rousseff, ambos do PT (Partido dos Trabalhadores).<\/p>\n<p>Em 2017, Aldo resolveu mudar de ares. Migrou para o PSB (Partido Socialista Brasileiro), mas ficou s\u00f3 um semestre na sigla. No m\u00eas passado, filiou-se ao Solidariedade, que \u00e9 presidido pelo deputado federal Paulinho da For\u00e7a e foi um dos l\u00edderes do movimento que culminou no impeachment de Dilma. Rec\u00e9m-chegado na\u00a0nova casa,\u00a0foi lan\u00e7ado como pr\u00e9-candidato ao Pal\u00e1cio do Planalto.<\/p>\n<p>Na ter\u00e7a-feira (8), ele foi um dos 11 presidenci\u00e1veis que participaram de\u00a0evento da FNP (Frente Nacional de Prefeitos), em Niter\u00f3i (RJ), onde concedeu entrevista ao\u00a0UOL\u00a0na qual falou sobre sua plataforma eleitoral e da impress\u00e3o de que a divis\u00e3o do pa\u00eds entre esquerda e direita \u00e9 &#8220;falsa&#8221;.<\/p>\n<p>&#8220;\u00c9 artificial e n\u00e3o consegue nem explicar e nem propor uma sa\u00edda para o Brasil. H\u00e1 uma agenda que \u00e9 capaz de unir for\u00e7as amplas que est\u00e3o naturalmente acima deste espectro ideol\u00f3gico que muitas vezes tem dividido uma parte da sociedade. A sa\u00edda para o pa\u00eds pode e deve reunir amplas for\u00e7as pol\u00edticas, sociais, econ\u00f4micas&#8221;, apontou Rebelo.<\/p>\n<p>A pouco menos de cinco meses do primeiro turno das elei\u00e7\u00f5es, 21 dos 35 partidos brasileiros anunciaram pr\u00e9-candidatos ou t\u00eam interessados em disputar a Presid\u00eancia da Rep\u00fablica. Para Rebelo, essa &#8220;pulveriza\u00e7\u00e3o&#8221; deve diminuir at\u00e9 15 de agosto, data limite para que as legendas registrem oficialmente suas candidaturas.<\/p>\n<p>&#8220;Acho que l\u00e1 para o fim de junho, julho, haver\u00e1 uma rearruma\u00e7\u00e3o de for\u00e7as&#8221;, palpitou, a pedido da reportagem. &#8220;E acho que quem tiver uma agenda que explique e que procure solu\u00e7\u00f5es para os problemas do pa\u00eds tem possibilidade de juntar. Ah, &#8216;o Lula n\u00e3o juntou?'&#8221;, continuou o presidenci\u00e1vel, apresentando em seguida um diagn\u00f3stico sobre o governo Lula.<\/p>\n<p><cite>&#8220;&#8216;Ah, o governo de Lula era de esquerda&#8217;. Nunca foi de esquerda&#8221;<\/cite><br \/>\n<strong>Aldo Rebelo, pr\u00e9-candidato do Solidariedade \u00e0 Presid\u00eancia da Rep\u00fablica<\/strong><\/p>\n<p>O ex-ministro lembrou ent\u00e3o que o vice do petista, Jos\u00e9 Alencar (1931-2011), era &#8220;um grande empres\u00e1rio&#8221;, que havia presidido &#8220;uma das federa\u00e7\u00f5es de ind\u00fastrias mais importante do pa\u00eds&#8221;, a de Minas Gerais.<\/p>\n<p>&#8220;O ministro da Agricultura, quem era? Roberto Rodrigues [de 2003 a 2006]. Pode ser tudo, \u00e9 meu amigo, mas n\u00e3o \u00e9 de esquerda&#8221;, comentou, mencionando ainda o ex-ministro do Desenvolvimento, Ind\u00fastria e Com\u00e9rcio Exterior, Luiz Fernando Furlan, que \u00e9 herdeiro da fam\u00edlia que fundou a antiga Sadia e conselheiro da BRF, resultado da fus\u00e3o com a Perdig\u00e3o.<\/p>\n<p>Em suma, opinou, foi um &#8220;governo de composi\u00e7\u00e3o, que reunia for\u00e7as desenvolvimentistas com for\u00e7as trabalhistas&#8221;. &#8220;Por que \u00e9 que voc\u00ea agora tem que fragmentar o pa\u00eds numa agenda que ao inv\u00e9s de reunir energias para remover os obst\u00e1culos, cria mais obst\u00e1culos?&#8221;, questionou.<\/p>\n<p><strong>&#8220;Vice n\u00e3o \u00e9 meta&#8221;<\/strong><\/p>\n<p>Com esse entendimento, ele e o Solidariedade t\u00eam procurado\u00a0&#8220;conversar amplamente&#8221; com outros partidos. &#8220;N\u00e3o temos o exclusivismo de achar que s\u00f3 n\u00f3s nos bastamos [&#8230;] Sem di\u00e1logo, sem conversa, como \u00e9 que voc\u00ea faz a pol\u00edtica?&#8221;.<\/p>\n<p>Questionado se estaria disposto a abrir m\u00e3o de disputar ou integrar outra chapa, Aldo disse que o momento \u00e9 de cada candidatura cuidar de consolidar suas bases. &#8220;Voc\u00ea n\u00e3o pode come\u00e7ar um campeonato dizendo que \u00e9 candidato a vice. Vice n\u00e3o \u00e9 uma meta. Ent\u00e3o a nossa candidatura \u00e9 a presidente da Rep\u00fablica&#8221;, declarou.<\/p>\n<p>O presidenci\u00e1vel disse ter recebido ofertas com propostas de nomes para vice de sua chapa, mas que os manteria em sigilo a pedido dos interessados. Revelou, por\u00e9m, que diante da base sindical de seu partido, &#8220;\u00e9 mais natural que o meu vice possa ter um perfil mais liberal [&#8230;], para fazer uma composi\u00e7\u00e3o representativa da sociedade brasileira&#8221;.<\/p>\n<p>At\u00e9 o momento, Aldo ainda n\u00e3o foi testado em pesquisas eleitorais. E se nega a fazer qualquer progn\u00f3stico, pelo menos em p\u00fablico. &#8220;Expectativa de pesquisa que n\u00e3o foi divulgada n\u00e3o adianta nada.&#8221;<\/p>\n<p><strong>Plano para o Brasil<\/strong><\/p>\n<p>Ao construir a plataforma de seu eventual governo, o pr\u00e9-candidato decidiu alicer\u00e7\u00e1-la em tr\u00eas eixos: o da redu\u00e7\u00e3o das desigualdades, o do combate ao desemprego e o do fortalecimento da democracia.<\/p>\n<p>&#8220;Voc\u00ea v\u00ea em metr\u00f3poles como S\u00e3o Paulo ou outras do Nordeste as pessoas procurando lenha na rua para cozinhar porque n\u00e3o conseguem pagar R$ 70, R$ 80 por um botij\u00e3o de g\u00e1s. O pa\u00eds tem que colocar essa quest\u00e3o no centro do debate&#8221;, declarou.<\/p>\n<p>No entendimento do pr\u00e9-candidato, a luta contra o desequil\u00edbrio social n\u00e3o se limita aos pobres e a quest\u00e3o da falta de emprego no pa\u00eds \u00e9 para ele n\u00e3o apenas um desafio de gest\u00e3o, mas uma &#8220;quest\u00e3o moral da sociedade e dos governantes&#8221;. &#8220;Quem n\u00e3o tiver o que dizer sobre desemprego n\u00e3o deve nem pretender governar o pa\u00eds.&#8221;<\/p>\n<p>&#8220;Voc\u00ea tem 13 milh\u00f5es de desempregos oficiais\u00a0[s\u00e3o 13,7 milh\u00f5es, segundo o IBGE]\u00a0sabendo que tem quase outro tanto de desempregados na pr\u00e1tica&#8221;, acrescentou Rebelo, citando o hipot\u00e9tico caso de quem vende \u00e1gua de coco na praia, n\u00e3o est\u00e1 procurando emprego e n\u00e3o consta nos dados oficiais.<\/p>\n<p>Para ele, empres\u00e1rios e trabalhadores s\u00e3o a favor do desenvolvimento. &#8220;\u00c9 ben\u00e9fico para os dois, para o pa\u00eds, gera lucro, emprego, divisas, tributos. Essa agenda \u00e9 muito ampla e n\u00e3o divide quem \u00e9 de esquerda e quem \u00e9 de direita&#8221;, comentou.<\/p>\n<p>Ao falar da defesa da democracia, Aldo demonstra muita preocupa\u00e7\u00e3o. &#8220;As pessoas est\u00e3o quase que substituindo a pol\u00edtica pela viol\u00eancia para resolver as suas viol\u00eancias&#8221;. Citou o\u00a0atentado a bala contra a caravana\u00a0em que estavam dois ex-presidentes da Rep\u00fablica [&#8220;a Dilma e o Lula&#8221;], no interior do Paran\u00e1. Apesar do que disse Rebelo, a ex-presidente Dilma n\u00e3o participava da caravana no momento dos tiros.<\/p>\n<p>&#8220;Onde vai parar uma coisa dessa? Se voc\u00ea quiser vedar o espa\u00e7o pol\u00edtico ao seu advers\u00e1rio e vice-versa, voc\u00ea vai fazer o qu\u00ea? Uma guerra civil espanhola (1936-1939)? N\u00e3o tinha mais o que fazer na pol\u00edtica, as pessoas foram para a viol\u00eancia. Isso precisa ser enfrentado&#8221;, afirmou.<\/p>\n<p><strong>Lula preso<\/strong><\/p>\n<p>Para Rebelo, a pris\u00e3o de Lula, no \u00faltimo dia 7 de abril, estimulou o lan\u00e7amento de novas candidaturas &#8220;tanto no campo mais conservador quanto no chamado mais de esquerda, progressista&#8221;. Indagado em qual deles se enquadra hoje, optou pelo &#8220;campo progressista&#8221;.<\/p>\n<div class=\"mod-foto-embed w615x300\">&#8220;Com a sa\u00edda dele, voc\u00ea teve uma fragmenta\u00e7\u00e3o do quadro sucess\u00f3rio, a multiplica\u00e7\u00e3o do n\u00famero de candidatos, porque todos acham que passam a ter chance com a aus\u00eancia dele, j\u00e1 que ningu\u00e9m chega a 20% [das inten\u00e7\u00f5es de voto] e todo mundo pode chegar a 10%&#8221;, analisou.<\/div>\n<p>O pr\u00e9-candidato disse que deixaria a discuss\u00e3o jur\u00eddica para os advogados do ex-presidente e do PT, que est\u00e3o buscando trazer o ex-presidente de volta \u00e0 disputa. &#8220;Se o Lula n\u00e3o vai ser candidato, a elei\u00e7\u00e3o vai acontecer do mesmo jeito. Ent\u00e3o v\u00e3o ter outras que devem debater os rumos do Brasil.&#8221;<\/p>\n<p>Respeito a Bolsonaro<\/p>\n<p>Com rela\u00e7\u00e3o ao deputado federal Jair Bolsonaro (PSL-RJ), pr\u00e9-candidato \u00e0 Presid\u00eancia que lidera as pesquisas nos cen\u00e1rios sem Lula, ele disse respeitar a candidatura.<\/p>\n<p>&#8220;Quem tem 20% nas pesquisas no pa\u00eds tem uma parcela da popula\u00e7\u00e3o que o acompanha, o segue, o escolhe, e deve ser respeitado&#8221;, afirmou. Aldo frisou, no entanto, que isso n\u00e3o significa que ele concorde ou tenha mesma plataforma que o presidenci\u00e1vel.<\/p>\n<p>&#8220;\u00c9 uma candidatura como as outras. Tem tanta legitimidade quanto as outras, desde que respeite as regras do jogo. Quem n\u00e3o respeita, responde por isso&#8221;, comentou.<\/p>\n<p><strong>Joaquim Barbosa<\/strong><\/p>\n<p>O pr\u00e9-candidato foi avisado pela reportagem do\u00a0<strong>UOL<\/strong>\u00a0sobre o an\u00fancio do ex-presidente do STF (Supremo Tribunal Federal) Joaquim Barbosa de que n\u00e3o pretendia concorrer ao Pal\u00e1cio do Planalto e n\u00e3o escondeu a surpresa com a not\u00edcia.<\/p>\n<p>A filia\u00e7\u00e3o do jurista ao PSB motivou a sa\u00edda de Rebelo do partido. &#8220;Havia uma inclina\u00e7\u00e3o do PSB pela candidatura dele. Eu respeitei&#8221;, comentou. Mesmo assim, ele disse lamentar a decis\u00e3o porque &#8220;a candidatura dele ajudaria a enriquecer o debate, n\u00e3o s\u00f3 com as opini\u00f5es, [mas] com sua hist\u00f3ria&#8221;.<\/p>\n<p>&#8220;Eu n\u00e3o participo da pr\u00e9-elei\u00e7\u00e3o para fazer contraponto a pessoas. \u00c9 para defender ideias, opini\u00f5es, prop\u00f3sitos. Ent\u00e3o desse ponto de vista eu n\u00e3o posso festejar nem celebrar a desist\u00eancia [de Barbosa]&#8221;, comentou.<\/p>\n<p><strong>Interven\u00e7\u00e3o<\/strong><\/p>\n<p>Ministro da Defesa de Dilma entre outubro de 2015 e maio de 2016, Rebelo comandou a\u00e7\u00f5es de GLO (Garantia da Lei e da Ordem) das For\u00e7as Armadas no Rio de Janeiro. &#8220;Quando n\u00f3s faz\u00edamos aqui [no RJ] a GLO custava R$ 1 milh\u00e3o por dia. Esse recurso n\u00e3o \u00e9 pequeno&#8221;, comentou.<\/p>\n<p>Instado a avaliar a interven\u00e7\u00e3o decretada pelo governo federal na \u00e1rea de seguran\u00e7a p\u00fablica do Estado, ele disse considerar uma &#8220;garantia de fracasso&#8221; empregar os militares na repress\u00e3o ao crime comum. &#8220;\u00c9 imposs\u00edvel. As For\u00e7as Armadas n\u00e3o s\u00e3o treinadas, nem adestradas [para isso].&#8221;<\/p>\n<p>&#8220;Eu acho que quando o governo federal tenta talvez transferir o prest\u00edgio e a credibilidade das For\u00e7as Armadas, com essa interven\u00e7\u00e3o, para si, o risco \u00e9 exatamente o contr\u00e1rio, voc\u00ea transferir o desgaste do governo para as For\u00e7as Armadas&#8221;, declarou.<\/p>\n<p>Estimado em aproximadamente R$ 1 bilh\u00e3o, o valor gasto na investida teria mais efic\u00e1cia, para o ex-ministro, &#8220;se fosse transferido para fortalecer as pol\u00edcias militares e civis, para equip\u00e1-las com o que h\u00e1 de mais moderno, trein\u00e1-las&#8221;.<\/p>\n<p>Na opini\u00e3o de Rebelo, a iniciativa tamb\u00e9m seria v\u00e1lida se fosse para oferecer presen\u00e7a ostensiva em eventos como Copa do Mundo, Olimp\u00edada, visita do Papa ou Rio + 20, &#8220;para inibir a pr\u00e1tica do crime, oferecer a imagem e a ideia de seguran\u00e7a&#8221;.<\/p>\n<p><strong>CARIRI EM A\u00c7\u00c3O<\/strong><\/p>\n<p><em>Com G1 \/Foto: Reprodu\u00e7\u00e3o Internet<\/em><\/p>\n<p><strong>Leia mais not\u00edcias em\u00a0<\/strong><a href=\"http:\/\/www.caririemacao.com\/\"><strong>caririemacao.com<\/strong><\/a><strong>, siga nossa p\u00e1gina no\u00a0<\/strong><a href=\"https:\/\/www.facebook.com\/CaririEmAcao\/?ref=aymt_homepage_panel\"><strong>Facebook<\/strong><\/a>,<strong>\u00a0<\/strong><a href=\"https:\/\/www.instagram.com\/cariri_em_acao\/?hl=pt-br\"><strong>Instagram<\/strong><\/a><strong>\u00a0e <\/strong><a href=\"https:\/\/www.youtube.com\/channel\/UCAptA0jQuYQy8vMhLt2m4qg\"><strong>Youtube<\/strong><\/a><strong>\u00a0e veja nossas mat\u00e9rias, v\u00eddeos e fotos. Voc\u00ea tamb\u00e9m pode enviar informa\u00e7\u00f5es \u00e0 Reda\u00e7\u00e3o do Portal Cariri em A\u00e7\u00e3o pelo WhatsApp (83) 9 9634.5791, (83) 9 9601-1162.<\/strong><\/p>\n","protected":false},"excerpt":{"rendered":"<p>Ao longo de quatro d\u00e9cadas no PCdoB (Partido Comunista do Brasil), o\u00a0alagoano Aldo Rebelo, 62, foi deputado federal por 14 anos, alcan\u00e7ou a Presid\u00eancia da&hellip; <\/p>\n","protected":false},"author":2,"featured_media":50758,"comment_status":"closed","ping_status":"closed","sticky":false,"template":"","format":"standard","meta":{"sfsi_plus_gutenberg_text_before_share":"","sfsi_plus_gutenberg_show_text_before_share":"","sfsi_plus_gutenberg_icon_type":"","sfsi_plus_gutenberg_icon_alignemt":"","sfsi_plus_gutenburg_max_per_row":"","footnotes":""},"categories":[11],"tags":[],"class_list":["post-50711","post","type-post","status-publish","format-standard","has-post-thumbnail","hentry","category-politica"],"_links":{"self":[{"href":"https:\/\/www.caririemacao.com\/1\/wp-json\/wp\/v2\/posts\/50711","targetHints":{"allow":["GET"]}}],"collection":[{"href":"https:\/\/www.caririemacao.com\/1\/wp-json\/wp\/v2\/posts"}],"about":[{"href":"https:\/\/www.caririemacao.com\/1\/wp-json\/wp\/v2\/types\/post"}],"author":[{"embeddable":true,"href":"https:\/\/www.caririemacao.com\/1\/wp-json\/wp\/v2\/users\/2"}],"replies":[{"embeddable":true,"href":"https:\/\/www.caririemacao.com\/1\/wp-json\/wp\/v2\/comments?post=50711"}],"version-history":[{"count":0,"href":"https:\/\/www.caririemacao.com\/1\/wp-json\/wp\/v2\/posts\/50711\/revisions"}],"wp:featuredmedia":[{"embeddable":true,"href":"https:\/\/www.caririemacao.com\/1\/wp-json\/wp\/v2\/media\/50758"}],"wp:attachment":[{"href":"https:\/\/www.caririemacao.com\/1\/wp-json\/wp\/v2\/media?parent=50711"}],"wp:term":[{"taxonomy":"category","embeddable":true,"href":"https:\/\/www.caririemacao.com\/1\/wp-json\/wp\/v2\/categories?post=50711"},{"taxonomy":"post_tag","embeddable":true,"href":"https:\/\/www.caririemacao.com\/1\/wp-json\/wp\/v2\/tags?post=50711"}],"curies":[{"name":"wp","href":"https:\/\/api.w.org\/{rel}","templated":true}]}}