{"id":50717,"date":"2018-05-11T20:09:18","date_gmt":"2018-05-11T23:09:18","guid":{"rendered":"http:\/\/caririemacao.com\/1\/?p=50717"},"modified":"2018-05-12T01:31:18","modified_gmt":"2018-05-12T04:31:18","slug":"joao-azevedo-se-compromete-a-asfaltar-estrada-interligando-livramento-a-s-j-dos-cordeiros","status":"publish","type":"post","link":"https:\/\/www.caririemacao.com\/1\/2018\/05\/11\/joao-azevedo-se-compromete-a-asfaltar-estrada-interligando-livramento-a-s-j-dos-cordeiros\/","title":{"rendered":"Jo\u00e3o Azevedo se compromete a asfaltar estrada interligando Livramento a S. J. dos Cordeiros"},"content":{"rendered":"<p>A prefeita de Livramento, Carmelita Ventura, recebeu na manh\u00e3 desta quinta-feira (10) a visita do pr\u00e9-candidato ao Governo do Estado, Jo\u00e3o Azev\u00eado, acompanhado do Deputado Federal e pr\u00e9 candidato ao Senado, Veneziano Vital do R\u00eago, do Deputado Estadual, Genival Matias, e seu irm\u00e3o, Bevilacqua Matias, prefeito do munic\u00edpio de Juazeirinho.<\/p>\n<p>A comitiva foi recepcionada pela prefeita Carmelita Ventura, secret\u00e1rios municipais, vereadores e v\u00e1rios populares.<\/p>\n<p>A prefeita reafirmou apoio a pr\u00e9-candidatura de Jo\u00e3o Azev\u00eado por representar a continuidade dos avan\u00e7os vivenciados pela regi\u00e3o, a exemplo dos investimentos em estradas, na educa\u00e7\u00e3o e na sa\u00fade. \u201c\u00c9 uma alegria imensa receber Jo\u00e3o Az\u00eavedo, Veneziano e sua equipe que representam o trabalho que modificou pra melhor a vida deste Estado. Estou confiante que esse ser\u00e1 um projeto vitorioso\u201d, completou.<\/p>\n<p>Jo\u00e3o Azev\u00eado agradeceu a receptividade das lideran\u00e7as dos dois munic\u00edpios e afirmou que uma das prioridades na futura gest\u00e3o ser\u00e1 a constru\u00e7\u00e3o da estrada ligando Livramento a S\u00e3o Jos\u00e9 dos Cordeiros, que vai integrar o Cariri Oriental ao Cariri Ocidental e gerar desenvolvimento.<\/p>\n<p><strong>CARIRI EM A\u00c7\u00c3O<\/strong><\/p>\n<p><em>Com Ascom<\/em><\/p>\n<p><strong>Leia mais not\u00edcias em\u00a0<\/strong><a href=\"http:\/\/www.caririemacao.com\/\"><strong>caririemacao.com<\/strong><\/a><strong>, siga nossa p\u00e1gina no\u00a0<\/strong><a href=\"https:\/\/www.facebook.com\/CaririEmAcao\/?ref=aymt_homepage_panel\"><strong>Facebook<\/strong><\/a>,<strong>\u00a0<\/strong><a href=\"https:\/\/www.instagram.com\/cariri_em_acao\/?hl=pt-br\"><strong>Instagram<\/strong><\/a><strong>\u00a0e\u00a0<\/strong><a href=\"https:\/\/www.youtube.com\/channel\/UCAptA0jQuYQy8vMhLt2m4qg\"><strong>Youtube<\/strong><\/a><strong>\u00a0e veja nossas mat\u00e9rias, v\u00eddeos e fotos. Voc\u00ea tamb\u00e9m pode enviar informa\u00e7\u00f5es \u00e0 Reda\u00e7\u00e3o do Portal Cariri em A\u00e7\u00e3o pelo WhatsApp (83) 9 9634.5791, (83) 9 9601-1162.<\/strong><\/p>\n","protected":false},"excerpt":{"rendered":"<p>A prefeita de Livramento, Carmelita Ventura, recebeu na manh\u00e3 desta quinta-feira (10) a visita do pr\u00e9-candidato ao Governo do Estado, Jo\u00e3o Azev\u00eado, acompanhado do Deputado&hellip; <\/p>\n","protected":false},"author":2,"featured_media":50754,"comment_status":"closed","ping_status":"closed","sticky":false,"template":"","format":"standard","meta":{"sfsi_plus_gutenberg_text_before_share":"","sfsi_plus_gutenberg_show_text_before_share":"","sfsi_plus_gutenberg_icon_type":"","sfsi_plus_gutenberg_icon_alignemt":"","sfsi_plus_gutenburg_max_per_row":"","footnotes":""},"categories":[11],"tags":[],"class_list":["post-50717","post","type-post","status-publish","format-standard","has-post-thumbnail","hentry","category-politica"],"_links":{"self":[{"href":"https:\/\/www.caririemacao.com\/1\/wp-json\/wp\/v2\/posts\/50717","targetHints":{"allow":["GET"]}}],"collection":[{"href":"https:\/\/www.caririemacao.com\/1\/wp-json\/wp\/v2\/posts"}],"about":[{"href":"https:\/\/www.caririemacao.com\/1\/wp-json\/wp\/v2\/types\/post"}],"author":[{"embeddable":true,"href":"https:\/\/www.caririemacao.com\/1\/wp-json\/wp\/v2\/users\/2"}],"replies":[{"embeddable":true,"href":"https:\/\/www.caririemacao.com\/1\/wp-json\/wp\/v2\/comments?post=50717"}],"version-history":[{"count":0,"href":"https:\/\/www.caririemacao.com\/1\/wp-json\/wp\/v2\/posts\/50717\/revisions"}],"wp:featuredmedia":[{"embeddable":true,"href":"https:\/\/www.caririemacao.com\/1\/wp-json\/wp\/v2\/media\/50754"}],"wp:attachment":[{"href":"https:\/\/www.caririemacao.com\/1\/wp-json\/wp\/v2\/media?parent=50717"}],"wp:term":[{"taxonomy":"category","embeddable":true,"href":"https:\/\/www.caririemacao.com\/1\/wp-json\/wp\/v2\/categories?post=50717"},{"taxonomy":"post_tag","embeddable":true,"href":"https:\/\/www.caririemacao.com\/1\/wp-json\/wp\/v2\/tags?post=50717"}],"curies":[{"name":"wp","href":"https:\/\/api.w.org\/{rel}","templated":true}]}}