{"id":50728,"date":"2018-05-11T20:22:43","date_gmt":"2018-05-11T23:22:43","guid":{"rendered":"http:\/\/caririemacao.com\/1\/?p=50728"},"modified":"2018-05-12T01:35:20","modified_gmt":"2018-05-12T04:35:20","slug":"creche-de-sao-sebastiao-do-umbuzeiro-homenagem-em-comemoracao-ao-dia-das-maes","status":"publish","type":"post","link":"https:\/\/www.caririemacao.com\/1\/2018\/05\/11\/creche-de-sao-sebastiao-do-umbuzeiro-homenagem-em-comemoracao-ao-dia-das-maes\/","title":{"rendered":"Creche de S\u00e3o Sebasti\u00e3o do Umbuzeiro homenagem em comemora\u00e7\u00e3o ao dia das M\u00e3es"},"content":{"rendered":"<p>A Creche Professora Quit\u00e9ria Laurinete Campos, de S\u00e3o Sebasti\u00e3o do Umbuzeiro, realizou na manh\u00e3 desta sexta-feira (11), uma festa em homenagem ao dia das m\u00e3es, que contou com a participa\u00e7\u00e3o da dire\u00e7\u00e3o e dos funcion\u00e1rios, m\u00e3es de alunos e principalmente os alunos que fizeram a homenagem para as suas m\u00e3es.<\/p>\n<p>Sob a orienta\u00e7\u00e3o dos Professores e auxiliares, os alunos fizeram v\u00e1rias apresenta\u00e7\u00f5es de m\u00fasicas alusivas ao dia das m\u00e3es que \u00e9 comemorado neste domingo dia 13 de maio. As m\u00e3es dos alunos acompanharam bastante emocionadas cada apresenta\u00e7\u00e3o de seus filhos.\u00a0\u00a0Depois das apresenta\u00e7\u00f5es foi servido um Caf\u00e9 da Manh\u00e3 para todas as m\u00e3es de alunos.<\/p>\n<p>\u00c9 muito importante manter esse contato com as m\u00e3es, e mostrar os trabalhos realizados pelos alunos aqui da creche, isso vem demostrar o carinho e respeito que a Prefeitura e Profissionais da Creche Professora Quit\u00e9ria Laurinete Campos, t\u00eam com a educa\u00e7\u00e3o de qualidade no nosso munic\u00edpio, a festividade vem aproximar mais ainda os pais e alunos, disse a Diretora da Creche Monik Lyra.<\/p>\n<p><strong>CARIRI EM A\u00c7\u00c3O<\/strong><\/p>\n<p><em>Com Blog do Didi\/Foto:\u00a0Blog do Didi<\/em><\/p>\n<p><strong>Leia mais not\u00edcias em\u00a0<\/strong><a href=\"http:\/\/www.caririemacao.com\/\"><strong>caririemacao.com<\/strong><\/a><strong>, siga nossa p\u00e1gina no\u00a0<\/strong><a href=\"https:\/\/www.facebook.com\/CaririEmAcao\/?ref=aymt_homepage_panel\"><strong>Facebook<\/strong><\/a>,<strong>\u00a0<\/strong><a href=\"https:\/\/www.instagram.com\/cariri_em_acao\/?hl=pt-br\"><strong>Instagram<\/strong><\/a><strong>\u00a0e\u00a0<\/strong><a href=\"https:\/\/www.youtube.com\/channel\/UCAptA0jQuYQy8vMhLt2m4qg\"><strong>Youtube<\/strong><\/a><strong>\u00a0e veja nossas mat\u00e9rias, v\u00eddeos e fotos. Voc\u00ea tamb\u00e9m pode enviar informa\u00e7\u00f5es \u00e0 Reda\u00e7\u00e3o do Portal Cariri em A\u00e7\u00e3o pelo WhatsApp (83) 9 9634.5791, (83) 9 9601-1162.<\/strong><\/p>\n","protected":false},"excerpt":{"rendered":"<p>A Creche Professora Quit\u00e9ria Laurinete Campos, de S\u00e3o Sebasti\u00e3o do Umbuzeiro, realizou na manh\u00e3 desta sexta-feira (11), uma festa em homenagem ao dia das m\u00e3es,&hellip; <\/p>\n","protected":false},"author":2,"featured_media":50759,"comment_status":"closed","ping_status":"closed","sticky":false,"template":"","format":"standard","meta":{"sfsi_plus_gutenberg_text_before_share":"","sfsi_plus_gutenberg_show_text_before_share":"","sfsi_plus_gutenberg_icon_type":"","sfsi_plus_gutenberg_icon_alignemt":"","sfsi_plus_gutenburg_max_per_row":"","footnotes":""},"categories":[2],"tags":[],"class_list":["post-50728","post","type-post","status-publish","format-standard","has-post-thumbnail","hentry","category-geral"],"_links":{"self":[{"href":"https:\/\/www.caririemacao.com\/1\/wp-json\/wp\/v2\/posts\/50728","targetHints":{"allow":["GET"]}}],"collection":[{"href":"https:\/\/www.caririemacao.com\/1\/wp-json\/wp\/v2\/posts"}],"about":[{"href":"https:\/\/www.caririemacao.com\/1\/wp-json\/wp\/v2\/types\/post"}],"author":[{"embeddable":true,"href":"https:\/\/www.caririemacao.com\/1\/wp-json\/wp\/v2\/users\/2"}],"replies":[{"embeddable":true,"href":"https:\/\/www.caririemacao.com\/1\/wp-json\/wp\/v2\/comments?post=50728"}],"version-history":[{"count":0,"href":"https:\/\/www.caririemacao.com\/1\/wp-json\/wp\/v2\/posts\/50728\/revisions"}],"wp:featuredmedia":[{"embeddable":true,"href":"https:\/\/www.caririemacao.com\/1\/wp-json\/wp\/v2\/media\/50759"}],"wp:attachment":[{"href":"https:\/\/www.caririemacao.com\/1\/wp-json\/wp\/v2\/media?parent=50728"}],"wp:term":[{"taxonomy":"category","embeddable":true,"href":"https:\/\/www.caririemacao.com\/1\/wp-json\/wp\/v2\/categories?post=50728"},{"taxonomy":"post_tag","embeddable":true,"href":"https:\/\/www.caririemacao.com\/1\/wp-json\/wp\/v2\/tags?post=50728"}],"curies":[{"name":"wp","href":"https:\/\/api.w.org\/{rel}","templated":true}]}}