{"id":50903,"date":"2018-05-13T14:14:07","date_gmt":"2018-05-13T17:14:07","guid":{"rendered":"http:\/\/caririemacao.com\/1\/?p=50903"},"modified":"2018-05-13T14:14:07","modified_gmt":"2018-05-13T17:14:07","slug":"velorio-de-romulo-acontece-na-camara-municipal-em-campina-grande","status":"publish","type":"post","link":"https:\/\/www.caririemacao.com\/1\/2018\/05\/13\/velorio-de-romulo-acontece-na-camara-municipal-em-campina-grande\/","title":{"rendered":"Vel\u00f3rio de R\u00f4mulo acontece na C\u00e2mara Municipal em Campina Grande"},"content":{"rendered":"<p>A assessoria do deputado federal R\u00f4mulo Gouveia, emitiu nota neste domingo, em que lamenta a morte do parlamentar, como informa local do vel\u00f3rio e seu sepultamento.<\/p>\n<p>\u201c\u00c9 com profundo pesar que comunicamos o falecimento do deputado federal R\u00f4mulo Gouveia, presidente estadual do PSD.<\/p>\n<p>O vel\u00f3rio do deputado federal R\u00f4mulo Gouveia acontece na C\u00e2mara Municipal de Campina Grande, onde ele foi presidente da Casa. A noite, o corpo segue para o Cemit\u00e9rio Campo Santo da Paz, em Campina Grande, onde segue sendo velado at\u00e9 \u00e0s 16 horas desta segunda-feira, quando ser\u00e1 sepultado. O vel\u00f3rio ser\u00e1 aberto ao p\u00fablico.<\/p>\n<p>O Sepultamento ser\u00e1 nesta segunda (14) \u00e0s 16h no Campo Santo Parque da Paz em Campina Grande.<\/p>\n<p>R\u00f4mulo foi v\u00edtima de um infarto fulminante. Ap\u00f3s uma semana hospitalizado, para tratar uma infec\u00e7\u00e3o urin\u00e1ria, ele recebeu alta na noite deste s\u00e1bado. Ao sentir os sintomas do infarto, o deputado foi socorrido para o hospital Ant\u00f4nio Targino, mas n\u00e3o resistiu.<\/p>\n<p>R\u00f4mulo foi vereador de Campina Grande, presidente da C\u00e2mara, deputado estadual e presidente da Assembleia Legislativa da Para\u00edba, vice-governador da Para\u00edba e atualmente era o quarto-secret\u00e1rio da C\u00e2mara Federal, tendo recebido a maior vota\u00e7\u00e3o para ocupar um cargo da Mesa Diretora na hist\u00f3ria do Congresso Nacional.<\/p>\n<p>Filho de Jos\u00e9 Ant\u00f4nio de Gouveia e Berenice de Almeida Gouveia. R\u00f4mulo era casado com a pedagoga e ex-deputada estadual Eva Gouveia. Ele tamb\u00e9m era pai de quatro filhos: Robson, Lucas, Pablo e R\u00f4mulo Filho.<\/p>\n<p>R\u00f4mulo Gouveia foi administrador, bacharel em Direito e funcion\u00e1rio p\u00fablico, foi presidente SAB (Sociedade de Amigos de Bairro) do Jardim Tavares em Campina Grande e da UCES (Uni\u00e3o Campinense de Equipes Sociais). Em 1989 foi convidado para ocupar o cargo de coordenador da Merenda Escolar da 3\u00aa Regi\u00e3o de Ensino em Campina Grande, depois, Diretor Regional da Companhia Estadual de Habita\u00e7\u00e3o Popular em 1991, at\u00e9 entrar na pol\u00edtica em 1992 quando foi eleito vereador.<\/p>\n<p><strong>CARIRI EM A\u00c7\u00c3O<\/strong><\/p>\n<p>Leia mais not\u00edcias em\u00a0<a href=\"http:\/\/www.caririemacao.com\/\">caririemacao.com<\/a>, siga nossa p\u00e1gina no\u00a0<a href=\"https:\/\/www.facebook.com\/CaririEmAcao\/?ref=aymt_homepage_panel\">Facebook<\/a>,\u00a0<a href=\"https:\/\/www.instagram.com\/cariri_em_acao\/?hl=pt-br\">Instagram<\/a>\u00a0e\u00a0<a href=\"https:\/\/www.youtube.com\/channel\/UCAptA0jQuYQy8vMhLt2m4qg\">Youtube<\/a>\u00a0e veja nossas mat\u00e9rias, v\u00eddeos e fotos. Voc\u00ea tamb\u00e9m pode enviar informa\u00e7\u00f5es \u00e0 Reda\u00e7\u00e3o do Portal Cariri em A\u00e7\u00e3o pelo WhatsApp (83) 9 9634.5791, (83) 9 9601-1162.<\/p>\n","protected":false},"excerpt":{"rendered":"<p>A assessoria do deputado federal R\u00f4mulo Gouveia, emitiu nota neste domingo, em que lamenta a morte do parlamentar, como informa local do vel\u00f3rio e seu&hellip; <\/p>\n","protected":false},"author":2,"featured_media":50906,"comment_status":"closed","ping_status":"closed","sticky":false,"template":"","format":"standard","meta":{"sfsi_plus_gutenberg_text_before_share":"","sfsi_plus_gutenberg_show_text_before_share":"","sfsi_plus_gutenberg_icon_type":"","sfsi_plus_gutenberg_icon_alignemt":"","sfsi_plus_gutenburg_max_per_row":"","footnotes":""},"categories":[2],"tags":[],"class_list":["post-50903","post","type-post","status-publish","format-standard","has-post-thumbnail","hentry","category-geral"],"_links":{"self":[{"href":"https:\/\/www.caririemacao.com\/1\/wp-json\/wp\/v2\/posts\/50903","targetHints":{"allow":["GET"]}}],"collection":[{"href":"https:\/\/www.caririemacao.com\/1\/wp-json\/wp\/v2\/posts"}],"about":[{"href":"https:\/\/www.caririemacao.com\/1\/wp-json\/wp\/v2\/types\/post"}],"author":[{"embeddable":true,"href":"https:\/\/www.caririemacao.com\/1\/wp-json\/wp\/v2\/users\/2"}],"replies":[{"embeddable":true,"href":"https:\/\/www.caririemacao.com\/1\/wp-json\/wp\/v2\/comments?post=50903"}],"version-history":[{"count":0,"href":"https:\/\/www.caririemacao.com\/1\/wp-json\/wp\/v2\/posts\/50903\/revisions"}],"wp:featuredmedia":[{"embeddable":true,"href":"https:\/\/www.caririemacao.com\/1\/wp-json\/wp\/v2\/media\/50906"}],"wp:attachment":[{"href":"https:\/\/www.caririemacao.com\/1\/wp-json\/wp\/v2\/media?parent=50903"}],"wp:term":[{"taxonomy":"category","embeddable":true,"href":"https:\/\/www.caririemacao.com\/1\/wp-json\/wp\/v2\/categories?post=50903"},{"taxonomy":"post_tag","embeddable":true,"href":"https:\/\/www.caririemacao.com\/1\/wp-json\/wp\/v2\/tags?post=50903"}],"curies":[{"name":"wp","href":"https:\/\/api.w.org\/{rel}","templated":true}]}}